{"id":13188,"date":"2021-07-07T12:00:13","date_gmt":"2021-07-07T09:00:13","guid":{"rendered":"http:\/\/akdenizolaygazetesi.com\/?p=13188"},"modified":"2021-07-07T12:00:13","modified_gmt":"2021-07-07T09:00:13","slug":"gultak-mersinin-kaybedecek-daha-fazla-vakti-yok","status":"publish","type":"post","link":"https:\/\/akdenizolaygazetesi.com\/?p=13188","title":{"rendered":"G\u00dcLTAK; \u201cMERS\u0130N\u2019\u0130N KAYBEDECEK DAHA FAZLA VAKT\u0130 YOK!\u201d"},"content":{"rendered":"<p>Ba\u015fkan G\u00fcltak; yakla\u015f\u0131k 6 ay \u00f6nce Tar\u0131m ve Orman Bakanl\u0131\u011f\u0131\u2019ndan gelen Mersin\u2019in ikinci etap imar plan\u0131 konusu ile ilgili olarak Mersin B\u00fcy\u00fck\u015fehir Belediyesi\u2019nin 5 binlik imar planlar\u0131n\u0131 en k\u0131sa s\u00fcrede haz\u0131rlamas\u0131 gerekti\u011finin alt\u0131n\u0131 \u00e7izdi; Mersin\u2019in ve Mersinlilerin kaybedecek hi\u00e7 zaman\u0131 kalmad\u0131\u011f\u0131n\u0131 vurgulad\u0131.<br \/>\nAkdeniz Belediye Ba\u015fkan\u0131 M. Mustafa G\u00fcltak, haftan\u0131n belli g\u00fcnlerinde ger\u00e7ekle\u015ftirdi\u011fi ziyaretleri kapsam\u0131nda \u00c7ilek Mahallesi\u2019ni ziyaret etti. AK Parti Akdeniz \u0130l\u00e7e Ba\u015fkanl\u0131\u011f\u0131 y\u00f6neticileri, belediye ba\u015fkan yard\u0131mc\u0131lar\u0131 ve meclis \u00fcyelerinin de e\u015flik etti\u011fi ziyarette Ba\u015fkan G\u00fcltak, mahalleye yap\u0131lan ve yak\u0131n zamanda kazand\u0131r\u0131lacak olan hizmet ve projeleri anlatt\u0131.<br \/>\n\u201cAkdeniz\u2019in imar\u0131 ile ilgili neresinden tutsan\u0131z elinizde kal\u0131yor\u201d<br \/>\nMahalle sakinleri ve esnaflara hitap eden Ba\u015fkan G\u00fcltak, Akdeniz il\u00e7esinin en b\u00fcy\u00fck sorununun \u2018imar\u2019 sorunu oldu\u011funun alt\u0131n\u0131 \u00e7izerek; \u201cKime gitseniz, ya tapusunda s\u0131k\u0131nt\u0131 vard\u0131r, ya hisselidir, ya 18 uygulamas\u0131ndan ma\u011fdur olmu\u015ftur. Veya senet \u00fczerine bir tapu alm\u0131\u015ft\u0131r, \u00fczerine y\u0131llar\u0131n eme\u011fiyle 2 kat\u0131n\u0131 dikmi\u015ftir ya da hi\u00e7 tapusu yoktur\u2026 Akdeniz\u2019in imar konusunda neresinden tutsan\u0131z elinizde kal\u0131yor. Y\u0131llarca da bu konunun \u00fczerine kimse e\u011filmemi\u015f. Birileri, y\u0131llarca bu \u015fehirde, devletin koymu\u015f oldu\u011fu ve belediyelerin uygulad\u0131\u011f\u0131 kanunlar\u0131 hi\u00e7e saym\u0131\u015f, g\u00f6zlerini yummu\u015flar ve istedikleri bir \u015fehir dizayn etmi\u015fler, sonras\u0131n\u0131 maalesef hi\u00e7 d\u00fc\u015f\u00fcnmemi\u015fler\u201d diye konu\u015ftu.<br \/>\n\u201c5 binlik planlar\u0131n acilen bitmesini bekliyoruz\u201d<br \/>\nMersin\u2019in tar\u0131m ile ilgili g\u00f6r\u00fc\u015f\u00fcn\u00fcn de 20 y\u0131ld\u0131r gelmedi\u011fine dikkat \u00e7eken Ba\u015fkan G\u00fcltak; \u201cSay\u0131n L\u00fctfi Elvan Bakan\u0131m\u0131za selam olsun. Say\u0131n Tar\u0131m Bakan\u0131m\u0131z ile yapt\u0131\u011f\u0131 g\u00f6r\u00fc\u015fmeler sonucu yakla\u015f\u0131k 5 ay \u00f6nce bu g\u00f6r\u00fc\u015f de geldi. Zira bu g\u00f6r\u00fc\u015f gelmeden, \u015fehrin imar planlar\u0131 da d\u00fczelmiyor.  B\u00fcy\u00fck\u015fehir Belediyesi 5-6 ayd\u0131r \u00e7al\u0131\u015f\u0131yor. Umar\u0131m yak\u0131n zamanda \u00e7al\u0131\u015fmalar\u0131 bitirirler. \u00c7\u00fcnk\u00fc bu g\u00f6r\u00fc\u015f, \u00c7ay, \u00c7ilek, Kazanl\u0131, Karaduvar ve daha bir\u00e7ok mahallemizi ilgilendiriyor. \u00c7ilek Mahallemize ye\u015fil alanlar, sosyal ve k\u00fclt\u00fcrel tesisler kazand\u0131rmak elbette istiyoruz. Ama bunu yapabilmemiz i\u00e7in B\u00fcy\u00fck\u015fehir\u2019in 5 binlik planlar\u0131 bitirmesi gerekiyor. Ard\u0131ndan da ben ona uygun binlik plan haz\u0131rlayaca\u011f\u0131m, sonra da buran\u0131n projesini \u00e7izdirip, ihalesine \u00e7\u0131kaca\u011f\u0131m\u201d \u015feklinde konu\u015ftu.<\/p>\n<p>Mersin\u2019in kaybedecek daha fazla vakti yok!<br \/>\nBa\u015fkan Mustafa G\u00fcltak; sadece Akdeniz\u2019in de\u011fil, Mersin\u2019in en b\u00fcy\u00fck sorunun imar sorunu oldu\u011funda t\u00fcm yetkililer ve uzmanlar\u0131n hemfikir oldu\u011funa da i\u015faret ederek; \u015f\u00f6yle konu\u015ftu; \u201cMahalle muhtarlar\u0131m\u0131z ve mahalle sakinlerinden tek ricam\u0131z, 5 binlik imar planlar\u0131n\u0131n en k\u0131sa zamanda tamamlanmas\u0131 i\u00e7in Mersin B\u00fcy\u00fck\u015fehir Belediyesi\u2019ni s\u0131k\u0131\u015ft\u0131rmalar\u0131d\u0131r. \u00c7\u00fcnk\u00fc tar\u0131m g\u00f6r\u00fc\u015f\u00fc geleli 6 ay olacak. Ne durumda, ne zaman bitecek? Zaman\u0131m\u0131z h\u0131zla ge\u00e7iyor. \u0130mar dedi\u011finiz \u015fey 3 g\u00fcnde \u00e7\u0131kmaz. Bug\u00fcn ba\u015flasalar ve h\u0131zl\u0131 giderse, B\u00fcy\u00fck\u015fehir ve bizim bitirmemiz 1 y\u0131l\u0131 bulur. Fakat e\u011fer bu i\u015f savsaklan\u0131rsa, bir 2 bu\u00e7uk y\u0131l daha gider ve yeti\u015fmez. \u0130kinci etap imar planlar\u0131 in\u015fallah h\u0131zlan\u0131r. Biz de binli\u011fi yapar\u0131z. Taziye evi s\u00f6z\u00fcm\u00fcz s\u00f6zd\u00fcr. Ama yasal olarak yapmal\u0131y\u0131z. \u00c7\u00fcnk\u00fc y\u0131llarca burada bir\u00e7ok \u015fey ka\u00e7ak yap\u0131lm\u0131\u015f. Sonras\u0131nda toparlamak m\u00fcmk\u00fcn olmuyor.\u201d<br \/>\n\u201cB\u00fcrokrasinin ayak diremesi, vatanda\u015f\u0131 ma\u011fdur ediyor\u201d<br \/>\nMESK\u0130 \u00e7al\u0131\u015fmalar\u0131 sonucu, \u00c7ay ve \u00c7ilek mahallelerinin bozulan sokaklar\u0131na de\u011finen Ba\u015fkan G\u00fcltak; \u201cBask\u0131lar\u0131m\u0131z sonucu bu mahallelerin y\u0131llard\u0131r ya\u015fad\u0131\u011f\u0131 i\u00e7me suyu sorununun \u00e7\u00f6z\u00fcm\u00fc i\u00e7in MESK\u0130 \u00e7al\u0131\u015fma ba\u015flatt\u0131. \u00c7al\u0131\u015fmalar\u0131 yapan m\u00fcteahhit maalesef yollar\u0131 delik de\u015fik etmi\u015f. Bu saatten sonra bu sokaklar\u0131 yama kurtarmaz. Sokak ve kald\u0131r\u0131mlar komple yenilenmeli. Ama bu i\u015fi yapmakla sorumlu olan Akdeniz Belediyesi de\u011fildir. \u0130nsanlar aylard\u0131r feryat ediyor, \u2018tozdan, topraktan, dumandan \u00f6ld\u00fck\u2019 diyorlar. Hakl\u0131lar! MESK\u0130 yetkilileri, sokaklardaki tahribat\u0131n paras\u0131n\u0131 Akdeniz Belediye\u2019sine de\u011fil, B\u00fcy\u00fck\u015fehir\u2019e vereceklerini s\u00f6yledi. Kazd\u0131\u011f\u0131n\u0131z sokaklar\u0131n, k\u0131rd\u0131\u011f\u0131n\u0131z asfalt ve kald\u0131r\u0131mlar\u0131n paras\u0131n\u0131 B\u00fcy\u00fck\u015fehir\u2019e verdiyseniz, B\u00fcy\u00fck\u015fehir yapmak zorundad\u0131r. Ama baz\u0131 b\u00fcrokratlar ortal\u0131\u011f\u0131 kar\u0131\u015ft\u0131r\u0131yor. Say\u0131n Vahap Se\u00e7er\u2019in konuya el ataca\u011f\u0131na; bu mahallelerimizin kangrene d\u00f6n\u00fc\u015fen asfalt sorununu \u00e7\u00f6zece\u011fine eminim ama h\u0131zlanmas\u0131 gerekiyor. \u00c7\u00fcnk\u00fc b\u00fcrokrasi ayak diretiyor. Bunu \u00e7\u00f6zecek olan B\u00fcy\u00fck\u015fehir Belediye Ba\u015fkan\u0131d\u0131r\u201d ifadelerini kulland\u0131.<br \/>\nMuhtar Tomak; \u201cBa\u015fkan\u0131m\u0131z sorunlar\u0131m\u0131zla ilgileniyor, iyi bir ileti\u015fim i\u00e7indeyiz\u201d<br \/>\n\u00c7ilek Mahalle Muhtar\u0131 Selim Tomak ise konu\u015fmas\u0131nda, mahallenin sorunlar\u0131yla yak\u0131ndan ilgilenmesi dolay\u0131s\u0131yla Ba\u015fkan Mustafa G\u00fcltak\u2019a te\u015fekk\u00fcr etti. Ya\u015fad\u0131klar\u0131 bir tak\u0131m s\u0131k\u0131nt\u0131lar\u0131 anlat\u0131p \u00e7\u00f6z\u00fcm i\u00e7in Ba\u015fkan G\u00fcltak\u2019tan destek isteyen Muhtar Tomak; \u201cSay\u0131n Ba\u015fkan\u0131m\u0131zla iyi bir ileti\u015fim i\u00e7indeyiz. Mahallemizle, bizler ve esnaf\u0131m\u0131zla s\u00fcrekli ilgileniyor, g\u00f6r\u00fc\u015f\u00fcyor. Do\u011fru olan da budur. Mahallemizin sorunlar\u0131na g\u00f6sterdi\u011fi hassasiyet nedeniyle te\u015fekk\u00fcr ediyorum\u201d diye konu\u015ftu.<br \/>\n23 Nisan \u0130lkokulu\u2019nun fiziki ko\u015fullar\u0131 iyile\u015ftirilecek<br \/>\n\u00c7ilek Mahallesi Muhtar\u0131 Selim Tomak\u2019\u0131n taleplerini not eden Ba\u015fkan Mustafa G\u00fcltak, b\u00f6lgeye bir PTT \u015fubesi ve banka ATM\u2019si kurulmas\u0131 i\u00e7in yetkililerle g\u00f6r\u00fc\u015fece\u011fini ve s\u00fcreci takip edece\u011fini ifade etti. Mahallede bulunan 23 Nisan \u0130lkokulu \u00f6\u011fretmenleri ile de bir araya gelen Ba\u015fkan G\u00fcltak; okulun fiziki ko\u015fullar\u0131n\u0131n iyile\u015ftirilmesi y\u00f6n\u00fcndeki talepler i\u00e7in ellerinden geleni yapacaklar\u0131n\u0131 s\u00f6yledi.<\/p>\n","protected":false},"excerpt":{"rendered":"<p>Ba\u015fkan G\u00fcltak; yakla\u015f\u0131k 6 ay \u00f6nce Tar\u0131m ve Orman Bakanl\u0131\u011f\u0131\u2019ndan gelen Mersin\u2019in ikinci etap imar plan\u0131 konusu ile ilgili olarak Mersin B\u00fcy\u00fck\u015fehir Belediyesi\u2019nin 5 binlik imar planlar\u0131n\u0131 en k\u0131sa s\u00fcrede &hellip; <a href=\"https:\/\/akdenizolaygazetesi.com\/?p=13188\" class=\"more-link\">Devam\u0131n\u0131 Oku&#8230;<\/a><\/p>\n","protected":false},"author":2,"featured_media":13189,"comment_status":"open","ping_status":"open","sticky":false,"template":"","format":"standard","meta":[],"categories":[3,5],"tags":[],"_links":{"self":[{"href":"https:\/\/akdenizolaygazetesi.com\/index.php?rest_route=\/wp\/v2\/posts\/13188"}],"collection":[{"href":"https:\/\/akdenizolaygazetesi.com\/index.php?rest_route=\/wp\/v2\/posts"}],"about":[{"href":"https:\/\/akdenizolaygazetesi.com\/index.php?rest_route=\/wp\/v2\/types\/post"}],"author":[{"embeddable":true,"href":"https:\/\/akdenizolaygazetesi.com\/index.php?rest_route=\/wp\/v2\/users\/2"}],"replies":[{"embeddable":true,"href":"https:\/\/akdenizolaygazetesi.com\/index.php?rest_route=%2Fwp%2Fv2%2Fcomments&post=13188"}],"version-history":[{"count":1,"href":"https:\/\/akdenizolaygazetesi.com\/index.php?rest_route=\/wp\/v2\/posts\/13188\/revisions"}],"predecessor-version":[{"id":13190,"href":"https:\/\/akdenizolaygazetesi.com\/index.php?rest_route=\/wp\/v2\/posts\/13188\/revisions\/13190"}],"wp:featuredmedia":[{"embeddable":true,"href":"https:\/\/akdenizolaygazetesi.com\/index.php?rest_route=\/wp\/v2\/media\/13189"}],"wp:attachment":[{"href":"https:\/\/akdenizolaygazetesi.com\/index.php?rest_route=%2Fwp%2Fv2%2Fmedia&parent=13188"}],"wp:term":[{"taxonomy":"category","embeddable":true,"href":"https:\/\/akdenizolaygazetesi.com\/index.php?rest_route=%2Fwp%2Fv2%2Fcategories&post=13188"},{"taxonomy":"post_tag","embeddable":true,"href":"https:\/\/akdenizolaygazetesi.com\/index.php?rest_route=%2Fwp%2Fv2%2Ftags&post=13188"}],"curies":[{"name":"wp","href":"https:\/\/api.w.org\/{rel}","templated":true}]}}