{"id":1319,"date":"2020-11-04T18:21:54","date_gmt":"2020-11-04T15:21:54","guid":{"rendered":"http:\/\/mersinekonomipolitikagazetesi.com\/?p=1319"},"modified":"2020-11-04T18:21:54","modified_gmt":"2020-11-04T15:21:54","slug":"mutlular-guliz-ayla-ve-mabel-matiz-ile-costu","status":"publish","type":"post","link":"https:\/\/akdenizolaygazetesi.com\/?p=1319","title":{"rendered":"Mutlular, G\u00fcliz Ayla ve Mabel Matiz ile co\u015ftu"},"content":{"rendered":"<p>Mersin&#8217;in Mut il\u00e7esinde 55. Uluslararas\u0131 Mut Karacao\u011flan, Kay\u0131s\u0131 K\u00fclt\u00fcr ve Sanat Festivali&#8217;nin ilk ak\u015fam\u0131nda, pop m\u00fczi\u011fin sevilen sanat\u00e7\u0131lar\u0131ndan G\u00fcliz Ayla ve Mabel Matiz hayranlar\u0131na unutamayacaklar\u0131 bir konser verdi.<\/p>\n<p>Gecede ilk olarak G\u00fcliz Ayla, ard\u0131ndan Mabel Matiz sahneye \u00e7\u0131kt\u0131. Hayranlar\u0131 \u00fcnl\u00fc sanat\u00e7\u0131lara konser boyunca e\u015flik etti. \u00dcnl\u00fc sanat\u00e7\u0131lara, g\u00fcn\u00fcn an\u0131s\u0131na Karacao\u011flan ve kay\u0131s\u0131 plaketi arma\u011fan edildi. Sanat\u00e7\u0131lara plaketlerini Mut Belediye Ba\u015fkan\u0131 Nebi Y\u0131lmaz verdi.<br \/>\nMut\u2019ta konser vermekten \u00e7ok b\u00fcy\u00fck mutluluk duyduklar\u0131n\u0131 ifade eden G\u00fcliz Ayla ve Mabel Matiz, Belediye Ba\u015fkan\u0131 Nebi Y\u0131lmaz\u2019a te\u015fekk\u00fcr ettiler. G\u00fcliz Ayla, &#8220;Mut&#8217;un kay\u0131s\u0131s\u0131 \u00e7ok lezzetli, hele insanlar\u0131 s\u0131cakkanl\u0131, ne\u015feli olmakla beraber beni de sahnede co\u015fturdular&#8221; dedi.<br \/>\nBa\u015fkan Nebi Y\u0131lmaz da, &#8220;Sizin gibi \u00fcnl\u00fc sanat\u00e7\u0131lar\u0131m\u0131z\u0131 Mut Karacao\u011flan, Kay\u0131s\u0131 K\u00fclt\u00fcr ve Sanat Festivalimizde a\u011f\u0131rlamaktan b\u00fcy\u00fck mutluluk duyduk. M\u00fcziklerinizle bize ne\u015fe katt\u0131n\u0131z te\u015fekk\u00fcr ediyorum&#8221; diye konu\u015ftu.<\/p>\n","protected":false},"excerpt":{"rendered":"<p>Mersin&#8217;in Mut il\u00e7esinde 55. Uluslararas\u0131 Mut Karacao\u011flan, Kay\u0131s\u0131 K\u00fclt\u00fcr ve Sanat Festivali&#8217;nin ilk ak\u015fam\u0131nda, pop m\u00fczi\u011fin sevilen sanat\u00e7\u0131lar\u0131ndan G\u00fcliz Ayla ve Mabel Matiz hayranlar\u0131na unutamayacaklar\u0131 bir konser verdi. Gecede ilk &hellip; <a href=\"https:\/\/akdenizolaygazetesi.com\/?p=1319\" class=\"more-link\">Devam\u0131n\u0131 Oku&#8230;<\/a><\/p>\n","protected":false},"author":1,"featured_media":0,"comment_status":"open","ping_status":"open","sticky":false,"template":"","format":"standard","meta":[],"categories":[],"tags":[],"_links":{"self":[{"href":"https:\/\/akdenizolaygazetesi.com\/index.php?rest_route=\/wp\/v2\/posts\/1319"}],"collection":[{"href":"https:\/\/akdenizolaygazetesi.com\/index.php?rest_route=\/wp\/v2\/posts"}],"about":[{"href":"https:\/\/akdenizolaygazetesi.com\/index.php?rest_route=\/wp\/v2\/types\/post"}],"author":[{"embeddable":true,"href":"https:\/\/akdenizolaygazetesi.com\/index.php?rest_route=\/wp\/v2\/users\/1"}],"replies":[{"embeddable":true,"href":"https:\/\/akdenizolaygazetesi.com\/index.php?rest_route=%2Fwp%2Fv2%2Fcomments&post=1319"}],"version-history":[{"count":0,"href":"https:\/\/akdenizolaygazetesi.com\/index.php?rest_route=\/wp\/v2\/posts\/1319\/revisions"}],"wp:attachment":[{"href":"https:\/\/akdenizolaygazetesi.com\/index.php?rest_route=%2Fwp%2Fv2%2Fmedia&parent=1319"}],"wp:term":[{"taxonomy":"category","embeddable":true,"href":"https:\/\/akdenizolaygazetesi.com\/index.php?rest_route=%2Fwp%2Fv2%2Fcategories&post=1319"},{"taxonomy":"post_tag","embeddable":true,"href":"https:\/\/akdenizolaygazetesi.com\/index.php?rest_route=%2Fwp%2Fv2%2Ftags&post=1319"}],"curies":[{"name":"wp","href":"https:\/\/api.w.org\/{rel}","templated":true}]}}