{"id":13191,"date":"2021-07-07T12:02:27","date_gmt":"2021-07-07T09:02:27","guid":{"rendered":"http:\/\/akdenizolaygazetesi.com\/?p=13191"},"modified":"2021-07-07T12:02:27","modified_gmt":"2021-07-07T09:02:27","slug":"kilicdaroglunun-ilk-ziyareti-kir-ciceklerine-oldu","status":"publish","type":"post","link":"https:\/\/akdenizolaygazetesi.com\/?p=13191","title":{"rendered":"KILI\u00c7DARO\u011eLU\u2019NUN \u0130LK Z\u0130YARET\u0130 KIR \u00c7\u0130\u00c7EKLER\u0130\u2019NE OLDU"},"content":{"rendered":"<p>Cumhuriyet Halk Partisi (CHP) Genel Ba\u015fkan\u0131 Kemal K\u0131l\u0131\u00e7daro\u011flu, bir dizi temasta bulunmak \u00fczere Akdeniz\u2019in incisi Mersin\u2019e geldi. Mersin B\u00fcy\u00fck\u015fehir Belediye Ba\u015fkan\u0131 Vahap Se\u00e7er ile birlikte K\u0131r \u00c7i\u00e7ekleri\u2019ni ziyaret ederek Mersin program\u0131na start veren Kemal K\u0131l\u0131\u00e7daro\u011flu, k\u0131z \u00f6\u011frencilerin Macit \u00d6zcan Spor Kompleksi i\u00e7erisinde kald\u0131\u011f\u0131 \u00d6zel K\u0131r \u00c7i\u00e7ekleri Ortaokul K\u0131z Sporcu Yeti\u015ftirme Yurdu\u2019nda incelemelerde bulundu.<br \/>\nAnkara\u2019daki programlar\u0131 nedeniyle Mersin B\u00fcy\u00fck\u015fehir Belediye Ba\u015fkan\u0131 Vahap Se\u00e7er ve Adana B\u00fcy\u00fck\u015fehir Belediye Ba\u015fkan\u0131 Zeydan Karalar ile birlikte Adana Havaliman\u0131na ini\u015f yapan K\u0131l\u0131\u00e7daro\u011flu\u2019nu CHP Genel Ba\u015fkan Yard\u0131mc\u0131s\u0131 Seyit Torun, CHP Mersin Milletvekilleri, \u0130Y\u0130 Parti Mersin \u0130l Ba\u015fkan\u0131 Mehmet Dutar, CHP Mersin \u0130l Ba\u015fkan\u0131 Adil Aktay, CHP\u2019li il\u00e7e \u00f6rg\u00fct\u00fc temsilcileri ile \u00e7ok say\u0131da partili kar\u015f\u0131lad\u0131.<br \/>\n\u0130lk ziyaret K\u0131r \u00c7i\u00e7ekleri\u2019ne<br \/>\nHavaliman\u0131\u2019nda co\u015fkuyla kar\u015f\u0131lanan K\u0131l\u0131\u00e7daro\u011flu, program\u0131na Ba\u015fkan Se\u00e7er ile birlikte ilk olarak Mersin B\u00fcy\u00fck\u015fehir Belediyesi\u2019nin Gen\u00e7lik ve Spor Hizmetleri Dairesi b\u00fcnyesinde gelece\u011fin sporcular\u0131n\u0131 yeti\u015ftirmek i\u00e7in hayata ge\u00e7irdi\u011fi K\u0131r \u00c7i\u00e7ekleri projesindeki koz sporcular\u0131 ziyaret ederek ba\u015flad\u0131.<br \/>\nK\u0131r \u00c7i\u00e7ekleri\u2019nden CHP liderine s\u00fcrpriz kar\u015f\u0131lama<br \/>\nHeyecanl\u0131 bir bekleyi\u015f ya\u015fayan k\u00fc\u00e7\u00fck sporcular, K\u0131l\u0131\u00e7daro\u011flu\u2019nu mini bir s\u00fcrpriz ile kar\u015f\u0131lad\u0131. Sporcular ellerindeki enstr\u00fcmanlarla CHP Lideri ve beraberindeki heyet i\u00e7in keyifli bir g\u00f6steri yapt\u0131. M\u00fczik g\u00f6sterisinin ard\u0131ndan e\u011fitmenler hayata ge\u00e7irilen proje ve y\u00fcr\u00fct\u00fclen \u00e7al\u0131\u015fmalar hakk\u0131nda bilgiler verdi. Ziyaretten dolay\u0131 b\u00fcy\u00fck mutluluk ya\u015fayan \u00e7ocuklar kendilerini tan\u0131tarak, B\u00fcy\u00fck\u015fehir Belediyesi\u2019nin kendileri i\u00e7in hayata ge\u00e7irdi\u011fi projeden duyduklar\u0131 memnuniyeti dile getirdi.<br \/>\n\u201cBu g\u00fczel tesisi kazand\u0131ran B\u00fcy\u00fck\u015fehir Belediye Ba\u015fkan\u0131m\u0131za y\u00fcrekten te\u015fekk\u00fcr ederim\u201d<br \/>\nKeyifli sohbetlerin ge\u00e7ti\u011fi bulu\u015fmada konu\u015fan Kemal K\u0131l\u0131\u00e7daro\u011flu, k\u0131z \u00e7ocuklar\u0131na \u015f\u00f6yle seslendi:<br \/>\n\u201cAilelerinize benim \u00e7ok selamlar\u0131m\u0131 s\u00f6ylerseniz \u00e7ok mutlu olurum. Hepinize ba\u015far\u0131lar, umar\u0131m hayat\u0131n bir ba\u015fka evresinde tekrar g\u00f6r\u00fc\u015f\u00fcr\u00fcz. O zaman siz daha da b\u00fcy\u00fcyeceksiniz. Belki \u00e7ok daha \u00f6nemli yerlere geleceksiniz. Hepinizin huzurunda bu g\u00fczel tesisi kazand\u0131ran B\u00fcy\u00fck\u015fehir Belediye Ba\u015fkan\u0131m\u0131za da y\u00fcrekten te\u015fekk\u00fcr ederim. Sizlere ba\u015far\u0131 dilemek benim g\u00f6revim. Umar\u0131m keyifli bir birliktelik ya\u015fars\u0131n\u0131z. Arkada\u015flar\u0131n\u0131z olacak ama arkada\u015fl\u0131\u011f\u0131n\u0131z\u0131 ya\u015fam boyu unutmay\u0131n. Dostluklar \u00e7ok \u00f6nemli.\u201d<br \/>\nCHP Lideri Kemal K\u0131l\u0131\u00e7daro\u011flu ziyaretin sonunda \u2018An\u0131 Defteri\u2019ni imzalayarak, Ba\u015fkan Se\u00e7er ve K\u0131r \u00c7i\u00e7ekleri ile birlikte hat\u0131ra foto\u011fraf\u0131 \u00e7ektirdi.<\/p>\n","protected":false},"excerpt":{"rendered":"<p>Cumhuriyet Halk Partisi (CHP) Genel Ba\u015fkan\u0131 Kemal K\u0131l\u0131\u00e7daro\u011flu, bir dizi temasta bulunmak \u00fczere Akdeniz\u2019in incisi Mersin\u2019e geldi. Mersin B\u00fcy\u00fck\u015fehir Belediye Ba\u015fkan\u0131 Vahap Se\u00e7er ile birlikte K\u0131r \u00c7i\u00e7ekleri\u2019ni ziyaret ederek Mersin &hellip; <a href=\"https:\/\/akdenizolaygazetesi.com\/?p=13191\" class=\"more-link\">Devam\u0131n\u0131 Oku&#8230;<\/a><\/p>\n","protected":false},"author":2,"featured_media":13192,"comment_status":"open","ping_status":"open","sticky":false,"template":"","format":"standard","meta":[],"categories":[2,5,6],"tags":[],"_links":{"self":[{"href":"https:\/\/akdenizolaygazetesi.com\/index.php?rest_route=\/wp\/v2\/posts\/13191"}],"collection":[{"href":"https:\/\/akdenizolaygazetesi.com\/index.php?rest_route=\/wp\/v2\/posts"}],"about":[{"href":"https:\/\/akdenizolaygazetesi.com\/index.php?rest_route=\/wp\/v2\/types\/post"}],"author":[{"embeddable":true,"href":"https:\/\/akdenizolaygazetesi.com\/index.php?rest_route=\/wp\/v2\/users\/2"}],"replies":[{"embeddable":true,"href":"https:\/\/akdenizolaygazetesi.com\/index.php?rest_route=%2Fwp%2Fv2%2Fcomments&post=13191"}],"version-history":[{"count":1,"href":"https:\/\/akdenizolaygazetesi.com\/index.php?rest_route=\/wp\/v2\/posts\/13191\/revisions"}],"predecessor-version":[{"id":13193,"href":"https:\/\/akdenizolaygazetesi.com\/index.php?rest_route=\/wp\/v2\/posts\/13191\/revisions\/13193"}],"wp:featuredmedia":[{"embeddable":true,"href":"https:\/\/akdenizolaygazetesi.com\/index.php?rest_route=\/wp\/v2\/media\/13192"}],"wp:attachment":[{"href":"https:\/\/akdenizolaygazetesi.com\/index.php?rest_route=%2Fwp%2Fv2%2Fmedia&parent=13191"}],"wp:term":[{"taxonomy":"category","embeddable":true,"href":"https:\/\/akdenizolaygazetesi.com\/index.php?rest_route=%2Fwp%2Fv2%2Fcategories&post=13191"},{"taxonomy":"post_tag","embeddable":true,"href":"https:\/\/akdenizolaygazetesi.com\/index.php?rest_route=%2Fwp%2Fv2%2Ftags&post=13191"}],"curies":[{"name":"wp","href":"https:\/\/api.w.org\/{rel}","templated":true}]}}