{"id":13194,"date":"2021-07-07T12:04:14","date_gmt":"2021-07-07T09:04:14","guid":{"rendered":"http:\/\/akdenizolaygazetesi.com\/?p=13194"},"modified":"2021-07-07T12:04:14","modified_gmt":"2021-07-07T09:04:14","slug":"meskiye-3-buyuk-proje-icin-hibe-ve-kredi-destegi","status":"publish","type":"post","link":"https:\/\/akdenizolaygazetesi.com\/?p=13194","title":{"rendered":"MESK\u0130\u2019YE 3 B\u00dcY\u00dcK PROJE \u0130\u00c7\u0130N H\u0130BE VE KRED\u0130 DESTE\u011e\u0130"},"content":{"rendered":"<p>Mersin B\u00fcy\u00fck\u015fehir Belediyesi Mersin Su ve Kanalizasyon \u0130daresi (MESK\u0130) Genel M\u00fcd\u00fcrl\u00fc\u011f\u00fc\u2019n\u00fcn hayata ge\u00e7irece\u011fi 3 b\u00fcy\u00fck proje i\u00e7in hibe ve kredi deste\u011fi sa\u011flayan anla\u015fmada imzalar at\u0131ld\u0131. Mersin B\u00fcy\u00fck\u015fehir Belediye Ba\u015fkan\u0131 Vahap Se\u00e7er, MESK\u0130 Genel M\u00fcd\u00fcr Vekili \u0130rfan Korkmaz, \u0130ller Bankas\u0131 Y\u00f6netim Kurulu Ba\u015fkan\u0131 Ertan Yetim ve \u0130ller Bankas\u0131 Genel M\u00fcd\u00fcr\u00fc Yusuf B\u00fcy\u00fck aras\u0131nda 39 milyon 15 bin Avro\u2019luk anla\u015fma imzaland\u0131.<\/p>\n<p>Aralar\u0131nda Mersin B\u00fcy\u00fck\u015fehir Belediyesi\u2019nin de oldu\u011fu belediyelerin; yeni at\u0131k su, i\u00e7me ve ya\u011fmur suyu ile kat\u0131 at\u0131k projelerini i\u00e7eren \u0130LBANK ve Yerel Y\u00f6netimler Alt Finansman Anla\u015fmas\u0131 Ankara\u2019da Cumhurba\u015fkan\u0131 Yard\u0131mc\u0131s\u0131 Fuat Oktay, \u00c7evre ve \u015eehircilik Bakan\u0131 Murat Kurum, Avrupa Birli\u011fi Delegasyonu T\u00fcrkiye Ba\u015fkan\u0131 ve B\u00fcy\u00fckel\u00e7isi Nikolaus Meyer-Landrut ve D\u00fcnya Bankas\u0131 \u00dclke Direkt\u00f6r\u00fc Auguste Tano Kouame\u2019nin kat\u0131l\u0131m\u0131yla imzaland\u0131.<\/p>\n<p>MESK\u0130 Genel M\u00fcd\u00fcrl\u00fc\u011f\u00fc\u2019n\u00fcn a\u00e7\u0131klamas\u0131nda \u015fu ifadeler kullan\u0131ld\u0131:<\/p>\n<p>\u201cMezitli \u0130\u00e7mesuyu Projesi, Erdemli il\u00e7esi T\u00f6m\u00fck ve Arpa\u00e7bah\u015fi\u015f Mahalleleri Kanalizasyon \u015eebekesi, At\u0131ksu Ar\u0131tma Tesisi ve Derin Deniz De\u015farj\u0131 Projeleri ile Akdeniz il\u00e7esi Toroslar, Kazanl\u0131 ve Homurlu Mahalleleri Kanalizasyon \u015eebekesi i\u00e7in \u2018\u0130lbank &#038; MESK\u0130 Genel M\u00fcd\u00fcrl\u00fc\u011f\u00fc Alt Finansman Anla\u015fmas\u0131\u2019na imza atman\u0131n gururunu ya\u015f\u0131yoruz. Turizm, sanayi ve tar\u0131m alan\u0131nda geli\u015fmekte olan ilimizin insan sa\u011fl\u0131\u011f\u0131 a\u00e7\u0131s\u0131ndan ihtiya\u00e7 duydu\u011fu suyun sa\u011fl\u0131kl\u0131 ve kesintisiz temininin sa\u011flanmas\u0131 amac\u0131yla MESK\u0130 Genel M\u00fcd\u00fcrl\u00fc\u011f\u00fcm\u00fczce haz\u0131rlanan; \u2018Mezitli \u0130\u00e7mesuyu Projesi\u2019nin hayata ge\u00e7irilebilmesi i\u00e7in, Avrupa Birli\u011fi\u2019nin T\u00fcrkiye\u2019deki M\u00fclteciler i\u00e7in Mali Yard\u0131m Program\u0131 (FRIT II) kapsam\u0131nda, Avrupa Birli\u011fi (AB) ve Frans\u0131z Kalk\u0131nma Ajans\u0131 (AFD) taraf\u0131ndan finanse edilen, \u0130LBANK A.\u015e. koordinesinde y\u00fcr\u00fct\u00fclen 17.15 milyon Avro hibe de\u011ferinde yap\u0131m i\u015finin y\u00fcr\u00fct\u00fclmesi i\u00e7in ihale haz\u0131rl\u0131klar\u0131nda son a\u015famaya gelindi. \u0130limizde y\u0131llard\u0131r s\u00fcregelen en \u00f6nemli altyap\u0131 sorunlar\u0131na \u00e7\u00f6z\u00fcm \u00fcretmek i\u00e7in de ayn\u0131 Mali Yard\u0131m Program\u0131 (FRIT II) kapsam\u0131nda, Avrupa Birli\u011fi kaynaklar\u0131ndan AFD (Frans\u0131z Kalk\u0131nma Ajans\u0131)  arac\u0131l\u0131\u011f\u0131 ile temin edilen \u2018T\u00f6m\u00fck-Arpa\u00e7bah\u015fi\u015f Kanalizasyon, At\u0131ksu Ar\u0131tma Tesisi ve Derin Deniz De\u015farj\u0131 Projesi\u2019 i\u00e7in 15 milyon Avro kredi ve \u2018Toroslar-Homurlu-Kazanl\u0131 (\u0130lave) Kanalizasyon Projesi\u2019 i\u00e7in 7 milyon Avro hibe deste\u011fi ile \u0130ller Bankas\u0131\u2019n\u0131n koordinesinde projeleri hayata ge\u00e7irece\u011fiz.\u201d<\/p>\n","protected":false},"excerpt":{"rendered":"<p>Mersin B\u00fcy\u00fck\u015fehir Belediyesi Mersin Su ve Kanalizasyon \u0130daresi (MESK\u0130) Genel M\u00fcd\u00fcrl\u00fc\u011f\u00fc\u2019n\u00fcn hayata ge\u00e7irece\u011fi 3 b\u00fcy\u00fck proje i\u00e7in hibe ve kredi deste\u011fi sa\u011flayan anla\u015fmada imzalar at\u0131ld\u0131. Mersin B\u00fcy\u00fck\u015fehir Belediye Ba\u015fkan\u0131 Vahap &hellip; <a href=\"https:\/\/akdenizolaygazetesi.com\/?p=13194\" class=\"more-link\">Devam\u0131n\u0131 Oku&#8230;<\/a><\/p>\n","protected":false},"author":2,"featured_media":13195,"comment_status":"open","ping_status":"open","sticky":false,"template":"","format":"standard","meta":[],"categories":[7,8,3,5],"tags":[],"_links":{"self":[{"href":"https:\/\/akdenizolaygazetesi.com\/index.php?rest_route=\/wp\/v2\/posts\/13194"}],"collection":[{"href":"https:\/\/akdenizolaygazetesi.com\/index.php?rest_route=\/wp\/v2\/posts"}],"about":[{"href":"https:\/\/akdenizolaygazetesi.com\/index.php?rest_route=\/wp\/v2\/types\/post"}],"author":[{"embeddable":true,"href":"https:\/\/akdenizolaygazetesi.com\/index.php?rest_route=\/wp\/v2\/users\/2"}],"replies":[{"embeddable":true,"href":"https:\/\/akdenizolaygazetesi.com\/index.php?rest_route=%2Fwp%2Fv2%2Fcomments&post=13194"}],"version-history":[{"count":1,"href":"https:\/\/akdenizolaygazetesi.com\/index.php?rest_route=\/wp\/v2\/posts\/13194\/revisions"}],"predecessor-version":[{"id":13196,"href":"https:\/\/akdenizolaygazetesi.com\/index.php?rest_route=\/wp\/v2\/posts\/13194\/revisions\/13196"}],"wp:featuredmedia":[{"embeddable":true,"href":"https:\/\/akdenizolaygazetesi.com\/index.php?rest_route=\/wp\/v2\/media\/13195"}],"wp:attachment":[{"href":"https:\/\/akdenizolaygazetesi.com\/index.php?rest_route=%2Fwp%2Fv2%2Fmedia&parent=13194"}],"wp:term":[{"taxonomy":"category","embeddable":true,"href":"https:\/\/akdenizolaygazetesi.com\/index.php?rest_route=%2Fwp%2Fv2%2Fcategories&post=13194"},{"taxonomy":"post_tag","embeddable":true,"href":"https:\/\/akdenizolaygazetesi.com\/index.php?rest_route=%2Fwp%2Fv2%2Ftags&post=13194"}],"curies":[{"name":"wp","href":"https:\/\/api.w.org\/{rel}","templated":true}]}}