{"id":13197,"date":"2021-07-07T12:06:14","date_gmt":"2021-07-07T09:06:14","guid":{"rendered":"http:\/\/akdenizolaygazetesi.com\/?p=13197"},"modified":"2021-07-07T12:06:14","modified_gmt":"2021-07-07T09:06:14","slug":"bu-plaket-belediye-meclisimiz-ve-toroslar-halki-adina-bir-minnet-nisanesidir","status":"publish","type":"post","link":"https:\/\/akdenizolaygazetesi.com\/?p=13197","title":{"rendered":"&#8220;Bu Plaket, Belediye Meclisimiz ve Toroslar Halk\u0131 Ad\u0131na Bir Minnet Ni\u015fanesidir&#8221;"},"content":{"rendered":"<p>Toroslar Belediyesi, tedavi g\u00f6rd\u00fc\u011f\u00fc hastanede, 3 Temmuz Cumartesi g\u00fcn\u00fc hayat\u0131n\u0131 kaybeden belediye meclis \u00fcyesi Mehmet Bulut i\u00e7in anma t\u00f6reni d\u00fczenledi.<\/p>\n<p>Merhum Bulut&#8217;un vefat\u0131ndan dolay\u0131 \u00fcz\u00fcnt\u00fcs\u00fcn\u00fc dile getiren Ba\u015fkan Y\u0131lmaz; &#8220;Nam\u0131di\u011fer C\u0131zz\u0131k Mehmet\u2019i, hep ne\u015feli tav\u0131rlar\u0131yla hat\u0131rlayaca\u011f\u0131z&#8221; dedi.<\/p>\n<p>Toroslar Belediye Meclisi&#8217;nde Temmuz ay\u0131 toplant\u0131s\u0131n\u0131n ikinci oturumu, 62 ya\u015f\u0131nda hayat\u0131n\u0131 kaybeden meclis \u00fcyesi Mehmet Bulut i\u00e7in d\u00fczenlenen anma t\u00f6reniyle duygulu anlara sahne oldu.<\/p>\n<p>Toroslar Belediye Ba\u015fkan\u0131 Ats\u0131z Af\u015f\u0131n Y\u0131lmaz, merhum Bulut&#8217;un ailesini Yunus Emre K\u00fclt\u00fcr Merkezi&#8217;nde ger\u00e7ekle\u015ftirdikleri anma t\u00f6renine davet ederek, ba\u015fsa\u011fl\u0131\u011f\u0131 temennisinde bulundu.<\/p>\n<p>Meclis toplant\u0131s\u0131 \u00f6ncesi Toroslar Belediyesi taraf\u0131ndan haz\u0131rlanan ve merhum Mehmet Bulut&#8217;un \u00f6zge\u00e7mi\u015fini anlatan bir slayt g\u00f6sterimi yap\u0131ld\u0131. Slayt g\u00f6sterimi s\u0131ras\u0131nda merhum Bulut&#8217;un ailesi g\u00f6zya\u015flar\u0131n\u0131 tutamad\u0131.<\/p>\n<p>Ba\u015fkan Y\u0131lmaz, merhum Bulut&#8217;un e\u015fi Fatma Bulut&#8217;a \u00fczerinde Mehmet Bulut&#8217;un resminin bulundu\u011fu bir plaket takdim ederek, ailesine ve sevenlerine sab\u0131rlar diledi.<\/p>\n<p>&#8220;Bu Plaket, Belediye Meclisimiz ve Toroslar Halk\u0131 Ad\u0131na Bir Minnet Ni\u015fanesidir&#8221;<\/p>\n<p>Ba\u015fkan Y\u0131lmaz, Toroslar Belediyesi&#8217;nde uzun y\u0131llard\u0131r meclis \u00fcyeli\u011fi g\u00f6revini y\u00fcr\u00fcten merhum Bulut&#8217;a Allah&#8217;tan rahmet dileyerek; &#8220;Bu plaket, y\u0131llard\u0131r Toroslar\u0131m\u0131za ve Mersinimize hizmet etmi\u015f olan Mehmet a\u011fabeyimize Toroslar Belediye Meclisi ve Toroslar halk\u0131 olarak  iletti\u011fimiz te\u015fekk\u00fcrlerimizin ve minnettarl\u0131\u011f\u0131m\u0131z\u0131n bir ni\u015fanesidir. Mekan\u0131 cennet, ruhu \u015fad olsun&#8221; dedi.<\/p>\n<p>Belediye meclis \u00fcyeleri de s\u00f6z alarak merhum Bulut&#8217;u rahmetle and\u0131 ve ailesine ba\u015fsa\u011fl\u0131\u011f\u0131 dileklerinde bulundu.<\/p>\n<p>Merhum Bulut&#8217;un ailesi de Toroslar Belediye Ba\u015fkan\u0131 Ats\u0131z Af\u015f\u0131n Y\u0131lmaz&#8217;a, d\u00fczenledikleri bu anma program\u0131 dolay\u0131s\u0131yla te\u015fekk\u00fcr etti.<\/p>\n<p>Anma t\u00f6reninin ard\u0131ndan g\u00fcndem maddelerine ge\u00e7ildi. Sayg\u0131 duru\u015fu ve \u0130stiklal Mar\u015f\u0131&#8217;n\u0131n okunmas\u0131 ile ba\u015flayan toplant\u0131da, K\u00fclt\u00fcr ve Turizm Bakanl\u0131\u011f\u0131nca Mersin ili dahilinde ilan edilen turizm merkezlerinin yat\u0131r\u0131ma a\u00e7\u0131lmas\u0131na \u00f6nc\u00fcl\u00fck etmek, b\u00f6lgede turizmi \u00e7e\u015fitlendirmek ve geli\u015fimi i\u00e7in \u00f6nc\u00fc olmak amac\u0131yla Mersin Ticaret ve Sanayi Odas\u0131&#8217;n\u0131n giri\u015fimleriyle Mersin Turizm ve Yat\u0131r\u0131m Anonim \u015eirketi unvan\u0131yla kurulacak olan \u015firkete, Toroslar Belediyesi&#8217;nin ortak olmas\u0131na ili\u015fkin Plan ve B\u00fct\u00e7e Komisyon Raporu g\u00f6r\u00fc\u015f\u00fclerek oy birli\u011fiyle kabul edildi.<\/p>\n<p>Toroslar \u0130l\u00e7esi, 9. Etap 1\/1000 \u00f6l\u00e7ekli \u0130lave-Revizyon Uygulama \u0130mar Plan\u0131&#8217;na ili\u015fkin t\u00fcm komisyonlar\u0131n ortak raporunun da g\u00f6r\u00fc\u015f\u00fclerek kabul edildi\u011fi toplant\u0131, dilek ve temenniler ile son buldu.<\/p>\n","protected":false},"excerpt":{"rendered":"<p>Toroslar Belediyesi, tedavi g\u00f6rd\u00fc\u011f\u00fc hastanede, 3 Temmuz Cumartesi g\u00fcn\u00fc hayat\u0131n\u0131 kaybeden belediye meclis \u00fcyesi Mehmet Bulut i\u00e7in anma t\u00f6reni d\u00fczenledi. Merhum Bulut&#8217;un vefat\u0131ndan dolay\u0131 \u00fcz\u00fcnt\u00fcs\u00fcn\u00fc dile getiren Ba\u015fkan Y\u0131lmaz; &#8220;Nam\u0131di\u011fer &hellip; <a href=\"https:\/\/akdenizolaygazetesi.com\/?p=13197\" class=\"more-link\">Devam\u0131n\u0131 Oku&#8230;<\/a><\/p>\n","protected":false},"author":2,"featured_media":13198,"comment_status":"open","ping_status":"open","sticky":false,"template":"","format":"standard","meta":[],"categories":[34,2,3,5],"tags":[],"_links":{"self":[{"href":"https:\/\/akdenizolaygazetesi.com\/index.php?rest_route=\/wp\/v2\/posts\/13197"}],"collection":[{"href":"https:\/\/akdenizolaygazetesi.com\/index.php?rest_route=\/wp\/v2\/posts"}],"about":[{"href":"https:\/\/akdenizolaygazetesi.com\/index.php?rest_route=\/wp\/v2\/types\/post"}],"author":[{"embeddable":true,"href":"https:\/\/akdenizolaygazetesi.com\/index.php?rest_route=\/wp\/v2\/users\/2"}],"replies":[{"embeddable":true,"href":"https:\/\/akdenizolaygazetesi.com\/index.php?rest_route=%2Fwp%2Fv2%2Fcomments&post=13197"}],"version-history":[{"count":1,"href":"https:\/\/akdenizolaygazetesi.com\/index.php?rest_route=\/wp\/v2\/posts\/13197\/revisions"}],"predecessor-version":[{"id":13199,"href":"https:\/\/akdenizolaygazetesi.com\/index.php?rest_route=\/wp\/v2\/posts\/13197\/revisions\/13199"}],"wp:featuredmedia":[{"embeddable":true,"href":"https:\/\/akdenizolaygazetesi.com\/index.php?rest_route=\/wp\/v2\/media\/13198"}],"wp:attachment":[{"href":"https:\/\/akdenizolaygazetesi.com\/index.php?rest_route=%2Fwp%2Fv2%2Fmedia&parent=13197"}],"wp:term":[{"taxonomy":"category","embeddable":true,"href":"https:\/\/akdenizolaygazetesi.com\/index.php?rest_route=%2Fwp%2Fv2%2Fcategories&post=13197"},{"taxonomy":"post_tag","embeddable":true,"href":"https:\/\/akdenizolaygazetesi.com\/index.php?rest_route=%2Fwp%2Fv2%2Ftags&post=13197"}],"curies":[{"name":"wp","href":"https:\/\/api.w.org\/{rel}","templated":true}]}}