{"id":1321,"date":"2020-11-04T18:21:54","date_gmt":"2020-11-04T15:21:54","guid":{"rendered":"http:\/\/mersinekonomipolitikagazetesi.com\/?p=1321"},"modified":"2020-11-04T18:21:54","modified_gmt":"2020-11-04T15:21:54","slug":"silifke-festivali-linet-konseriyle-sona-erdi","status":"publish","type":"post","link":"https:\/\/akdenizolaygazetesi.com\/?p=1321","title":{"rendered":"Silifke Festivali, Linet konseriyle sona erdi"},"content":{"rendered":"<p>Uluslararas\u0131 Silifke M\u00fczik ve Folklor Festivalinin final ak\u015fam\u0131nda, arabesk ve fantezi m\u00fczi\u011fin g\u00fc\u00e7l\u00fc sesi Linet sahne ald\u0131. Silifke Belediye Ba\u015fkan\u0131 Dr. Mustafa Turgut, \u201cFestivalimize kat\u0131larak bizleri onurland\u0131ran sanat\u00e7\u0131lar\u0131m\u0131za ve eme\u011fi ge\u00e7en herkese te\u015fekk\u00fcr ediyoruz\u201d dedi.<\/p>\n<p>Gecenin ilerleyen saatlerine kadar hayranlar\u0131n\u0131 co\u015fturan Linet, Silifkelilere muhte\u015fem bir konser verdi. Son alb\u00fcm\u00fcn\u00fcn be\u011fenilen \u015fark\u0131s\u0131 &#8220;\u0130ncir&#8221; ile geceye ba\u015flayan \u00fcnl\u00fc \u015fark\u0131c\u0131, eski ve yeni alb\u00fcm\u00fcndeki sevilen \u015fark\u0131lar\u0131n\u0131 seslendirdi. Yakla\u015f\u0131k iki saat sahnede kalan Linet, Silifkeliler i\u00e7in haz\u0131rlad\u0131\u011f\u0131 repertuvar\u0131 ve Latin dans\u0131 ile izlemeye de\u011fer bir performans sergiledi. Giydi\u011fi sahne kost\u00fcm\u00fc ile g\u00f6z dolduran Linet&#8217;in neredeyse t\u00fcm \u015fark\u0131lar\u0131na bulunduklar\u0131 yerden e\u015flik eden hayranlar\u0131, unutulmaz bir gece ya\u015fad\u0131. Linet, konserin sonunda hayranlar\u0131 taraf\u0131ndan uzun s\u00fcre alk\u0131\u015fland\u0131.<br \/>\nKonserde Belediye Ba\u015fkan\u0131 Dr. Mustafa Turgut, \u00fcnl\u00fc sanat\u00e7\u0131 Linet\u2019e te\u015fekk\u00fcr plaketi takdim ederek, \u201c44. Uluslararas\u0131 M\u00fczik ve Folklor Festivalimizin final ak\u015fam\u0131nda \u00fcnl\u00fc sanat\u00e7\u0131m\u0131z\u0131 a\u011f\u0131rlamaktan b\u00fcy\u00fck mutluluk duyuyoruz. Bir hafta s\u00fcresince festival ak\u015famlar\u0131m\u0131z\u0131 birbirinden de\u011ferli sanat\u00e7\u0131lar\u0131m\u0131zla s\u00fcslendirdik. Halk\u0131m\u0131zla i\u00e7 i\u00e7e dolu dolu g\u00fczel bir festival ge\u00e7irdik. Alan\u0131 dolduran binlerce vatanda\u015f\u0131m\u0131za ve Linet\u2019e bu g\u00fczel konser i\u00e7in te\u015fekk\u00fcr ediyor, festival s\u00fcresince eme\u011fi ge\u00e7en herkese te\u015fekk\u00fcr ediyorum\u201d dedi.<\/p>\n","protected":false},"excerpt":{"rendered":"<p>Uluslararas\u0131 Silifke M\u00fczik ve Folklor Festivalinin final ak\u015fam\u0131nda, arabesk ve fantezi m\u00fczi\u011fin g\u00fc\u00e7l\u00fc sesi Linet sahne ald\u0131. Silifke Belediye Ba\u015fkan\u0131 Dr. Mustafa Turgut, \u201cFestivalimize kat\u0131larak bizleri onurland\u0131ran sanat\u00e7\u0131lar\u0131m\u0131za ve eme\u011fi &hellip; <a href=\"https:\/\/akdenizolaygazetesi.com\/?p=1321\" class=\"more-link\">Devam\u0131n\u0131 Oku&#8230;<\/a><\/p>\n","protected":false},"author":1,"featured_media":0,"comment_status":"open","ping_status":"open","sticky":false,"template":"","format":"standard","meta":[],"categories":[],"tags":[],"_links":{"self":[{"href":"https:\/\/akdenizolaygazetesi.com\/index.php?rest_route=\/wp\/v2\/posts\/1321"}],"collection":[{"href":"https:\/\/akdenizolaygazetesi.com\/index.php?rest_route=\/wp\/v2\/posts"}],"about":[{"href":"https:\/\/akdenizolaygazetesi.com\/index.php?rest_route=\/wp\/v2\/types\/post"}],"author":[{"embeddable":true,"href":"https:\/\/akdenizolaygazetesi.com\/index.php?rest_route=\/wp\/v2\/users\/1"}],"replies":[{"embeddable":true,"href":"https:\/\/akdenizolaygazetesi.com\/index.php?rest_route=%2Fwp%2Fv2%2Fcomments&post=1321"}],"version-history":[{"count":0,"href":"https:\/\/akdenizolaygazetesi.com\/index.php?rest_route=\/wp\/v2\/posts\/1321\/revisions"}],"wp:attachment":[{"href":"https:\/\/akdenizolaygazetesi.com\/index.php?rest_route=%2Fwp%2Fv2%2Fmedia&parent=1321"}],"wp:term":[{"taxonomy":"category","embeddable":true,"href":"https:\/\/akdenizolaygazetesi.com\/index.php?rest_route=%2Fwp%2Fv2%2Fcategories&post=1321"},{"taxonomy":"post_tag","embeddable":true,"href":"https:\/\/akdenizolaygazetesi.com\/index.php?rest_route=%2Fwp%2Fv2%2Ftags&post=1321"}],"curies":[{"name":"wp","href":"https:\/\/api.w.org\/{rel}","templated":true}]}}