{"id":13216,"date":"2021-07-09T11:10:42","date_gmt":"2021-07-09T08:10:42","guid":{"rendered":"http:\/\/akdenizolaygazetesi.com\/?p=13216"},"modified":"2021-07-09T11:10:42","modified_gmt":"2021-07-09T08:10:42","slug":"baskan-gultak-kooperatifcilige-buyuk-onem-veriyoruz","status":"publish","type":"post","link":"https:\/\/akdenizolaygazetesi.com\/?p=13216","title":{"rendered":"Ba\u015fkan G\u00fcltak; &#8220;Kooperatif\u00e7ili\u011fe b\u00fcy\u00fck \u00f6nem veriyoruz&#8221;"},"content":{"rendered":"<p>Akdeniz Belediye Ba\u015fkan\u0131 M. Mustafa G\u00fcltak, Mersin Giri\u015fimci \u0130\u015f Kad\u0131nlar\u0131 Derne\u011fi (G\u0130\u015eKAD) Y\u00f6netim Kurulu Ba\u015fkan\u0131 M\u00fcr\u00fcvet Beyda\u011f\u0131 ve y\u00f6netim kurulu \u00fcyelerini ziyaret etti.<br \/>\nKad\u0131n giri\u015fimcilerin say\u0131lar\u0131n\u0131n daha da artmas\u0131 gerekti\u011fine vurgu yapan Ba\u015fkan G\u00fcltak, &#8220;Cesaretlerini ticari zeka ile birle\u015ftirerek hedefleri do\u011frultusunda emin ad\u0131mlarla ilerleyen kad\u0131nlar\u0131m\u0131z\u0131, hem il\u00e7emiz Akdeniz&#8217;e hem kentimize hem de \u00fclke ekonomimize katma de\u011fer sa\u011flad\u0131klar\u0131 i\u00e7in tebrik ediyor ve her daim destek\u00e7ileri olaca\u011f\u0131m\u0131z\u0131n bilinmesini istiyorum&#8221; diye konu\u015ftu.<br \/>\nAkdeniz Belediye Ba\u015fkan\u0131 Mustafa G\u00fcltak, kad\u0131n giri\u015fimcilerin \u00fcyesi oldu\u011fu Mersin Giri\u015fimci \u0130\u015f Kad\u0131nlar\u0131 Derne\u011fi&#8217;ne ziyarette bulundu. Ba\u015fkan G\u00fcltak, &#8220;\u0130\u015fletmelerini daha g\u00fc\u00e7l\u00fc k\u0131lmalar\u0131, say\u0131lar\u0131n\u0131n ise daha da artmas\u0131 ad\u0131na i\u015f kad\u0131nlar\u0131na \u00f6nc\u00fcl\u00fck ve rehberlik eden bir sivil toplum kurulu\u015fu olan G\u0130\u015eKAD&#8217;\u0131n \u00e7al\u0131\u015fmalar\u0131n\u0131 \u00e7ok ba\u015far\u0131l\u0131 buluyorum&#8221; dedi.<br \/>\nBa\u015fkan G\u00fcltak; &#8220;Kooperatif\u00e7ili\u011fe b\u00fcy\u00fck \u00f6nem veriyoruz&#8221;<br \/>\nG\u00f6reve geldiklerinden bu yana Akdeniz Belediyesi olarak kad\u0131n eksenli \u00f6nemli projelere imza att\u0131klar\u0131na i\u015faret eden Ba\u015fkan Mustafa G\u00fcltak, &#8220;Biz en ba\u015f\u0131ndan beri kooperatif\u00e7ili\u011fe b\u00fcy\u00fck \u00f6nem veriyoruz. \u00d6zellikle de kad\u0131nlar\u0131n ekonomik ve sosyal hayata kat\u0131l\u0131m\u0131n\u0131 sa\u011flayan \u00fcretime d\u00f6n\u00fck g\u00fc\u00e7 birle\u015fimlerini de\u011ferli buluyoruz. Her g\u00fcn binlerce insan\u0131n yan\u0131ndan ge\u00e7ti\u011fi, belediyemiz Kad\u0131n Eme\u011fi Diyar\u0131\u2019n\u0131 kad\u0131n kooperatiflerimize tahsis ettik. Kad\u0131nlar\u0131m\u0131zdan kira, elektrik, su vb. gibi giderler i\u00e7in hi\u00e7bir \u00fccret alm\u0131yoruz. Daha \u00e7ok kad\u0131na hizmet verebilmek ad\u0131na da Kad\u0131n Eme\u011fi Diyar\u0131\u2019n\u0131 geni\u015fletece\u011fiz&#8221; \u015feklinde konu\u015ftu.<br \/>\n&#8220;3 milyon liradan fazla kredi deste\u011finin ula\u015f\u0131m\u0131n\u0131 sa\u011flad\u0131k&#8221;<br \/>\nKad\u0131nlar\u0131n stat\u00fclerinin y\u00fckseltilmesi ve istihdama kazand\u0131r\u0131lmas\u0131n\u0131n \u00f6nem arz etti\u011fine vurgu yapan Ba\u015fkan Mustafa G\u00fcltak, &#8220;Bunun i\u00e7in kad\u0131nlar\u0131m\u0131za daha fazla destek sunmal\u0131y\u0131z. Kendi i\u015fini kurmak veya meslek sahibi olmak isteyen kad\u0131nlar i\u00e7in ekonomik, sosyal ve k\u00fclt\u00fcrel projeler i\u00e7in de \u00e7al\u0131\u015fmalar\u0131m\u0131z s\u00fcr\u00fcyor. T\u00fcrkiye \u0130sraf\u0131 \u00d6nleme Vakf\u0131 ile protokol imzalay\u0131p bine yak\u0131n giri\u015fimci kad\u0131na 2019 y\u0131l\u0131 Temmuz ay\u0131ndan itibaren toplamda 3 milyon liradan fazla kredi deste\u011fi ula\u015fmas\u0131n\u0131 sa\u011flad\u0131k&#8221; dedi.<br \/>\n&#8220;Aile b\u00fct\u00e7elerine de katk\u0131 sunuyorlar&#8221;<br \/>\nAkdeniz\u2019de 9 b\u00f6lgede hizmete a\u00e7\u0131lan K\u00fclt\u00fcr ve Sanat Evleri\u2019nde; giyim, resim, ev tekstili kurslar\u0131, el sanatlar\u0131, ah\u015fap boyama, ebru sanat\u0131, tak\u0131 tasar\u0131m, kuaf\u00f6rl\u00fck, ba\u011flama, gitar, \u0130ngilizce ve okuma-yazma kurslar\u0131, pilates, step ve aerobik kurslar\u0131 da verdiklerini hat\u0131rlatan Ba\u015fkan G\u00fcltak, &#8220;Meslek kurslar\u0131na, yakla\u015f\u0131k 700 vatanda\u015f\u0131m\u0131z ba\u015fvuru yapt\u0131. Kurslara kat\u0131lan kad\u0131nlar, kazand\u0131klar\u0131 beceri ile yapt\u0131klar\u0131 \u00fcretimleri sayesinde aile b\u00fct\u00e7elerine katk\u0131 sa\u011flayabiliyor&#8221; diye konu\u015ftu. <\/p>\n<p>&#8220;Kad\u0131nlar\u0131m\u0131z\u0131n g\u00fcc\u00fcne inan\u0131yor ve destekliyoruz&#8221;<br \/>\nBa\u015fkan G\u00fcltak, &#8220;Kad\u0131nlar\u0131m\u0131z\u0131n fikirlerine, azmine ve g\u00fcc\u00fcne her daim inan\u0131yor ve destekliyoruz. Cesaretlerini ticari zeka ile birle\u015ftirerek hedefleri do\u011frultusunda emin ad\u0131mlarla ilerleyen kad\u0131nlar\u0131m\u0131z hem il\u00e7emiz Akdeniz&#8217;e hem kentimize hem de \u00fclke ekonomimize katma de\u011fer sa\u011fl\u0131yorlar. Bu ba\u011flamda G\u0130\u015eKAD Ba\u015fkan\u0131 Say\u0131n M\u00fcr\u00fcvet Beyda\u011f\u0131 ve y\u00f6netimini tebrik ediyor; ba\u015far\u0131lar\u0131n\u0131n daim olmas\u0131n\u0131 temenni ediyorum&#8221; ifadelerini kulland\u0131.<br \/>\nBeyda\u011f\u0131; &#8220;Amac\u0131m\u0131z kad\u0131nlara rol model olmakt\u0131r&#8221;<br \/>\nZiyaretten duydu\u011fu memnuniyeti dile getiren G\u0130\u015eKAD Y\u00f6netim Kurulu Ba\u015fkan\u0131 M\u00fcr\u00fcvet Beyda\u011f\u0131 ise &#8220;Giri\u015fimci ruha sahip \u00e7a\u011fda\u015f, mesleki ve nitelikli \u00fcyelerden olu\u015fan bir derne\u011fiz. Amac\u0131m\u0131z kad\u0131n giri\u015fimcilere destek e\u011fitimleri vermek, onlara mentorluk yapmak ve rol model olmakt\u0131r.  Say\u0131n Mustafa G\u00fcltak&#8217;\u0131n da nazik ziyaretinden onur duyduk. Kendisi ile gelecek d\u00f6nemlerde yapaca\u011f\u0131m\u0131z projelerimiz hakk\u0131nda isti\u015farede bulunduk. Kendisine ve ekibine te\u015fekk\u00fcr ediyoruz&#8221; diye konu\u015ftu. <\/p>\n","protected":false},"excerpt":{"rendered":"<p>Akdeniz Belediye Ba\u015fkan\u0131 M. Mustafa G\u00fcltak, Mersin Giri\u015fimci \u0130\u015f Kad\u0131nlar\u0131 Derne\u011fi (G\u0130\u015eKAD) Y\u00f6netim Kurulu Ba\u015fkan\u0131 M\u00fcr\u00fcvet Beyda\u011f\u0131 ve y\u00f6netim kurulu \u00fcyelerini ziyaret etti. Kad\u0131n giri\u015fimcilerin say\u0131lar\u0131n\u0131n daha da artmas\u0131 gerekti\u011fine &hellip; <a href=\"https:\/\/akdenizolaygazetesi.com\/?p=13216\" class=\"more-link\">Devam\u0131n\u0131 Oku&#8230;<\/a><\/p>\n","protected":false},"author":2,"featured_media":13217,"comment_status":"open","ping_status":"open","sticky":false,"template":"","format":"standard","meta":[],"categories":[2,3,5],"tags":[],"_links":{"self":[{"href":"https:\/\/akdenizolaygazetesi.com\/index.php?rest_route=\/wp\/v2\/posts\/13216"}],"collection":[{"href":"https:\/\/akdenizolaygazetesi.com\/index.php?rest_route=\/wp\/v2\/posts"}],"about":[{"href":"https:\/\/akdenizolaygazetesi.com\/index.php?rest_route=\/wp\/v2\/types\/post"}],"author":[{"embeddable":true,"href":"https:\/\/akdenizolaygazetesi.com\/index.php?rest_route=\/wp\/v2\/users\/2"}],"replies":[{"embeddable":true,"href":"https:\/\/akdenizolaygazetesi.com\/index.php?rest_route=%2Fwp%2Fv2%2Fcomments&post=13216"}],"version-history":[{"count":1,"href":"https:\/\/akdenizolaygazetesi.com\/index.php?rest_route=\/wp\/v2\/posts\/13216\/revisions"}],"predecessor-version":[{"id":13218,"href":"https:\/\/akdenizolaygazetesi.com\/index.php?rest_route=\/wp\/v2\/posts\/13216\/revisions\/13218"}],"wp:featuredmedia":[{"embeddable":true,"href":"https:\/\/akdenizolaygazetesi.com\/index.php?rest_route=\/wp\/v2\/media\/13217"}],"wp:attachment":[{"href":"https:\/\/akdenizolaygazetesi.com\/index.php?rest_route=%2Fwp%2Fv2%2Fmedia&parent=13216"}],"wp:term":[{"taxonomy":"category","embeddable":true,"href":"https:\/\/akdenizolaygazetesi.com\/index.php?rest_route=%2Fwp%2Fv2%2Fcategories&post=13216"},{"taxonomy":"post_tag","embeddable":true,"href":"https:\/\/akdenizolaygazetesi.com\/index.php?rest_route=%2Fwp%2Fv2%2Ftags&post=13216"}],"curies":[{"name":"wp","href":"https:\/\/api.w.org\/{rel}","templated":true}]}}