{"id":13219,"date":"2021-07-09T11:13:32","date_gmt":"2021-07-09T08:13:32","guid":{"rendered":"http:\/\/akdenizolaygazetesi.com\/?p=13219"},"modified":"2021-07-09T11:13:32","modified_gmt":"2021-07-09T08:13:32","slug":"iktidarin-destegi-sayesinde-39-milyon-avro-geldi","status":"publish","type":"post","link":"https:\/\/akdenizolaygazetesi.com\/?p=13219","title":{"rendered":"\u201c\u0130ktidar\u0131n deste\u011fi sayesinde 39 milyon Avro geldi\u201d"},"content":{"rendered":"<p>Ba\u015fkan G\u00fcltak, B\u00fcy\u00fck\u015fehir Belediye Meclisi\u2019nde yapt\u0131\u011f\u0131 konu\u015fmada; Ba\u015fkan Se\u00e7er\u2019in, \u201c\u0130ktidar bizi \u00e7al\u0131\u015ft\u0131rm\u0131yor, engelliyor\u201d \u015feklinde kimi zaman yapt\u0131\u011f\u0131 \u00e7\u0131k\u0131\u015f\u0131na; \u201cAs\u0131l \u00e7al\u0131\u015ft\u0131r\u0131lmayan, i\u015f yapt\u0131r\u0131lmayan biziz. Kentsel d\u00f6n\u00fc\u015f\u00fcmde yetki ve Millet Bah\u00e7esi i\u00e7in sermaye art\u0131r\u0131m\u0131 taleplerimiz reddediliyor\u201d yan\u0131t\u0131n\u0131 verdi.<br \/>\nMersin B\u00fcy\u00fck\u015fehir Belediye Meclisi Temmuz Ay\u0131 Ola\u011fan Toplant\u0131s\u0131 1\u2019inci birle\u015fiminde s\u00f6z alan Akdeniz Belediye Ba\u015fkan\u0131 M. Mustafa G\u00fcltak; B\u015eB Ba\u015fkan\u0131 Vahap Se\u00e7er\u2019in, s\u0131k s\u0131k iktidar bizi engelliyor, \u00e7al\u0131\u015ft\u0131rm\u0131yor\u201d \u015feklindeki \u00e7\u0131k\u0131\u015f\u0131n\u0131 ele\u015ftirdi. Ba\u015fkan Mustafa G\u00fcltak; \u201cKentsel d\u00f6n\u00fc\u015f\u00fcm i\u00e7in istedi\u011fimiz yetki talebimiz ve Millet Bah\u00e7esi ile ilgili sermaye art\u0131r\u0131m\u0131 talebimiz engelleniyor. As\u0131l i\u015f yapt\u0131r\u0131lmayan biziz\u201d s\u00f6zleriyle tepkisini dile getirdi.<br \/>\n\u201c\u0130ktidar\u0131n deste\u011fi sayesinde 39 milyon Avro geldi\u201d<br \/>\nBa\u015fkan Vahap Se\u00e7er\u2019in; T\u00fcrkiye\u2019deki M\u00fclteciler \u0130\u00e7in Mali Yard\u0131m Program\u0131 (FRIT II) Belediye Hizmetleri-1 kapsam\u0131nda yer alan 3 proje i\u00e7in 39 milyon Avro hibe ve kredi deste\u011fi ald\u0131klar\u0131n\u0131 a\u00e7\u0131klamas\u0131 \u00fczerine Ba\u015fkan G\u00fcltak araya girdi, bu deste\u011fin al\u0131nmas\u0131n\u0131n arkas\u0131nda iktidar\u0131n deste\u011fi oldu\u011funa dikkat \u00e7ekti.<br \/>\nBa\u015fkan G\u00fcltak;  \u201cYakla\u015f\u0131k 1,5 y\u0131l \u00f6nce L\u00fctfi Elvan Bakan\u0131m\u0131n konu\u015fmalar\u0131 sonucunda, d\u00f6nemin MESK\u0130 m\u00fcd\u00fcr\u00fc ve biz, \u0130ller Bankas\u0131\u2019n\u0131n Genel M\u00fcd\u00fcrl\u00fc\u011f\u00fcndeydik, bu konular\u0131 tart\u0131\u015ft\u0131k. FRIT-2 projesinde \u00e7ok fazla \u00f6denek yok. 39 milyon Avro gibi bir rakam k\u00fc\u00e7\u00fck de\u011fil. Bunlar\u0131n kabul olmas\u0131 kolay bir \u015fey de\u011fil. O g\u00fcn biz direkt \u0130ller Bankas\u0131 genel m\u00fcd\u00fcr\u00fcn\u00fcn yan\u0131na \u00e7\u0131kt\u0131k. \u00d6n\u00fcnde sayfalarca proje ve dosyalar vard\u0131.<br \/>\nMersin\u2019in, Akdeniz\u2019in \u00f6nemine vurgu yaparak, \u0131srarc\u0131 bir \u015fekilde bu projelerin ge\u00e7mesi gerekti\u011fini s\u00f6yledim. Say\u0131n Murat Kurum ve Say\u0131n Maliye Bakan\u0131m\u0131z ile g\u00f6r\u00fc\u015ferek, projelerin AB kaynakl\u0131 paraya ula\u015fmas\u0131n\u0131n okeyini ald\u0131k. \u00c7\u00fcnk\u00fc para az, fakat t\u00fcm belediyelere para gitmesi laz\u0131m\u201d diye konu\u015ftu.<br \/>\nPozitif ayr\u0131mc\u0131l\u0131k vurgusu\u2026<br \/>\nS\u00f6zlerini; \u201cAkdeniz Belediye\u2019sine pozitif ayr\u0131mc\u0131l\u0131k var, burada \u0131srar ettim\u201d diyerek s\u00fcrd\u00fcren Ba\u015fkan G\u00fcltak; \u201cMersin B\u00fcy\u00fck\u015fehir b\u00fcrokratlar\u0131 da acil sorunlar\u0131 oldu\u011funu s\u00f6yledi. Daha iyi olur diye 3 projeye \u00f6ncelik verdik. Akdeniz\u2019de ne altyap\u0131, ne \u00fcst yap\u0131 var. Burada g\u00fczel, g\u00fczel anlat\u0131yorsunuz. Bunun bir de detay\u0131 var. Film \u00e7ekiliyor ama arkas\u0131nda bir s\u00fcr\u00fc oynayan, \u00e7izen var. Siz zaman zaman medyada ve burada anlat\u0131yorsunuz. Hani iktidar, hani Cumhur \u0130ttifak\u0131 sizi engelliyordu? Mersin\u2019e yat\u0131r\u0131m yapt\u0131rm\u0131yordu? Hani nerede b\u00f6yle mi engelliyor? Arkan\u0131zda Cumhurba\u015fkan\u0131 Yard\u0131mc\u0131s\u0131, Bakan var\u2026 Bu paralar onaylan\u0131yor ama iktidar sizi engelliyor. Nas\u0131l bir engelse anlam\u0131\u015f de\u011filiz\u201d ifadelerini kulland\u0131.<br \/>\n\u201cAkdeniz\u2019e gelince sermaye art\u0131r\u0131m\u0131 yok\u201d<br \/>\n\u0130ktidar B\u00fcy\u00fck\u015fehir Belediyesi\u2019ne bu deste\u011fi verirken, yerelde de yakla\u015f\u0131k 2 y\u0131l \u00f6nce B\u00fcy\u00fck\u015fehir b\u00fcnyesindeki Denizk\u0131z\u0131 A\u015e\u2019nin sermaye art\u0131r\u0131m\u0131 talebine, Mecliste destek verdiklerini hat\u0131rlatan Ba\u015fkan G\u00fcltak, ancak kendisinin ayn\u0131 talebi istedi\u011finde, Akdeniz Belediye Meclisi\u2019nde engellendi\u011fini dile getirdi.<br \/>\n\u201cGe\u00e7en g\u00fcn ben de Mecliste; Mersin Millet Bah\u00e7esi\u2019ne hizmet g\u00f6t\u00fcrebilmek i\u00e7in belediye \u015firketimizde sermaye art\u0131r\u0131m\u0131na gitmek istedim. Fakat CHP ve HDP\u2019li Meclis \u00fcyeleri, komisyonda sermaye art\u0131r\u0131m\u0131na ret oyu verdiler\u201d diyen Ba\u015fkan Mustafa G\u00fcltak, \u201cMillet Bah\u00e7esine bakmayal\u0131m m\u0131 biz? Denizk\u0131z\u0131\u2019n\u0131n sermayesini artt\u0131raca\u011f\u0131z ama i\u015f Akdeniz\u2019e gelince sermaye art\u0131r\u0131m\u0131na g\u00f6t\u00fcr\u00fclmeyecek! Rezil olsun millet bah\u00e7esi, bunu istiyorsunuz\u201d s\u00f6zleriyle tepkisini ifade etti.<br \/>\n\u201cKentsel d\u00f6n\u00fc\u015f\u00fcm\u00fc \u00c7ay\u2019da ba\u015flatt\u0131k, s\u0131rada Bar\u0131\u015f Mahallesi var\u201d<br \/>\nS\u00f6zlerini; \u201c\u0130nsanlar\u0131n raz\u0131 edildi\u011fi, onaylar\u0131n\u0131n al\u0131n\u0131p, ma\u011fduriyetlerin \u00f6n\u00fcne ge\u00e7ildi\u011fi bir kentsel d\u00f6n\u00fc\u015f\u00fcm diyoruz\u201d \u015feklinde s\u00fcrd\u00fcren Ba\u015fkan G\u00fcltak; \u201cKentsel d\u00f6n\u00fc\u015f\u00fcm\u00fc \u00c7ay Mahallesinde yapt\u0131k, Bar\u0131\u015f Mahallesinde bu ay sonu \u00e7ivi \u00e7ak\u0131yoruz. Ama bir bak\u0131yoruz, Meclisten yetki almaya \u00e7al\u0131\u015ft\u0131\u011f\u0131m\u0131zda yetki verilmiyor. Kentsel d\u00f6n\u00fc\u015f\u00fcm yap\u0131yoruz; Halk istiyor, herkes memnun ama Meclis yetki vermiyor. Buray\u0131 anlamad\u0131m, siz mi ma\u011fdursunuz, ben mi, Akdeniz mi ma\u011fdur? Burada bir karma\u015fa var. Akdeniz\u2019de her \u015feye ret ama canlar\u0131 sa\u011f olsun. Ba\u015fkanlar\u0131n bir \u015fekilde bunu \u00e7\u00f6zme hakk\u0131 var\u201d dedi.<br \/>\n\u201cMersin\u2019in yarar\u0131na olan t\u00fcm projelerde var\u0131z\u201d<br \/>\nMersin\u2019in imar planlar\u0131na da de\u011findi\u011fi a\u00e7\u0131klamas\u0131nda Ba\u015fkan Mustafa G\u00fcltak; a\u00e7\u0131klamas\u0131n\u0131 \u015f\u00f6yle s\u00fcrd\u00fcrd\u00fc; \u201c\u015eehir imar bekliyor. 2\u2019nci etap imar planlar\u0131n\u0131 nas\u0131l \u00e7\u00f6zece\u011fiz? Bunun i\u00e7in hem imar, hem de yerinde d\u00f6n\u00fc\u015f\u00fcm laz\u0131m. \u0130mar planlar\u0131n\u0131n h\u0131zla \u00e7\u00f6z\u00fclmesi gerekiyor. B\u00fcy\u00fck\u015fehir\u2019in geni\u015f hinterland\u0131nda bir\u00e7ok b\u00f6lgede altyap\u0131 s\u0131k\u0131nt\u0131s\u0131 var ama b\u00fct\u00e7esi de var. Mersin\u2019de hibe ve desteklerden pay al\u0131yor. Bu i\u015f m\u00fccadele ile oluyor.<br \/>\nIsrarla s\u00f6yl\u00fcyorum; biz Mersin\u2019in yarar\u0131na olan, sorunlar\u0131n\u0131 \u00e7\u00f6zecek t\u00fcm projelere Cumhur \u0130ttifak\u0131 olarak var\u0131z. Mersin\u2019in herkese el uzatan, yard\u0131mc\u0131 olan da bir abisi var. \u2018Ben ma\u011fdur oluyorum, iktidar beni \u00e7al\u0131\u015ft\u0131rm\u0131yor\u2019 deniliyor ama as\u0131l ma\u011fdur olan biziz. Her \u015feye ret kentsel d\u00f6n\u00fc\u015f\u00fcme, sermaye art\u0131r\u0131m\u0131na ret. Ama biz bunlar\u0131 yapaca\u011f\u0131z, i\u015fimiz bu. Bizim size bir s\u00fcr\u00fc faydam\u0131z oldu. \u0130nand\u0131\u011f\u0131m\u0131z \u015feylerin alt\u0131na imza atar\u0131z, inanmad\u0131\u011f\u0131m\u0131z zaman da s\u00f6yleriz. Mersin imar bekliyor. Bu konuda Akdeniz\u2019e pozitif ayr\u0131mc\u0131l\u0131k istiyorum. \u00c7\u00fcnk\u00fc bu ilin alt, \u00fcst yap\u0131 ile en \u00e7ok sorun yuma\u011f\u0131 olan il\u00e7e Akdeniz\u2019dir. Belediyenin bor\u00e7 y\u00fck\u00fc alt\u0131nda B\u00fcy\u00fck\u015fehir\u2019e gelen 40 milyon Avro, b\u00fcy\u00fck para, ama as\u0131l emek\u00e7iler burada.\u201d<\/p>\n","protected":false},"excerpt":{"rendered":"<p>Ba\u015fkan G\u00fcltak, B\u00fcy\u00fck\u015fehir Belediye Meclisi\u2019nde yapt\u0131\u011f\u0131 konu\u015fmada; Ba\u015fkan Se\u00e7er\u2019in, \u201c\u0130ktidar bizi \u00e7al\u0131\u015ft\u0131rm\u0131yor, engelliyor\u201d \u015feklinde kimi zaman yapt\u0131\u011f\u0131 \u00e7\u0131k\u0131\u015f\u0131na; \u201cAs\u0131l \u00e7al\u0131\u015ft\u0131r\u0131lmayan, i\u015f yapt\u0131r\u0131lmayan biziz. Kentsel d\u00f6n\u00fc\u015f\u00fcmde yetki ve Millet Bah\u00e7esi i\u00e7in &hellip; <a href=\"https:\/\/akdenizolaygazetesi.com\/?p=13219\" class=\"more-link\">Devam\u0131n\u0131 Oku&#8230;<\/a><\/p>\n","protected":false},"author":2,"featured_media":13220,"comment_status":"open","ping_status":"open","sticky":false,"template":"","format":"standard","meta":[],"categories":[8,3,5],"tags":[],"_links":{"self":[{"href":"https:\/\/akdenizolaygazetesi.com\/index.php?rest_route=\/wp\/v2\/posts\/13219"}],"collection":[{"href":"https:\/\/akdenizolaygazetesi.com\/index.php?rest_route=\/wp\/v2\/posts"}],"about":[{"href":"https:\/\/akdenizolaygazetesi.com\/index.php?rest_route=\/wp\/v2\/types\/post"}],"author":[{"embeddable":true,"href":"https:\/\/akdenizolaygazetesi.com\/index.php?rest_route=\/wp\/v2\/users\/2"}],"replies":[{"embeddable":true,"href":"https:\/\/akdenizolaygazetesi.com\/index.php?rest_route=%2Fwp%2Fv2%2Fcomments&post=13219"}],"version-history":[{"count":1,"href":"https:\/\/akdenizolaygazetesi.com\/index.php?rest_route=\/wp\/v2\/posts\/13219\/revisions"}],"predecessor-version":[{"id":13221,"href":"https:\/\/akdenizolaygazetesi.com\/index.php?rest_route=\/wp\/v2\/posts\/13219\/revisions\/13221"}],"wp:featuredmedia":[{"embeddable":true,"href":"https:\/\/akdenizolaygazetesi.com\/index.php?rest_route=\/wp\/v2\/media\/13220"}],"wp:attachment":[{"href":"https:\/\/akdenizolaygazetesi.com\/index.php?rest_route=%2Fwp%2Fv2%2Fmedia&parent=13219"}],"wp:term":[{"taxonomy":"category","embeddable":true,"href":"https:\/\/akdenizolaygazetesi.com\/index.php?rest_route=%2Fwp%2Fv2%2Fcategories&post=13219"},{"taxonomy":"post_tag","embeddable":true,"href":"https:\/\/akdenizolaygazetesi.com\/index.php?rest_route=%2Fwp%2Fv2%2Ftags&post=13219"}],"curies":[{"name":"wp","href":"https:\/\/api.w.org\/{rel}","templated":true}]}}