{"id":13223,"date":"2021-07-09T11:17:22","date_gmt":"2021-07-09T08:17:22","guid":{"rendered":"http:\/\/akdenizolaygazetesi.com\/?p=13223"},"modified":"2021-07-09T11:17:22","modified_gmt":"2021-07-09T08:17:22","slug":"3-buyuk-proje-icin-ilbank-meski-genel-mudurlugu-alt-finansman-anlasmasi-imzalandi","status":"publish","type":"post","link":"https:\/\/akdenizolaygazetesi.com\/?p=13223","title":{"rendered":"3 B\u00dcY\u00dcK PROJE \u0130\u00c7\u0130N \u201c\u0130LBANK &#038; MESK\u0130 GENEL M\u00dcD\u00dcRL\u00dc\u011e\u00dc ALT F\u0130NANSMAN ANLA\u015eMASI\u201d \u0130MZALANDI"},"content":{"rendered":"<p>Mersin B\u00fcy\u00fck\u015fehir Belediye Meclisi\u2019nin 2021 y\u0131l\u0131 Temmuz Ay\u0131 Ola\u011fan Toplant\u0131s\u0131n\u0131n 1. Birle\u015fimi, B\u00fcy\u00fck\u015fehir Belediye Ba\u015fkan\u0131 Vahap Se\u00e7er ba\u015fkanl\u0131\u011f\u0131nda Kongre ve Sergi Saray\u0131\u2019nda ger\u00e7ekle\u015ftirildi. Ba\u015fkan Se\u00e7er, 7326 Say\u0131l\u0131 Kanun kapsam\u0131nda ger\u00e7ekle\u015ftirilen su faturas\u0131 bor\u00e7lar\u0131n\u0131n yap\u0131land\u0131r\u0131lmas\u0131 ile 3 b\u00fcy\u00fck altyap\u0131 projesi i\u00e7in imzalanan \u201c\u0130lbank &#038; MESK\u0130 Genel M\u00fcd\u00fcrl\u00fc\u011f\u00fc Alt Finansman Anla\u015fmas\u0131\u201dna ili\u015fkin de\u011ferlendirmelerde bulundu. Se\u00e7er, B\u00fcy\u00fck\u015fehir Belediyesi\u2019nin Yenice\u2019nin yan\u0131 s\u0131ra yeni a\u00e7aca\u011f\u0131 6 yeni Liselere Giri\u015f S\u0131nav\u0131 (LGS) haz\u0131rl\u0131k kursu ve 7\u2019den 70\u2019e her ya\u015ftan Mersinlinin yararlanabilece\u011fi B\u00fcy\u00fck\u015fehir\u2019in \u00fccretsiz bir\u00e7ok kursunun duyurusunu yapt\u0131. <\/p>\n<p>Su faturas\u0131 bor\u00e7lar\u0131 yap\u0131land\u0131r\u0131l\u0131yor<\/p>\n<p>Ba\u015fkan Se\u00e7er, 9 Haziran 2021 tarihli Resmi Gazete\u2019de yay\u0131mlanan 7326 say\u0131l\u0131 \u2018Baz\u0131 Alacaklar\u0131n Yeniden Yap\u0131land\u0131r\u0131lmas\u0131 ile Baz\u0131 Kanunlarda De\u011fi\u015fiklik Yap\u0131lmas\u0131na \u0130li\u015fkin Kanun\u2019un y\u00fcr\u00fcrl\u00fc\u011fe girdi\u011fini hat\u0131rlatt\u0131. Bu d\u00fczenlemede, 30 Nisan 2021 tarihinden \u00f6nceki su ve at\u0131ksu gecikme zamlar\u0131 ve faizleri yerine, Y\u0130-\u00dcFE (Yurti\u00e7i \u00dcretici Fiyat Endeksi) oran\u0131nda g\u00fcncelleme yap\u0131laca\u011f\u0131n\u0131 belirten Se\u00e7er, \u201cYap\u0131land\u0131rmadan faydalanmak isteyen aboneler i\u00e7in ko\u015fullar \u015fu \u015fekilde; birinci \u00f6deme \u015fekli pe\u015fin \u00f6deme, gecikme tutar\u0131 \u00fczerinden % 90 indirim sa\u011flanacak. \u0130kinci \u00f6deme \u015fekli, 6, 9, 12 ve 18 taksitli \u00f6demelerde taksit oran\u0131na g\u00f6re belirlenmi\u015f olan indirim katsay\u0131s\u0131 ile yap\u0131land\u0131rma ger\u00e7ekle\u015ftirilecek. Yap\u0131land\u0131rmadan faydalanmak isteyen aboneler, en ge\u00e7 31 A\u011fustos 2021 tarihine kadar MESK\u0130 Genel M\u00fcd\u00fcrl\u00fc\u011f\u00fc \u015fubeleri, e-Devlet veya meski.gov.tr \u00fczerinden ba\u015fvuru yapabilecekler. D\u00fcn lansman\u0131n\u0131 yapt\u0131\u011f\u0131m\u0131z Teksin \u00fczerinden de MESK\u0130\u2019nin bu hizmetlerinden abonelerimizin faydalanma imkan\u0131 var\u201d dedi.<\/p>\n<p>B\u00fcy\u00fck\u015fehir, Yenice\u2019nin yan\u0131 s\u0131ra 6 yeni LGS kursu a\u00e7\u0131yor<\/p>\n<p>Ba\u015fkan Se\u00e7er, \u00fcniversiteye haz\u0131rl\u0131k i\u00e7in binlerce \u00f6\u011frencinin e\u011fitim ald\u0131\u011f\u0131 E\u011fitim ve \u00d6\u011fretimi Destekleme Kurs Merkezleri\u2019nin kapsam\u0131n\u0131 geni\u015flettiklerini, lise s\u0131navlar\u0131na haz\u0131rlanan \u00f6\u011frencilerin de pilot uygulama yeri olan Yenice\u2019nin yan\u0131 s\u0131ra di\u011fer il\u00e7elerde a\u00e7\u0131lacak kurs merkezlerinden yararlanabileceklerini duyurdu. Se\u00e7er, \u00f6n kay\u0131t ba\u015fvuru tarihlerinin uzat\u0131ld\u0131\u011f\u0131n\u0131 belirterek, \u201cYakla\u015f\u0131k YKS\u2019ye girecek 4 bin Mersinli \u00e7ocu\u011fumuz bu merkezlerimizden bu y\u0131l faydaland\u0131. Buna ilave olarak da LGS s\u0131nav\u0131na y\u00f6nelik de hizmet vermeye \u00f6n\u00fcm\u00fczdeki y\u0131l ba\u015flayaca\u011f\u0131z. Bunun ilk pilot \u00e7al\u0131\u015fmas\u0131n\u0131 Yenice\u2019de ba\u015flatm\u0131\u015ft\u0131k. \u015eimdi Yenice\u2019den sonra Tarsus, Anamur, Bozyaz\u0131, Ayd\u0131nc\u0131k, Mut ve G\u00fclnar\u2019da da kurslar ba\u015flayacak. YKS desteklerimizin yan\u0131nda LGS\u2019ye girecek olan \u00e7ocuklar\u0131m\u0131z da bu merkezlerimizden yararlanabilecekler. \u00d6n kay\u0131t ba\u015fvuru tarihleri 20 Temmuz 2021\u2019den 6 A\u011fustos 2021 tarihine kadar uzat\u0131ld\u0131. Buradan \u00f6\u011frencilerimize ve velilerimize duyurulur\u201d diye konu\u015ftu.<\/p>\n<p>\u201cMERC\u0130 \u00d6\u011frenci Dan\u0131\u015fmanl\u0131k Merkezi \u00e7ocuklar\u0131m\u0131z\u0131n ve ailelerinin hizmetinde\u201d<\/p>\n<p>Se\u00e7er, Sosyal Hizmetler Dairesi\u2019ne ba\u011fl\u0131 MERC\u0130 \u00d6\u011frenci Dan\u0131\u015fmanl\u0131k Merkezi\u2019nden \u00f6\u011frencilerin ve velilerin destek alabilece\u011fini ifade ederek, \u201cLGS s\u0131nav sonu\u00e7lar\u0131 belli oldu. Bu \u00e7ocuklar\u0131m\u0131z\u0131n tercihlerini yapmalar\u0131 i\u00e7in dan\u0131\u015fmanl\u0131k hizmeti veren MERC\u0130 \u00d6\u011frenci Dan\u0131\u015fmanl\u0131k Merkezi, yine \u00e7ocuklar\u0131m\u0131z\u0131n ve ailelerinin hizmetinde, onlara destek veriyorlar. Buradan \u00f6\u011frencilerimiz ve velileri, lise tercihleriyle ilgili merak ettikleri t\u00fcm bilgileri bu hafta sonu da dahil 16 Temmuz\u2019a kadar MERC\u0130\u2019de g\u00f6revli rehber \u00f6\u011fretmenlerine dan\u0131\u015fabilirler\u201d ifadelerine yer verdi. <\/p>\n<p>B\u00fcy\u00fck\u015fehir\u2019in spor ve k\u00fclt\u00fcr-sanat yaz kurslar\u0131 ba\u015fl\u0131yor<\/p>\n<p>Pandemi nedeniyle ara verilen spor ve k\u00fclt\u00fcr-sanat kurslar\u0131n\u0131n yeniden ba\u015flayaca\u011f\u0131n\u0131 kaydeden Ba\u015fkan Se\u00e7er, \u201c\u00dccretsiz olarak sa\u011flad\u0131\u011f\u0131m\u0131z bu hizmetleri tekrar ba\u015flat\u0131yoruz. K\u00fclt\u00fcr ve Sosyal \u0130\u015fler Dairemizin \u00f6nc\u00fcl\u00fc\u011f\u00fcnde tiyatro alan\u0131nda oyunculuk ve diksiyon, konservatuar alan\u0131nda ise ses e\u011fitimi, ba\u011flama, ud, keman, kanun, ritim, gitar ve piyano ile halk oyunlar\u0131, resim alanlar\u0131nda kurslar\u0131m\u0131z\u0131 bu yaz verece\u011fiz. Kurslarda pandemi \u00f6nlemlerine azami \u00f6zen g\u00f6sterece\u011fiz ve gerekli t\u00fcm \u00f6nlemleri alaca\u011f\u0131z. Bu kapsamda dersler en fazla 8 ki\u015fi olacak bi\u00e7imde verilecek. Kurslar 26 Temmuz\u2019da ba\u015flay\u0131p 30 Eyl\u00fcl\u2019de son bulacak. Kurslardan yararlanmak isteyen \u00e7ocuklar\u0131m\u0131z 9 Temmuz\u2019a yani yar\u0131na kadar sosyal medya hesaplar\u0131m\u0131z \u00fczerindeki telefonlara ya da Teksin\u2019e ba\u015fvurabilirler. Teksin\u2019in bir \u00f6zelli\u011fi daha \u00e7\u0131km\u0131\u015f oldu, lansman\u0131n\u0131 yeni yapt\u0131\u011f\u0131m\u0131z i\u00e7in reklam\u0131n\u0131 da yapmaya gayret ediyoruz\u201d dedi.<\/p>\n<p>\u201cMersin spor dolu, Mersinliler sa\u011fl\u0131kl\u0131 ve mutlu\u201d<\/p>\n<p>Ba\u015fkan Se\u00e7er, 5 Temmuz\u2019da spor kurslar\u0131n\u0131n yeniden ba\u015flad\u0131\u011f\u0131n\u0131 hat\u0131rlatarak, \u201c\u2018Mersin spor dolu, Mersinliler sa\u011fl\u0131kl\u0131 ve mutlu\u2019 slogan\u0131yla toplam 27 bran\u015fta yeniden ba\u015flad\u0131. Bunlar; at\u0131c\u0131l\u0131k, atletizm, badminton, basketbol, bisiklet, bocce, jimnastik, eskrim, fitness, futbol, geleneksel ok\u00e7uluk, g\u00fcre\u015f, hentbol, izcilik, judo, karate, k\u00fcrek, masa tenisi, ok\u00e7uluk, optimist, oryantiring, su topu, tekvando, tenis, voleybol, yelken ve y\u00fczme. Bu bran\u015flarda verilecek kurslardan 7\u2019den 70\u2019e t\u00fcm vatanda\u015flar\u0131m\u0131z \u00fccretsiz olarak faydalanabilecek\u201d diye konu\u015ftu.<\/p>\n<p>3 b\u00fcy\u00fck proje i\u00e7in imzalar at\u0131ld\u0131<\/p>\n<p>Ba\u015fkan Se\u00e7er, ge\u00e7ti\u011fimiz g\u00fcnlerde Ankara\u2019da imzalanan \u201c\u0130lbank &#038; MESK\u0130 Genel M\u00fcd\u00fcrl\u00fc\u011f\u00fc Alt Finansman Anla\u015fmas\u0131\u201dn\u0131 de\u011ferlendirerek, \u201cMezitli \u0130\u00e7mesuyu Projesi\u201d, \u201cErdemli il\u00e7esi T\u00f6m\u00fck ve Arpa\u00e7bah\u015fi\u015f Mahalleleri Kanalizasyon \u015eebekesi, At\u0131ksu Ar\u0131tma Tesisi ve Derin Deniz De\u015farj\u0131 Projeleri\u201d ile \u201cAkdeniz il\u00e7esi Toroslar, Kazanl\u0131 ve Homurlu Mahalleleri Kanalizasyon \u015eebekesi\u201d olmak \u00fczere 3 \u00f6nemli proje i\u00e7in yap\u0131lan protokol\u00fc imzalad\u0131klar\u0131n\u0131 an\u0131msatt\u0131. Se\u00e7er, s\u00f6zlerine \u015f\u00f6yle devam etti:<\/p>\n<p>\u201cBu projelerin birincisi Mezitli\u2019yi ilgilendiriyor. Deniz, H\u00fcrriyet, Tece, Seymenli, Cumhuriyet, \u0130stiklal, Esenba\u011flar, Anayurt, Eski Mezitli, Viran\u015fehir, Merkez, \u015eahin Tepesi, Davultepe, 75. Y\u0131l, Akdeniz, \u00c7aml\u0131ca, Kuyuluk, \u00c7ankaya, Kale, Menderes, Yeni Mahalle, Fatih ve Atat\u00fcrk Mahallelerinin yararlanaca\u011f\u0131 Mezitli \u0130\u00e7me Suyu projesinin hayata ge\u00e7irilmesi i\u00e7in Avrupa Birli\u011fi\u2019nin T\u00fcrkiye\u2019deki m\u00fclteciler i\u00e7in Mali Yard\u0131m Program\u0131 (FRITT II) kapsam\u0131nda ki burada bir parantez a\u00e7mak istiyorum. Ke\u015fke Suriye\u2019de bu \u00e7at\u0131\u015fma ortam\u0131 olmasayd\u0131, insanlar orada \u00f6lmeseydi, o kirli sava\u015f orada olmasayd\u0131, insanlar yerinden yurdundan olmasayd\u0131, o insanlar burada gurbet ellerde de\u011fil vatan\u0131nda, kendi topraklar\u0131nda huzur, bar\u0131\u015f, refah i\u00e7erisinde ya\u015fasayd\u0131 da Avrupal\u0131lar\u0131n bize sundu\u011fu bu sus pay\u0131ndan faydalanmam\u0131\u015f olsayd\u0131k. Her \u015feyden \u00f6nemlisi y\u00f6neticili\u011fi bir tarafa b\u0131rak\u0131yorum, bir insan olarak bu duygular\u0131m\u0131 payla\u015fmak istiyorum. FRITT II kapsam\u0131nda Avrupa Birli\u011fi kaynaklar\u0131ndan Frans\u0131z Kalk\u0131nma Ajans\u0131 arac\u0131l\u0131\u011f\u0131yla temin edilen 17.17 milyon Avro hibe kapsam\u0131nda yap\u0131m i\u015finin y\u00fcr\u00fct\u00fclmesi i\u00e7in \u0130ller Bankas\u0131\u2019yla MESK\u0130 Genel M\u00fcd\u00fcrl\u00fc\u011f\u00fc aras\u0131nda Alt Finansman Anla\u015fmas\u0131\u2019n\u0131 imzalad\u0131k. Projenin uygulanmas\u0131na y\u00f6nelik ihale haz\u0131rl\u0131klar\u0131 son a\u015famas\u0131nda bulunuyor. Asl\u0131nda uzun s\u00fcredir \u00e7al\u0131\u015f\u0131lan bir konu ama pandeminin de getirdi\u011fi etkiler \u00f6zellikle mutlaka kendi b\u00fcrokrasimizde de s\u0131k\u0131nt\u0131lar var ama bu Avrupa kaynakl\u0131, s\u0131n\u0131r d\u0131\u015f\u0131 kaynakl\u0131 projelerin finansman\u0131nda da ona eri\u015fimde de o prosed\u00fcrlerin i\u015flemesinde de muazzam bir yava\u015fl\u0131k var. \u00c7ok b\u00fcy\u00fck s\u0131k\u0131nt\u0131lar ya\u015f\u0131yoruz. Toplant\u0131da da konu\u015fmac\u0131lardan baz\u0131lar\u0131 bunu dile getirdiler. Hem miktar\u0131 hem i\u015fin s\u00fcratine ele\u015ftiri getirdiler. Umut ediyoruz bir an \u00f6nce bu prosed\u00fcrler tamamlan\u0131r, ba\u015fta daha \u00f6nce s\u00fcratle yol ald\u0131\u011f\u0131m\u0131z Mezitli b\u00f6lgemizde az \u00f6nce sayd\u0131\u011f\u0131m mahallelerimizi ilgilendiren i\u00e7me suyu \u015febeke in\u015faat\u0131nda ba\u015flat\u0131r\u0131z. Y\u0131llard\u0131r s\u00fcregelen ki buras\u0131 daha \u00e7ok \u00f6nemli bir b\u00f6lge, en \u00f6nemli altyap\u0131 sorunlar\u0131na \u00e7\u00f6z\u00fcm \u00fcretmek i\u00e7in de FRITT II kapsam\u0131nda Frans\u0131z Kalk\u0131nma Ajans\u0131 arac\u0131l\u0131\u011f\u0131yla temin edilen T\u00f6m\u00fck-Arpa\u00e7bah\u015fi\u015f Kanalizasyon At\u0131ksu Ar\u0131tma Tesisi Derin Deniz De\u015farj\u0131 Projesi i\u00e7in 15 milyon Avro kredi ve yine Toroslar, Kazanl\u0131 ve Homurlu Mahalleleri Kanalizasyon \u015eebekesi Projesi i\u00e7in 7 milyon Avro hibe deste\u011fiyle \u0130ller Bankas\u0131\u2019n\u0131n koordinesinde ger\u00e7ekle\u015ftirilecek olan projelerin hayata ge\u00e7irilmesinde en \u00f6nemli a\u015fama olan \u0130lbank &#038; MESK\u0130 Genel M\u00fcd\u00fcrl\u00fc\u011f\u00fc Alt Finansman Anla\u015fmas\u0131\u2019na imzay\u0131 koyduk. B\u00f6ylece projeler i\u00e7in toplam 39.3 milyon Avro kaynak aktar\u0131lacak. Mersinimize hay\u0131rl\u0131 u\u011furlu olsun diyorum.\u201d<\/p>\n","protected":false},"excerpt":{"rendered":"<p>Mersin B\u00fcy\u00fck\u015fehir Belediye Meclisi\u2019nin 2021 y\u0131l\u0131 Temmuz Ay\u0131 Ola\u011fan Toplant\u0131s\u0131n\u0131n 1. Birle\u015fimi, B\u00fcy\u00fck\u015fehir Belediye Ba\u015fkan\u0131 Vahap Se\u00e7er ba\u015fkanl\u0131\u011f\u0131nda Kongre ve Sergi Saray\u0131\u2019nda ger\u00e7ekle\u015ftirildi. Ba\u015fkan Se\u00e7er, 7326 Say\u0131l\u0131 Kanun kapsam\u0131nda ger\u00e7ekle\u015ftirilen &hellip; <a href=\"https:\/\/akdenizolaygazetesi.com\/?p=13223\" class=\"more-link\">Devam\u0131n\u0131 Oku&#8230;<\/a><\/p>\n","protected":false},"author":2,"featured_media":13224,"comment_status":"open","ping_status":"open","sticky":false,"template":"","format":"standard","meta":[],"categories":[8,2,3,5],"tags":[],"_links":{"self":[{"href":"https:\/\/akdenizolaygazetesi.com\/index.php?rest_route=\/wp\/v2\/posts\/13223"}],"collection":[{"href":"https:\/\/akdenizolaygazetesi.com\/index.php?rest_route=\/wp\/v2\/posts"}],"about":[{"href":"https:\/\/akdenizolaygazetesi.com\/index.php?rest_route=\/wp\/v2\/types\/post"}],"author":[{"embeddable":true,"href":"https:\/\/akdenizolaygazetesi.com\/index.php?rest_route=\/wp\/v2\/users\/2"}],"replies":[{"embeddable":true,"href":"https:\/\/akdenizolaygazetesi.com\/index.php?rest_route=%2Fwp%2Fv2%2Fcomments&post=13223"}],"version-history":[{"count":1,"href":"https:\/\/akdenizolaygazetesi.com\/index.php?rest_route=\/wp\/v2\/posts\/13223\/revisions"}],"predecessor-version":[{"id":13225,"href":"https:\/\/akdenizolaygazetesi.com\/index.php?rest_route=\/wp\/v2\/posts\/13223\/revisions\/13225"}],"wp:featuredmedia":[{"embeddable":true,"href":"https:\/\/akdenizolaygazetesi.com\/index.php?rest_route=\/wp\/v2\/media\/13224"}],"wp:attachment":[{"href":"https:\/\/akdenizolaygazetesi.com\/index.php?rest_route=%2Fwp%2Fv2%2Fmedia&parent=13223"}],"wp:term":[{"taxonomy":"category","embeddable":true,"href":"https:\/\/akdenizolaygazetesi.com\/index.php?rest_route=%2Fwp%2Fv2%2Fcategories&post=13223"},{"taxonomy":"post_tag","embeddable":true,"href":"https:\/\/akdenizolaygazetesi.com\/index.php?rest_route=%2Fwp%2Fv2%2Ftags&post=13223"}],"curies":[{"name":"wp","href":"https:\/\/api.w.org\/{rel}","templated":true}]}}