{"id":13226,"date":"2021-07-09T11:18:59","date_gmt":"2021-07-09T08:18:59","guid":{"rendered":"http:\/\/akdenizolaygazetesi.com\/?p=13226"},"modified":"2021-07-09T11:18:59","modified_gmt":"2021-07-09T08:18:59","slug":"13-ilcede-24-mobil-kesim-unitesi-ve-8-mezbaha-hizmet-verecek","status":"publish","type":"post","link":"https:\/\/akdenizolaygazetesi.com\/?p=13226","title":{"rendered":"13 \u0130L\u00c7EDE 24 MOB\u0130L KES\u0130M \u00dcN\u0130TES\u0130 VE 8 MEZBAHA H\u0130ZMET VERECEK"},"content":{"rendered":"<p>B\u00fcy\u00fck\u015fehir Belediyesi, Kurban Bayram\u0131\u2019nda Mersinlilere hizmet vermek i\u00e7in gerekli t\u00fcm haz\u0131rl\u0131klar\u0131 yapt\u0131. Ekipler, modern mezbahalar\u0131 ve mobil kesim \u00fcnitelerini vatanda\u015flar\u0131n kullan\u0131m\u0131na haz\u0131r hale getirdi. B\u00fcy\u00fck\u015fehir Belediyesi Tar\u0131msal ve Veteriner Hizmetleri Dairesi ekipleri, kesim yerlerinin bak\u0131mlar\u0131ndan dezenfeksiyonlar\u0131na kadar bir\u00e7ok alanda \u00e7al\u0131\u015fma ger\u00e7ekle\u015ftirdi.<\/p>\n<p>24 mobil kesim \u00fcnitesi ve 8 mezbaha hizmette olacak<\/p>\n<p>B\u00fcy\u00fck\u015fehir, Yakak\u00f6y, Tarsus, \u00c7aml\u0131yayla, Erdemli, Mut, G\u00fclnar, Silifke ve Anamur\u2019da yer alan 8 mezbahaya ek olarak Mersin merkezde 7, Tarsus\u2019ta 5, Erdemli\u2019de 4, Silifke, Mut, Anamur, Ayd\u0131nc\u0131k, Bozyaz\u0131, G\u00fclnar ve \u00c7aml\u0131yayla\u2019da 1\u2019er adet olmak \u00fczere toplam 24 mobil kesim \u00fcnitesi ile bayramda hizmet verecek. Mobil kesim \u00fcniteleri bayram\u0131n 1. g\u00fcn\u00fc, mezbahalar ise Kurban Bayram\u0131 boyunca faaliyette olacak. Mobil kesim \u00fcnitelerindeki kesimler 07:00-18:00 saatleri aras\u0131nda yap\u0131lacak.<\/p>\n<p>Mobil kesimhaneler \u00c7aml\u0131yayla\u2019da Sebil, Tarsus\u2019ta G\u00fclek, Yenice, Turkuaz, Ba\u011flar ve 82 Evler, Akdeniz\u2019de 3 Ocak Mahallesi, Mezitli\u2019de Menderes Mahallesi, Yeni\u015fehir\u2019de Macit \u00d6zcan Spor Kompleksi Kar\u015f\u0131s\u0131, Toroslar\u2019da Korukent, Arslank\u00f6y, G\u00f6zne ve Ayvagedi\u011fi, Erdemli\u2019de Otopark Kar\u015f\u0131s\u0131, Karg\u0131p\u0131nar\u0131, Arslanl\u0131 ve Sar\u0131kaya, Silifke\u2019de Kapal\u0131 Pazar Yeri ve G\u00f6kbelen, Mut\u2019ta Sertavul, G\u00fclnar\u2019da Kesimhane Yan\u0131 ile Ayd\u0131nc\u0131k ve Bozyaz\u0131\u2019da merkezde, Anamur\u2019da da sahilde yer al\u0131yor.<\/p>\n<p>Kesimler, 250 sertifikal\u0131 kasap, 110 yard\u0131mc\u0131 personel ve her kesimhanede g\u00f6revli bir veteriner hekim ile veteriner sa\u011fl\u0131k teknikerleri g\u00f6zetmenli\u011finde yap\u0131lacak. Kesim s\u0131ras\u0131nda olu\u015fan at\u0131klar toplanarak bertaraf edilecek. Kesim sonras\u0131 olu\u015fmas\u0131 muhtemel ha\u015ferenin \u00f6n\u00fcne ge\u00e7ilmesi a\u00e7\u0131s\u0131ndan da ila\u00e7lama ve dezenfeksiyon i\u015flemleri ger\u00e7ekle\u015ftirilecek. \u0130tfaiye ekipleri ile \u00c7evre Koruma ve Kontrol Dairesi ekiplerinin koordineli \u00e7al\u0131\u015fmas\u0131yla mobil kesim \u00fcnitesinin \u00e7evresinin hijyeni sa\u011flanacak. Yakak\u00f6y Mezbahas\u0131\u2019nda kurban kesmek isteyen vatanda\u015flar Yakak\u00f6y hatt\u0131na sefer yapan belediye otob\u00fcslerini \u00fccretsiz kullanabilecek.<\/p>\n<p>Ge\u00e7ti\u011fimiz y\u0131l yakla\u015f\u0131k 7 bin 200 k\u00fc\u00e7\u00fckba\u015f ve 300 b\u00fcy\u00fckba\u015f kesim yap\u0131lan mobil kesim \u00fcniteleri ve mezbahalarda bu y\u0131l da kesimler \u00fccretsiz olarak ger\u00e7ekle\u015ftirilecek. Ask\u0131 sistemi ile \u00e7al\u0131\u015f\u0131lan mobil kesim \u00fcniteleri ve mezbahalarda hayvanlar yere de\u011fmeden, hijyenik ko\u015fullarda kesimleri yap\u0131l\u0131yor.<\/p>\n<p>\u201cKurban Bayram\u0131\u2019nda halk\u0131m\u0131za hizmet vermeye haz\u0131r bir vaziyetteyiz\u201d<\/p>\n<p>Tar\u0131msal ve Veteriner Hizmetleri Dairesi\u2019ne ba\u011fl\u0131 Veteriner Hizmetleri ve Mezbahaneler \u015eube M\u00fcd\u00fcr\u00fc Veteriner Hekim Mehmet C\u00fcc\u00fck,  mezbahalar ve mobil kesim \u00fcnitelerinde ger\u00e7ekle\u015ftirdikleri haz\u0131rl\u0131klar\u0131 anlatarak, vatanda\u015flar\u0131n sa\u011fl\u0131\u011f\u0131 i\u00e7in kurbanl\u0131klar\u0131n kesimlerinin mezbahalarda ve mobil kesim \u00fcnitelerinde ger\u00e7ekle\u015ftirilmesinin en ideali oldu\u011funu s\u00f6yledi. C\u00fcc\u00fck, s\u00f6zlerine \u015f\u00f6yle devam etti:<\/p>\n<p>\u201cKurban Bayram\u0131\u2019nda Mersin B\u00fcy\u00fck\u015fehir Belediyesi olarak halk\u0131m\u0131za hizmet vermeye haz\u0131r bir vaziyetteyiz. Bug\u00fcnden itibaren de \u00e7e\u015fitli b\u00f6lgelere ta\u015f\u0131maya ba\u015flayaca\u011f\u0131z. \u015eimdi bu hizmetleri yaparken \u00f6zellikle mobil kesim \u00fcnitelerimizi n\u00fcfusun yo\u011fun oldu\u011fu b\u00f6lgelere \u00f6nem vererek da\u011f\u0131tmaya \u00e7al\u0131\u015f\u0131yoruz. Kesim i\u015fleri tecr\u00fcbe isteyen olaylar. Hayvanlara ac\u0131 \u00e7ektirmeden, s\u0131hhi ve temiz bir \u015fekilde kesimlerinin yap\u0131lmas\u0131n\u0131 sa\u011flamak i\u00e7in bu g\u00f6revi yapmaya ba\u015flad\u0131k. \u00d6zellikle her b\u00f6lgede de her kesim \u00fcnitemizde de teknik personelimiz, veteriner hekimlerimiz g\u00f6rev yapmaktalar. Kesilen hayvanlar\u0131n i\u00e7, d\u0131\u015f organlar\u0131n\u0131n da muayenesini yapmaktalar. \u00d6zellikle kesim i\u00e7in ald\u0131\u011f\u0131m\u0131z hayvanlar\u0131n kulak k\u00fcpesi var m\u0131 yok mu ona \u00f6zellikle dikkat etmemiz gerekiyor. Ayr\u0131ca di\u015fi hayvan olmamas\u0131na dikkat etmemiz gerekir. \u00d6zellikle hayvan pop\u00fclasyonunun devam etmesini sa\u011flamak i\u00e7in di\u015fi kesmemeye gayret edelim.\u201d  <\/p>\n<p>Mobil kesim \u00fcnitesinde sistematik bir d\u00fczen var <\/p>\n<p>Mobil kesim \u00fcnitelerini teknik ve altyap\u0131 \u015fartlar\u0131 uygun olan yerlere yerle\u015ftirdiklerini ifade eden Mehmet C\u00fcc\u00fck, kesim \u00fcnitelerinde sistematik bir d\u00fczen oldu\u011funu ve herhangi bir kar\u0131\u015f\u0131kl\u0131\u011f\u0131n olu\u015fmayaca\u011f\u0131n\u0131 s\u00f6yledi. C\u00fcc\u00fck, \u201cElektrik sistemi, kanalizasyon sistemi gerekiyor. Su olan b\u00f6lgelerin olmas\u0131 gerekiyor. Ayr\u0131ca hayvan pop\u00fclasyonunun, hayvan sat\u0131\u015f\u0131n\u0131n oldu\u011fu b\u00f6lgelerde bu sistemi kurmaya \u00e7al\u0131\u015f\u0131yoruz. Sistemi kurduktan sonra hayvanlar\u0131m\u0131z\u0131 bayram namaz\u0131ndan sonra kesime ba\u015fl\u0131yoruz. 3 metreye 12 metrelik bir mobil sistem\u201d dedi. <\/p>\n<p>C\u00fcc\u00fck, hayvanlar\u0131n birbirine kar\u0131\u015fmamas\u0131 i\u00e7in bileklik sistemi olu\u015fturduklar\u0131n\u0131 belirterek, \u201cBilekli\u011fin numaras\u0131 vatanda\u015f\u0131m\u0131z\u0131n kendisinde var, bir de kestirmi\u015f oldu\u011fu hayvan\u0131n ayak bile\u011finde var. Ayr\u0131ca b\u00fct\u00fcn bu i\u015flemler bittikten sonra itfaiyemizle, zab\u0131tam\u0131zla yard\u0131mla\u015fma yap\u0131yoruz. \u0130tfaiyemiz o b\u00f6lgeyi temizliyor. Ayr\u0131ca \u00e7evre ila\u00e7lamas\u0131n\u0131 yap\u0131yoruz. Kokuyu gidermek i\u00e7in deterjanla y\u0131kan\u0131yor. Ertesi g\u00fcn ortam\u0131 halk\u0131m\u0131za haz\u0131r bir hale getiriyoruz\u201d diye konu\u015ftu.<\/p>\n","protected":false},"excerpt":{"rendered":"<p>B\u00fcy\u00fck\u015fehir Belediyesi, Kurban Bayram\u0131\u2019nda Mersinlilere hizmet vermek i\u00e7in gerekli t\u00fcm haz\u0131rl\u0131klar\u0131 yapt\u0131. Ekipler, modern mezbahalar\u0131 ve mobil kesim \u00fcnitelerini vatanda\u015flar\u0131n kullan\u0131m\u0131na haz\u0131r hale getirdi. B\u00fcy\u00fck\u015fehir Belediyesi Tar\u0131msal ve Veteriner Hizmetleri &hellip; <a href=\"https:\/\/akdenizolaygazetesi.com\/?p=13226\" class=\"more-link\">Devam\u0131n\u0131 Oku&#8230;<\/a><\/p>\n","protected":false},"author":2,"featured_media":13227,"comment_status":"open","ping_status":"open","sticky":false,"template":"","format":"standard","meta":[],"categories":[3,5],"tags":[],"_links":{"self":[{"href":"https:\/\/akdenizolaygazetesi.com\/index.php?rest_route=\/wp\/v2\/posts\/13226"}],"collection":[{"href":"https:\/\/akdenizolaygazetesi.com\/index.php?rest_route=\/wp\/v2\/posts"}],"about":[{"href":"https:\/\/akdenizolaygazetesi.com\/index.php?rest_route=\/wp\/v2\/types\/post"}],"author":[{"embeddable":true,"href":"https:\/\/akdenizolaygazetesi.com\/index.php?rest_route=\/wp\/v2\/users\/2"}],"replies":[{"embeddable":true,"href":"https:\/\/akdenizolaygazetesi.com\/index.php?rest_route=%2Fwp%2Fv2%2Fcomments&post=13226"}],"version-history":[{"count":1,"href":"https:\/\/akdenizolaygazetesi.com\/index.php?rest_route=\/wp\/v2\/posts\/13226\/revisions"}],"predecessor-version":[{"id":13228,"href":"https:\/\/akdenizolaygazetesi.com\/index.php?rest_route=\/wp\/v2\/posts\/13226\/revisions\/13228"}],"wp:featuredmedia":[{"embeddable":true,"href":"https:\/\/akdenizolaygazetesi.com\/index.php?rest_route=\/wp\/v2\/media\/13227"}],"wp:attachment":[{"href":"https:\/\/akdenizolaygazetesi.com\/index.php?rest_route=%2Fwp%2Fv2%2Fmedia&parent=13226"}],"wp:term":[{"taxonomy":"category","embeddable":true,"href":"https:\/\/akdenizolaygazetesi.com\/index.php?rest_route=%2Fwp%2Fv2%2Fcategories&post=13226"},{"taxonomy":"post_tag","embeddable":true,"href":"https:\/\/akdenizolaygazetesi.com\/index.php?rest_route=%2Fwp%2Fv2%2Ftags&post=13226"}],"curies":[{"name":"wp","href":"https:\/\/api.w.org\/{rel}","templated":true}]}}