{"id":13237,"date":"2021-07-10T16:55:31","date_gmt":"2021-07-10T13:55:31","guid":{"rendered":"http:\/\/akdenizolaygazetesi.com\/?p=13237"},"modified":"2021-07-10T16:55:31","modified_gmt":"2021-07-10T13:55:31","slug":"parkur-uzunlugu-kategorilere-gore-belirlendi","status":"publish","type":"post","link":"https:\/\/akdenizolaygazetesi.com\/?p=13237","title":{"rendered":"Parkur Uzunlu\u011fu, Kategorilere G\u00f6re Belirlendi"},"content":{"rendered":"<p>Toroslar Belediyesi, 15 Temmuz Demokrasi ve Milli Birlik G\u00fcn\u00fc&#8217;ne \u00f6zel \u00f6d\u00fcll\u00fc Bisiklet Yar\u0131\u015flar\u0131 d\u00fczenliyor.<\/p>\n<p>Mersin Gen\u00e7lik ve Spor \u0130l M\u00fcd\u00fcrl\u00fc\u011f\u00fc ile birlikte yap\u0131lacak yar\u0131\u015flar, halka ve lisansl\u0131 sporculara a\u00e7\u0131k olacak.<\/p>\n<p>Yar\u0131\u015flar, 15 Temmuz Per\u015fembe g\u00fcn\u00fc saat 09.00&#8217;da Halkkent Mahallesi&#8217;nde bulunan 1000 Ki\u015filik Spor Salonu ve Bocce Tesisi \u00f6n\u00fcndeki parkur al\u0131ndan ba\u015flayacak. Yar\u0131\u015flara kat\u0131lmak isteyenler kay\u0131tlar\u0131n\u0131, yine ayn\u0131 g\u00fcn 15 Temmuz&#8217;da saat 08.00&#8217;da Bocce Tesisi Bisiklet Odas\u0131nda yapt\u0131rabilecek.<\/p>\n<p>Parkur Uzunlu\u011fu, Kategorilere G\u00f6re Belirlendi<\/p>\n<p>Parkur uzunlu\u011funun, lisansl\u0131 sporcular ve halk kategorilerine g\u00f6re belirlendi\u011fi m\u00fcsabakalar\u0131n g\u00fczergah\u0131; Halkkent Mahallesi H\u0131z\u0131r Reis Caddesi&#8217;nden ba\u015flayarak, 238. Caddeden devam edecek ve \u00c7etin Eme\u00e7 Caddesi&#8217;nde son bulacak.<\/p>\n<p>Birincilere kask, ikincilere nab\u0131z saati ve \u00fc\u00e7\u00fcnc\u00fclere km saatinin verilece\u011fi \u00f6d\u00fcl t\u00f6reni ise yar\u0131\u015flar\u0131n ard\u0131ndan 15 Temmuz Per\u015fembe G\u00fcn\u00fc saat 17.00&#8217;da Halkkent Mahallesi Bocce Tesisi \u00f6n\u00fcnde ger\u00e7ekle\u015ftirilecek.<\/p>\n<p>Yar\u0131\u015flarla ilgili bilgi almak isteyenler, 0539 897 59 54 numaral\u0131 telefondan yar\u0131\u015f direkt\u00f6r\u00fc ile g\u00f6r\u00fc\u015febilirler.<\/p>\n<p>BA\u015eKAN YILMAZ; &#8220;15 TEMMUZ&#8217;DA TOROSLAR&#8217;DA BULU\u015eALIM&#8221;<\/p>\n<p>Toroslar Belediye Ba\u015fkan\u0131 Ats\u0131z Af\u015f\u0131n Y\u0131lmaz, 15 Temmuz Demokrasi ve Milli Birlik G\u00fcn\u00fc&#8217;nde d\u00fczenleyecekleri bisiklet yar\u0131\u015flar\u0131na t\u00fcm hem\u015fehrilerini davet etti.<\/p>\n<p>&#8220;15 Temmuz, milletimizin demokrasiye ba\u011fl\u0131l\u0131\u011f\u0131n\u0131n ve her \u015fartta sahip \u00e7\u0131kaca\u011f\u0131n\u0131n en b\u00fcy\u00fck ispat\u0131, milli birli\u011fimizin ve beraberli\u011fimizin de per\u00e7inlendi\u011fi bir g\u00fcnd\u00fcr&#8221; diyen Ba\u015fkan Y\u0131lmaz; &#8220;Bundan  5 y\u0131l \u00f6nce, 15 Temmuz 2016 gecesi devletimize ve milletimize kar\u015f\u0131 yap\u0131lan hain darbe giri\u015fimi, T\u00fcrk Milleti&#8217;nin destans\u0131 direni\u015fiyle etkisiz hale getirilmi\u015ftir. Demokrasinin as\u0131l sahibinin halk\u0131n oldu\u011fu ger\u00e7e\u011fini bir kez daha g\u00f6steren o destans\u0131 geceyi anmak ve \u015fehitlerimizi yad etmek amac\u0131yla 15 Temmuz Demokrasi ve Milli Birlik G\u00fcn\u00fc&#8217;n\u00fcn y\u0131l d\u00f6n\u00fcm\u00fcnde bisiklet yar\u0131\u015flar\u0131 d\u00fczenliyoruz. Yar\u0131\u015flara t\u00fcm hem\u015fehrilerimizi bekliyoruz&#8221; diye konu\u015ftu.<\/p>\n","protected":false},"excerpt":{"rendered":"<p>Toroslar Belediyesi, 15 Temmuz Demokrasi ve Milli Birlik G\u00fcn\u00fc&#8217;ne \u00f6zel \u00f6d\u00fcll\u00fc Bisiklet Yar\u0131\u015flar\u0131 d\u00fczenliyor. Mersin Gen\u00e7lik ve Spor \u0130l M\u00fcd\u00fcrl\u00fc\u011f\u00fc ile birlikte yap\u0131lacak yar\u0131\u015flar, halka ve lisansl\u0131 sporculara a\u00e7\u0131k olacak. &hellip; <a href=\"https:\/\/akdenizolaygazetesi.com\/?p=13237\" class=\"more-link\">Devam\u0131n\u0131 Oku&#8230;<\/a><\/p>\n","protected":false},"author":2,"featured_media":13238,"comment_status":"open","ping_status":"open","sticky":false,"template":"","format":"standard","meta":[],"categories":[3,5],"tags":[],"_links":{"self":[{"href":"https:\/\/akdenizolaygazetesi.com\/index.php?rest_route=\/wp\/v2\/posts\/13237"}],"collection":[{"href":"https:\/\/akdenizolaygazetesi.com\/index.php?rest_route=\/wp\/v2\/posts"}],"about":[{"href":"https:\/\/akdenizolaygazetesi.com\/index.php?rest_route=\/wp\/v2\/types\/post"}],"author":[{"embeddable":true,"href":"https:\/\/akdenizolaygazetesi.com\/index.php?rest_route=\/wp\/v2\/users\/2"}],"replies":[{"embeddable":true,"href":"https:\/\/akdenizolaygazetesi.com\/index.php?rest_route=%2Fwp%2Fv2%2Fcomments&post=13237"}],"version-history":[{"count":1,"href":"https:\/\/akdenizolaygazetesi.com\/index.php?rest_route=\/wp\/v2\/posts\/13237\/revisions"}],"predecessor-version":[{"id":13239,"href":"https:\/\/akdenizolaygazetesi.com\/index.php?rest_route=\/wp\/v2\/posts\/13237\/revisions\/13239"}],"wp:featuredmedia":[{"embeddable":true,"href":"https:\/\/akdenizolaygazetesi.com\/index.php?rest_route=\/wp\/v2\/media\/13238"}],"wp:attachment":[{"href":"https:\/\/akdenizolaygazetesi.com\/index.php?rest_route=%2Fwp%2Fv2%2Fmedia&parent=13237"}],"wp:term":[{"taxonomy":"category","embeddable":true,"href":"https:\/\/akdenizolaygazetesi.com\/index.php?rest_route=%2Fwp%2Fv2%2Fcategories&post=13237"},{"taxonomy":"post_tag","embeddable":true,"href":"https:\/\/akdenizolaygazetesi.com\/index.php?rest_route=%2Fwp%2Fv2%2Ftags&post=13237"}],"curies":[{"name":"wp","href":"https:\/\/api.w.org\/{rel}","templated":true}]}}