{"id":1324,"date":"2020-11-04T18:21:54","date_gmt":"2020-11-04T15:21:54","guid":{"rendered":"http:\/\/mersinekonomipolitikagazetesi.com\/?p=1324"},"modified":"2020-11-04T18:21:54","modified_gmt":"2020-11-04T15:21:54","slug":"suriyeli-cinayetinde-provokasyon-girisimine-3-tutuklama","status":"publish","type":"post","link":"https:\/\/akdenizolaygazetesi.com\/?p=1324","title":{"rendered":"Suriyeli cinayetinde provokasyon giri\u015fimine 3 tutuklama"},"content":{"rendered":"<p>Mersin&#8217;de Suriyeliler taraf\u0131ndan bir ki\u015finin b\u0131\u00e7akla \u00f6ld\u00fcr\u00fclmesinin ard\u0131ndan provokasyon amac\u0131yla baz\u0131 gruplar taraf\u0131ndan \u00e7\u0131kar\u0131lan kavgada 7 ki\u015finin yaralanmas\u0131n\u0131n ard\u0131ndan g\u00f6zalt\u0131na al\u0131nan 10 ki\u015fiden 3&#8217;\u00fc tutukland\u0131.<\/p>\n<p>Edinilen bilgiye g\u00f6re, 15 May\u0131s&#8217;da merkez Akdeniz il\u00e7esine ba\u011fl\u0131 \u015eevket S\u00fcmer Mahallesi&#8217;nde ya\u015fayan Suriyeliler ile mahalle sakini Hanifi Hisak (24) aras\u0131nda g\u00fcr\u00fclt\u00fc y\u00fcz\u00fcnden tart\u0131\u015fma \u00e7\u0131kt\u0131. Tart\u0131\u015fman\u0131n kavgaya d\u00f6nmesi ile b\u0131\u00e7akla a\u011f\u0131r yaralanan Hanifi Hisak, olay yerinde hayat\u0131n\u0131 kaybetti. Olay\u0131n ard\u0131ndan 5&#8217;i karde\u015f 7 Suriyeli Mersin \u0130l Emniyet M\u00fcd\u00fcrl\u00fc\u011f\u00fc Asayi\u015f \u015eube M\u00fcd\u00fcrl\u00fc\u011f\u00fc&#8217;ne ba\u011fl\u0131 Cinayet B\u00fcro Amirli\u011fi ekiplerince g\u00f6zalt\u0131na al\u0131nm\u0131\u015ft\u0131. Adliyeye sevk edilen Suriyelilerden 5&#8217;i tutuklan\u0131rken, 2 ki\u015fi ise serbest kalm\u0131\u015ft\u0131.<br \/>\nHanifi Hisak&#8217;\u0131n \u00f6ld\u00fcr\u00fclmesinden sonra bu olay\u0131 bahane ederek toplanan grup ile b\u00f6lgede ya\u015fayan Suriyeliler aras\u0131nda kavga \u00e7\u0131km\u0131\u015ft\u0131. S\u00f6z konusu grubun Suriyelilere sald\u0131rmas\u0131 \u00fczerine ta\u015f ve sopalar\u0131n kullan\u0131ld\u0131\u011f\u0131 kavgada 7 ki\u015fi yaralanm\u0131\u015f, 2 i\u015f yeri ile 3 ara\u00e7ta hasar olu\u015fmu\u015ftu. Olay\u0131n ter\u00f6r \u00f6rg\u00fct\u00fc sempatizanlar\u0131n\u0131n provokasyon giri\u015fimi oldu\u011funun belirtilmesi \u00fczerine b\u00f6lgeye \u00e7ok say\u0131da polis ve z\u0131rhl\u0131 ara\u00e7 g\u00f6nderilmi\u015f, olaya kar\u0131\u015ft\u0131\u011f\u0131 belirlenen 11 ki\u015fi g\u00f6zalt\u0131na al\u0131nm\u0131\u015ft\u0131.<br \/>\n\u015eah\u0131slardan biri ifadesinin ard\u0131ndan emniyetten serbest b\u0131rak\u0131l\u0131rken, di\u011fer 10 \u015f\u00fcpheli ise ifadelerinin ard\u0131ndan bug\u00fcn adliyeye sevk edildi. 2 ki\u015fi savc\u0131l\u0131k ifadesinin ard\u0131ndan serbest kal\u0131rken, mahkemeye sevk edilen 8 ki\u015fiden 3&#8217;\u00fc tutukland\u0131, 5&#8217;i ise adli kontrol \u015fart\u0131yla serbest kald\u0131.<\/p>\n","protected":false},"excerpt":{"rendered":"<p>Mersin&#8217;de Suriyeliler taraf\u0131ndan bir ki\u015finin b\u0131\u00e7akla \u00f6ld\u00fcr\u00fclmesinin ard\u0131ndan provokasyon amac\u0131yla baz\u0131 gruplar taraf\u0131ndan \u00e7\u0131kar\u0131lan kavgada 7 ki\u015finin yaralanmas\u0131n\u0131n ard\u0131ndan g\u00f6zalt\u0131na al\u0131nan 10 ki\u015fiden 3&#8217;\u00fc tutukland\u0131. Edinilen bilgiye g\u00f6re, 15 May\u0131s&#8217;da &hellip; <a href=\"https:\/\/akdenizolaygazetesi.com\/?p=1324\" class=\"more-link\">Devam\u0131n\u0131 Oku&#8230;<\/a><\/p>\n","protected":false},"author":1,"featured_media":0,"comment_status":"open","ping_status":"open","sticky":false,"template":"","format":"standard","meta":[],"categories":[],"tags":[],"_links":{"self":[{"href":"https:\/\/akdenizolaygazetesi.com\/index.php?rest_route=\/wp\/v2\/posts\/1324"}],"collection":[{"href":"https:\/\/akdenizolaygazetesi.com\/index.php?rest_route=\/wp\/v2\/posts"}],"about":[{"href":"https:\/\/akdenizolaygazetesi.com\/index.php?rest_route=\/wp\/v2\/types\/post"}],"author":[{"embeddable":true,"href":"https:\/\/akdenizolaygazetesi.com\/index.php?rest_route=\/wp\/v2\/users\/1"}],"replies":[{"embeddable":true,"href":"https:\/\/akdenizolaygazetesi.com\/index.php?rest_route=%2Fwp%2Fv2%2Fcomments&post=1324"}],"version-history":[{"count":0,"href":"https:\/\/akdenizolaygazetesi.com\/index.php?rest_route=\/wp\/v2\/posts\/1324\/revisions"}],"wp:attachment":[{"href":"https:\/\/akdenizolaygazetesi.com\/index.php?rest_route=%2Fwp%2Fv2%2Fmedia&parent=1324"}],"wp:term":[{"taxonomy":"category","embeddable":true,"href":"https:\/\/akdenizolaygazetesi.com\/index.php?rest_route=%2Fwp%2Fv2%2Fcategories&post=1324"},{"taxonomy":"post_tag","embeddable":true,"href":"https:\/\/akdenizolaygazetesi.com\/index.php?rest_route=%2Fwp%2Fv2%2Ftags&post=1324"}],"curies":[{"name":"wp","href":"https:\/\/api.w.org\/{rel}","templated":true}]}}