{"id":13243,"date":"2021-07-10T17:04:26","date_gmt":"2021-07-10T14:04:26","guid":{"rendered":"http:\/\/akdenizolaygazetesi.com\/?p=13243"},"modified":"2021-07-10T17:04:26","modified_gmt":"2021-07-10T14:04:26","slug":"uluslar-arasi-turuncgil-kongresine-de-50-bin-tl-destek","status":"publish","type":"post","link":"https:\/\/akdenizolaygazetesi.com\/?p=13243","title":{"rendered":"Uluslar aras\u0131 Turun\u00e7gil Kongresi\u2019ne de 50 bin TL destek"},"content":{"rendered":"<p>Akdeniz Belediye Meclisi, 19. Mersin Uluslararas\u0131 M\u00fczik Festivali&#8217;ne 150 bin TL destek verilmesi y\u00f6n\u00fcnde oybirli\u011fi ile karar ald\u0131. Ba\u015fkan Mustafa G\u00fcltak, k\u00fclt\u00fcr ve sanat faaliyetlerine katk\u0131lar\u0131n\u0131n s\u00fcrece\u011fini kaydederek, &#8220;Festivalin kentimize hay\u0131rl\u0131 u\u011furlu olmas\u0131n\u0131 temenni ediyorum&#8221; diye konu\u015ftu.<br \/>\nAkdeniz Belediye Meclisi, Temmuz ay\u0131 ikinci birle\u015fiminde, 11 Eyl\u00fcl\u20132 Ekim 2021 tarihleri aras\u0131nda ger\u00e7ekle\u015ftirilecek olan \u201c19\u2019uncu Mersin Uluslararas\u0131 M\u00fczik Festivali\u2019ne\u201d, Akdeniz Belediyesi\u2019nce yap\u0131lacak KDV d\u00e2hil 150 bin TL maddi destek verilmesi, Meclis\u2019in oybirli\u011fi karar\u0131 ile kabul edildi.<br \/>\nUluslar aras\u0131 Turun\u00e7gil Kongresi\u2019ne de 50 bin TL destek<br \/>\n\u00d6te yandan; Yeni\u015fehir Atat\u00fcrk K\u00fclt\u00fcr ve Kongre Merkezi&#8217;nde 7-12 Kas\u0131m 2021 tarihlerinde ger\u00e7ekle\u015ftirilecek olan 14\u2019\u00fcnc\u00fc Uluslararas\u0131 Turun\u00e7gil Kongresi\u2019ne de Akdeniz Belediyesi taraf\u0131ndan yap\u0131lacak KDV hari\u00e7 50 bin TL maddi deste\u011fin sa\u011flanmas\u0131 da oybirli\u011fi ile Meclis\u2019ten ge\u00e7ti.<br \/>\nMecliste; Karaduvar Mahallesi 138 Ada 5, 6 ve 7 parselleri kapsayan 1\/1000 \u00d6l\u00e7ekli Uygulama \u0130mar Plan\u0131 De\u011fi\u015fikli\u011fi kapsam\u0131nda, ilgili parsellerin t\u00fcm\u00fcnde gri su \u00fcretmek amac\u0131yla kurulacak su art\u0131ma tesisi olarak kullan\u0131lmak ko\u015fulu ile Sanayi ve Depolama alan\u0131 olarak kabul\u00fcne Meclis\u2019te oybirli\u011fi ile karar verildi.<br \/>\nToplant\u0131da ayr\u0131ca, \u0130hsaniye Mahallesi&#8217;nde Serdal Kuyucuo\u011flu Park\u0131 i\u00e7erisinde belediyeye ait binan\u0131n, muhtarl\u0131k binas\u0131 olarak kullan\u0131lmak ve her t\u00fcrl\u00fc abonelik i\u015flemlerinin muhtarl\u0131k ad\u0131na yap\u0131lmas\u0131 \u015fart\u0131 ile \u0130hsaniye Mahalle Muhtarl\u0131\u011f\u0131&#8217;na bedelsiz tahsisi ile ilgili teklif de oybirli\u011fi ile kabul edildi.<br \/>\nPamukluk Baraj\u0131 ve sulama kanallar\u0131n\u0131 acil olarak tamamlamas\u0131 i\u00e7in meclisin ve komisyonlar\u0131n konuyu yerinde g\u00f6rmesi, inceleyip, raporlamas\u0131 ve konunun takip\u00e7isi olmas\u0131, kamuoyu olu\u015fturmas\u0131, gerekli mercileri zorlay\u0131c\u0131 olmas\u0131, sorumluluk almas\u0131 ve \u00e7\u00f6z\u00fcm\u00fc i\u00e7in duyarl\u0131l\u0131k i\u00e7inde bulunulmas\u0131 ile ilgili olarak meclise gelen \u00f6nerge de karara ba\u011flanarak oybirli\u011fi ile Meclis\u2019ten ge\u00e7ti.<br \/>\nBir sonraki Akdeniz Belediye Meclis Toplant\u0131s\u0131, 6 Eyl\u00fcl 2021 Pazartesi g\u00fcn\u00fc saat 10:00\u2019da yap\u0131lacak.<\/p>\n","protected":false},"excerpt":{"rendered":"<p>Akdeniz Belediye Meclisi, 19. Mersin Uluslararas\u0131 M\u00fczik Festivali&#8217;ne 150 bin TL destek verilmesi y\u00f6n\u00fcnde oybirli\u011fi ile karar ald\u0131. Ba\u015fkan Mustafa G\u00fcltak, k\u00fclt\u00fcr ve sanat faaliyetlerine katk\u0131lar\u0131n\u0131n s\u00fcrece\u011fini kaydederek, &#8220;Festivalin kentimize &hellip; <a href=\"https:\/\/akdenizolaygazetesi.com\/?p=13243\" class=\"more-link\">Devam\u0131n\u0131 Oku&#8230;<\/a><\/p>\n","protected":false},"author":2,"featured_media":0,"comment_status":"open","ping_status":"open","sticky":false,"template":"","format":"standard","meta":[],"categories":[34,2,3,5],"tags":[],"_links":{"self":[{"href":"https:\/\/akdenizolaygazetesi.com\/index.php?rest_route=\/wp\/v2\/posts\/13243"}],"collection":[{"href":"https:\/\/akdenizolaygazetesi.com\/index.php?rest_route=\/wp\/v2\/posts"}],"about":[{"href":"https:\/\/akdenizolaygazetesi.com\/index.php?rest_route=\/wp\/v2\/types\/post"}],"author":[{"embeddable":true,"href":"https:\/\/akdenizolaygazetesi.com\/index.php?rest_route=\/wp\/v2\/users\/2"}],"replies":[{"embeddable":true,"href":"https:\/\/akdenizolaygazetesi.com\/index.php?rest_route=%2Fwp%2Fv2%2Fcomments&post=13243"}],"version-history":[{"count":1,"href":"https:\/\/akdenizolaygazetesi.com\/index.php?rest_route=\/wp\/v2\/posts\/13243\/revisions"}],"predecessor-version":[{"id":13245,"href":"https:\/\/akdenizolaygazetesi.com\/index.php?rest_route=\/wp\/v2\/posts\/13243\/revisions\/13245"}],"wp:attachment":[{"href":"https:\/\/akdenizolaygazetesi.com\/index.php?rest_route=%2Fwp%2Fv2%2Fmedia&parent=13243"}],"wp:term":[{"taxonomy":"category","embeddable":true,"href":"https:\/\/akdenizolaygazetesi.com\/index.php?rest_route=%2Fwp%2Fv2%2Fcategories&post=13243"},{"taxonomy":"post_tag","embeddable":true,"href":"https:\/\/akdenizolaygazetesi.com\/index.php?rest_route=%2Fwp%2Fv2%2Ftags&post=13243"}],"curies":[{"name":"wp","href":"https:\/\/api.w.org\/{rel}","templated":true}]}}