{"id":13246,"date":"2021-07-10T17:08:34","date_gmt":"2021-07-10T14:08:34","guid":{"rendered":"http:\/\/akdenizolaygazetesi.com\/?p=13246"},"modified":"2021-07-10T17:08:34","modified_gmt":"2021-07-10T14:08:34","slug":"buyuksehir-bisiklet-yolunda-karsilasilan-yaya-ve-tasit-engeline-karsi-cagri-yapti","status":"publish","type":"post","link":"https:\/\/akdenizolaygazetesi.com\/?p=13246","title":{"rendered":"B\u00dcY\u00dcK\u015eEH\u0130R, B\u0130S\u0130KLET YOLUNDA KAR\u015eILA\u015eILAN YAYA VE TA\u015eIT ENGEL\u0130NE KAR\u015eI \u00c7A\u011eRI YAPTI"},"content":{"rendered":"<p>Mersin B\u00fcy\u00fck\u015fehir Belediyesi, sa\u011fl\u0131kl\u0131 ula\u015f\u0131m arac\u0131 olan bisiklet kullan\u0131m\u0131n\u0131 yayg\u0131nla\u015ft\u0131rmak i\u00e7in kent genelinde \u00e7al\u0131\u015fmalar\u0131n\u0131 h\u0131zla s\u00fcrd\u00fcr\u00fcyor. B\u00fcy\u00fck\u015fehir Belediyesi Ula\u015f\u0131m Dairesi taraf\u0131ndan kent merkezinde ba\u015flat\u0131lan 18.2 kilometrelik 1. etap bisiklet yolu \u00e7al\u0131\u015fmalar\u0131nda son a\u015famaya gelindi. \u00c7al\u0131\u015fmalar\u0131 tamamlanan ve bisiklet kullan\u0131c\u0131lar\u0131n\u0131n hizmetine a\u00e7\u0131lan yollar i\u00e7in B\u00fcy\u00fck\u015fehir Belediyesi yayalara ve ta\u015f\u0131t sahiplerine \u00e7a\u011fr\u0131da bulundu. Bisiklet yolunun yayalar ve di\u011fer ta\u015f\u0131tlar taraf\u0131ndan kullan\u0131m\u0131n\u0131n hem y\u00f6netmelik gere\u011fi hem de vatanda\u015flar\u0131n g\u00fcvenli\u011fi a\u00e7\u0131s\u0131ndan do\u011fru olmad\u0131\u011f\u0131 belirtildi.<\/p>\n<p>18.2 kilometrelik bisiklet yolunun y\u00fczde 90\u2019\u0131 tamamland\u0131<\/p>\n<p>Bisiklet Yolu Projesi\u2019nin ilk etab\u0131 olan ve Mezitli Menderes Mahallesi\u2019nden Akdeniz Nusratiye Mahallesi\u2019ne kadar olan 18.2 kilometrelik 1. k\u0131s\u0131m etab\u0131n\u0131n yap\u0131m\u0131nda son a\u015famaya gelindi. Projenin tamamlanan y\u00fczde 90\u2019l\u0131k k\u0131sm\u0131 bisikletlilerin kullan\u0131m\u0131na a\u00e7\u0131ld\u0131. Kalan y\u00fczde 10\u2019luk k\u0131sm\u0131n \u00e7al\u0131\u015fmalar\u0131 ise s\u00fcratle devam ediyor.<\/p>\n<p>\u201cHem y\u00f6netmelik gere\u011fi hem vatanda\u015flar\u0131m\u0131z\u0131n g\u00fcvenli\u011fi a\u00e7\u0131s\u0131ndan do\u011fru olmad\u0131\u011f\u0131n\u0131 d\u00fc\u015f\u00fcn\u00fcyoruz\u201d<\/p>\n<p>Mersin B\u00fcy\u00fck\u015fehir Belediyesi Ula\u015f\u0131m Dairesi\u2019nde g\u00f6revli \u0130n\u015faat M\u00fchendisi O\u011fuz Kaan Turgut, \u00e7al\u0131\u015fmalar\u0131nda son a\u015famaya gelinen bisiklet yolunun yaln\u0131zca bisiklet kullan\u0131c\u0131lar\u0131na ayr\u0131lmas\u0131 y\u00f6n\u00fcnde Mersinlilere \u00e7a\u011fr\u0131da bulundu. Turgut, a\u00e7\u0131klamas\u0131nda \u015fu ifadelere yer verdi:<\/p>\n<p>\u201cBelediye Ba\u015fkan\u0131m\u0131z\u0131n \u00f6nc\u00fcl\u00fc\u011f\u00fcnde Mersin\u2019i bir bisiklet cenneti haline getirebilmek ve ayn\u0131 zamanda insanlar\u0131 sa\u011fl\u0131kl\u0131 ula\u015f\u0131m t\u00fcr\u00fcne \u00f6zendirmek i\u00e7in bu yola \u00e7\u0131kt\u0131k. \u015eu anda bisiklet yolumuzun in\u015faat kalemi olarak y\u00fczde 90\u2019l\u0131k bir k\u0131sm\u0131 bitti. Geri kalan k\u0131s\u0131mlarda da az bir i\u015flem kald\u0131. Tamamen ula\u015f\u0131m ama\u00e7l\u0131 olan bu bisiklet yollar\u0131m\u0131zda vatanda\u015flar\u0131m\u0131zdan talebimiz, bisiklet yolunu bisiklet kullan\u0131c\u0131lar\u0131na b\u0131rakmalar\u0131. Bu do\u011frultuda \u00f6zveri bekliyoruz. Mersin halk\u0131n\u0131n da \u00e7ok duyarl\u0131 oldu\u011funu biliyoruz. Bu konuda bizlere yard\u0131mc\u0131 olmalar\u0131n\u0131 istiyoruz. Bizler yapmam\u0131z gereken \u00e7al\u0131\u015fmalar\u0131, gerekli ta\u015f\u0131t trafi\u011finin oldu\u011fu b\u00f6lgelerde elimizden geldi\u011fince sa\u011flad\u0131k. Ama sahil kesimlerinde, K\u00fclt\u00fcr Park, Atat\u00fcrk Park\u0131 k\u0131sm\u0131nda ise vatanda\u015flar\u0131m\u0131zdan ricam\u0131z, bisiklet yolunu bisiklet kullan\u0131c\u0131lar\u0131na b\u0131rakmalar\u0131. Onlar i\u00e7in ayr\u0131lm\u0131\u015f olan yaya yollar\u0131n\u0131 kullanmalar\u0131n\u0131 tavsiye ediyoruz. Bisiklet yollar\u0131n\u0131 ayn\u0131 zamanda scooter kullan\u0131c\u0131lar\u0131 da kullanabiliyor. Di\u011fer lastikli ta\u015f\u0131t ara\u00e7lar\u0131n\u0131n bu band\u0131 kullanmas\u0131n\u0131n hem y\u00f6netmelik gere\u011fi hem de vatanda\u015flar\u0131m\u0131z\u0131n g\u00fcvenli\u011fi a\u00e7\u0131s\u0131ndan do\u011fru olmad\u0131\u011f\u0131n\u0131 d\u00fc\u015f\u00fcn\u00fcyoruz.\u201d<\/p>\n","protected":false},"excerpt":{"rendered":"<p>Mersin B\u00fcy\u00fck\u015fehir Belediyesi, sa\u011fl\u0131kl\u0131 ula\u015f\u0131m arac\u0131 olan bisiklet kullan\u0131m\u0131n\u0131 yayg\u0131nla\u015ft\u0131rmak i\u00e7in kent genelinde \u00e7al\u0131\u015fmalar\u0131n\u0131 h\u0131zla s\u00fcrd\u00fcr\u00fcyor. B\u00fcy\u00fck\u015fehir Belediyesi Ula\u015f\u0131m Dairesi taraf\u0131ndan kent merkezinde ba\u015flat\u0131lan 18.2 kilometrelik 1. etap bisiklet yolu &hellip; <a href=\"https:\/\/akdenizolaygazetesi.com\/?p=13246\" class=\"more-link\">Devam\u0131n\u0131 Oku&#8230;<\/a><\/p>\n","protected":false},"author":2,"featured_media":13247,"comment_status":"open","ping_status":"open","sticky":false,"template":"","format":"standard","meta":[],"categories":[3,5,10],"tags":[],"_links":{"self":[{"href":"https:\/\/akdenizolaygazetesi.com\/index.php?rest_route=\/wp\/v2\/posts\/13246"}],"collection":[{"href":"https:\/\/akdenizolaygazetesi.com\/index.php?rest_route=\/wp\/v2\/posts"}],"about":[{"href":"https:\/\/akdenizolaygazetesi.com\/index.php?rest_route=\/wp\/v2\/types\/post"}],"author":[{"embeddable":true,"href":"https:\/\/akdenizolaygazetesi.com\/index.php?rest_route=\/wp\/v2\/users\/2"}],"replies":[{"embeddable":true,"href":"https:\/\/akdenizolaygazetesi.com\/index.php?rest_route=%2Fwp%2Fv2%2Fcomments&post=13246"}],"version-history":[{"count":1,"href":"https:\/\/akdenizolaygazetesi.com\/index.php?rest_route=\/wp\/v2\/posts\/13246\/revisions"}],"predecessor-version":[{"id":13248,"href":"https:\/\/akdenizolaygazetesi.com\/index.php?rest_route=\/wp\/v2\/posts\/13246\/revisions\/13248"}],"wp:featuredmedia":[{"embeddable":true,"href":"https:\/\/akdenizolaygazetesi.com\/index.php?rest_route=\/wp\/v2\/media\/13247"}],"wp:attachment":[{"href":"https:\/\/akdenizolaygazetesi.com\/index.php?rest_route=%2Fwp%2Fv2%2Fmedia&parent=13246"}],"wp:term":[{"taxonomy":"category","embeddable":true,"href":"https:\/\/akdenizolaygazetesi.com\/index.php?rest_route=%2Fwp%2Fv2%2Fcategories&post=13246"},{"taxonomy":"post_tag","embeddable":true,"href":"https:\/\/akdenizolaygazetesi.com\/index.php?rest_route=%2Fwp%2Fv2%2Ftags&post=13246"}],"curies":[{"name":"wp","href":"https:\/\/api.w.org\/{rel}","templated":true}]}}