{"id":13249,"date":"2021-07-10T17:10:38","date_gmt":"2021-07-10T14:10:38","guid":{"rendered":"http:\/\/akdenizolaygazetesi.com\/?p=13249"},"modified":"2021-07-10T17:10:38","modified_gmt":"2021-07-10T14:10:38","slug":"buyuksehir-gsk-temsilcisi-teakwondoda-turkiye-3-su-oldu","status":"publish","type":"post","link":"https:\/\/akdenizolaygazetesi.com\/?p=13249","title":{"rendered":"B\u00dcY\u00dcK\u015eEH\u0130R GSK TEMS\u0130LC\u0130S\u0130 TEAKWONDO\u2019DA T\u00dcRK\u0130YE 3.\u2019S\u00dc OLDU"},"content":{"rendered":"<p>Mersin B\u00fcy\u00fck\u015fehir Belediyesi, spora ve sanata verdi\u011fi \u00f6nemle d\u00fczenlenen yar\u0131\u015fmalardan y\u0131ld\u0131z\u0131 parlayarak ayr\u0131l\u0131yor. B\u00fcy\u00fck\u015fehir temsilcileri, hem spor hem dans alan\u0131nda d\u00fczenlenen yar\u0131\u015fmalardan ba\u015far\u0131 elde etti.<\/p>\n<p>\u0130ki yar\u0131\u015fmadan da T\u00fcrkiye \u00fc\u00e7\u00fcnc\u00fcl\u00fc\u011f\u00fc geldi<\/p>\n<p>Ankara\u2019da yap\u0131lan Y\u0131ld\u0131zlar T\u00fcrkiye Taekwondo \u015eampiyonas\u0131\u2019nda 37 kilogramda Mersin B\u00fcy\u00fck\u015fehir Belediyesi Gen\u00e7lik ve Spor Kul\u00fcb\u00fc sporcusu Onur Kaan Sar\u0131budak, yar\u0131\u015fmaya kat\u0131lan 94 sporcu aras\u0131nda b\u00fcy\u00fck ba\u015far\u0131 g\u00f6stererek T\u00fcrkiye 3.\u2019s\u00fc oldu.<\/p>\n<p>Dans yar\u0131\u015fmas\u0131nda 3. oldular<\/p>\n<p>B\u00fcy\u00fck\u015fehir Belediyesi Engelliler ve Sa\u011fl\u0131k Hizmetleri Dairesi\u2019nde \u00e7al\u0131\u015fan 40 ya\u015f\u0131ndaki Kenan \u00d6zkan, \u201cHedef T\u00fcrkiye \u015fampiyonu olmak\u201d diyerek, yakla\u015f\u0131k 2 ay Tekerlekli Sandalye Dans 4. T\u00fcrkiye \u015eampiyonas\u0131\u2019na haz\u0131rland\u0131. 9 Temmuz\u2019da Antalya\u2019da d\u00fczenlenen \u015fampiyonada \u00d6zkan\u2019a \u00e7al\u0131\u015fma arkada\u015f\u0131 K\u00fcbra Melike Sa\u00e7\u0131kara partner oldu. Y\u00fcr\u00fcme engeline ra\u011fmen bir\u00e7ok bran\u015fta \u015fampiyonluklar\u0131 bulunan \u00d6zkan,  \u201cIndila-Derni\u00e8re Danse\u201d \u015fark\u0131s\u0131yla haz\u0131rlad\u0131klar\u0131 koreografiyle kat\u0131ld\u0131klar\u0131 yar\u0131\u015fmadan  T\u00fcrkiye 3.\u2019s\u00fc olarak kente mutlu d\u00f6nd\u00fc.<\/p>\n","protected":false},"excerpt":{"rendered":"<p>Mersin B\u00fcy\u00fck\u015fehir Belediyesi, spora ve sanata verdi\u011fi \u00f6nemle d\u00fczenlenen yar\u0131\u015fmalardan y\u0131ld\u0131z\u0131 parlayarak ayr\u0131l\u0131yor. B\u00fcy\u00fck\u015fehir temsilcileri, hem spor hem dans alan\u0131nda d\u00fczenlenen yar\u0131\u015fmalardan ba\u015far\u0131 elde etti. \u0130ki yar\u0131\u015fmadan da T\u00fcrkiye \u00fc\u00e7\u00fcnc\u00fcl\u00fc\u011f\u00fc &hellip; <a href=\"https:\/\/akdenizolaygazetesi.com\/?p=13249\" class=\"more-link\">Devam\u0131n\u0131 Oku&#8230;<\/a><\/p>\n","protected":false},"author":2,"featured_media":13250,"comment_status":"open","ping_status":"open","sticky":false,"template":"","format":"standard","meta":[],"categories":[3,10],"tags":[],"_links":{"self":[{"href":"https:\/\/akdenizolaygazetesi.com\/index.php?rest_route=\/wp\/v2\/posts\/13249"}],"collection":[{"href":"https:\/\/akdenizolaygazetesi.com\/index.php?rest_route=\/wp\/v2\/posts"}],"about":[{"href":"https:\/\/akdenizolaygazetesi.com\/index.php?rest_route=\/wp\/v2\/types\/post"}],"author":[{"embeddable":true,"href":"https:\/\/akdenizolaygazetesi.com\/index.php?rest_route=\/wp\/v2\/users\/2"}],"replies":[{"embeddable":true,"href":"https:\/\/akdenizolaygazetesi.com\/index.php?rest_route=%2Fwp%2Fv2%2Fcomments&post=13249"}],"version-history":[{"count":1,"href":"https:\/\/akdenizolaygazetesi.com\/index.php?rest_route=\/wp\/v2\/posts\/13249\/revisions"}],"predecessor-version":[{"id":13251,"href":"https:\/\/akdenizolaygazetesi.com\/index.php?rest_route=\/wp\/v2\/posts\/13249\/revisions\/13251"}],"wp:featuredmedia":[{"embeddable":true,"href":"https:\/\/akdenizolaygazetesi.com\/index.php?rest_route=\/wp\/v2\/media\/13250"}],"wp:attachment":[{"href":"https:\/\/akdenizolaygazetesi.com\/index.php?rest_route=%2Fwp%2Fv2%2Fmedia&parent=13249"}],"wp:term":[{"taxonomy":"category","embeddable":true,"href":"https:\/\/akdenizolaygazetesi.com\/index.php?rest_route=%2Fwp%2Fv2%2Fcategories&post=13249"},{"taxonomy":"post_tag","embeddable":true,"href":"https:\/\/akdenizolaygazetesi.com\/index.php?rest_route=%2Fwp%2Fv2%2Ftags&post=13249"}],"curies":[{"name":"wp","href":"https:\/\/api.w.org\/{rel}","templated":true}]}}