{"id":1325,"date":"2020-11-04T18:21:54","date_gmt":"2020-11-04T15:21:54","guid":{"rendered":"http:\/\/mersinekonomipolitikagazetesi.com\/?p=1325"},"modified":"2020-11-04T18:21:54","modified_gmt":"2020-11-04T15:21:54","slug":"silifke-festivalinde-sergi-acanlara-tesekkur-belgesi","status":"publish","type":"post","link":"https:\/\/akdenizolaygazetesi.com\/?p=1325","title":{"rendered":"Silifke Festivali&#8217;nde sergi a\u00e7anlara te\u015fekk\u00fcr belgesi"},"content":{"rendered":"<p>Silifke Festivali&#8217;nde sergi a\u00e7anlara te\u015fekk\u00fcr belgesi<br \/>\nSilifke Belediye Ba\u015fkan\u0131 Dr. Mustafa Turgut, bu y\u0131l 44.\u2019s\u00fc kutlanan Uluslararas\u0131 Silifke M\u00fczik ve Folklor Festivali\u2019nde sergi a\u00e7an sanat\u00e7\u0131lara M\u00fcr\u00fcvvet Han\u0131m Kona\u011f\u0131\u2019nda kokteyl vererek, katk\u0131lar\u0131ndan dolay\u0131 te\u015fekk\u00fcr belgesi takdim etti.<\/p>\n<p>Belediye Ba\u015fkan\u0131 Mustafa Turgut, 44. Uluslararas\u0131 Silifke M\u00fczik ve Folklor Festivali etkinlikleri kapsam\u0131nda sergi a\u00e7an Nazan Kundak, O\u011fuzhan Karaduman, Y\u00fcksel B\u00fct\u00fcn, Emine \u0130lkutlu \u0130zdar, Halit Aker ve Grubundakiler, Serdar G\u00fcng\u00f6r, Arda Top\u00e7u, Do\u011fa Merve Akdo\u011fan, T\u00fcrkiye G\u00fczel Sanat Eseri Sahipleri Meslek Birli\u011fi Adana \u015eubesi Ba\u015fkanl\u0131\u011f\u0131, Mahinur \u00c7elimli, Leyla K\u00f6ksoy, Batuhan \u015eim\u015fek, Tuna \u0130kra Bozda\u011f, Atilla \u00d6ver, Huzeyfe Okur ve Cezaevi M\u00fcd\u00fcrl\u00fc\u011f\u00fc\u2019ne katk\u0131lar\u0131ndan dolay\u0131 te\u015fekk\u00fcr belgesi verdi.<br \/>\nBelediye Ba\u015fkan\u0131 Dr. Mustafa Turgut, burada yapt\u0131\u011f\u0131 konu\u015fmas\u0131nda k\u00fclt\u00fcr haftas\u0131n\u0131n dolu dolu bir programla ge\u00e7ti\u011fini belirterek, \u201c1974 y\u0131l\u0131ndan beri k\u00fclt\u00fcr de\u011ferlerimizi ya\u015fatmak, canl\u0131 tutmak, bunu yurt i\u00e7inden ve yurt d\u0131\u015f\u0131ndan gelen insanlara tan\u0131tmak i\u00e7in festivaller yap\u0131yoruz. 1974 y\u0131l\u0131nda M\u00fczik ve Folklor Festivali olarak ba\u015flayan ve 44 y\u0131ld\u0131r ba\u015far\u0131l\u0131 bir \u015fekilde kutlad\u0131\u011f\u0131m\u0131z festivalimizi, bu y\u0131lda en iyi \u015fekilde kutlaman\u0131n heyecan\u0131n\u0131 ve co\u015fkusunu ya\u015fad\u0131k. Bu co\u015fkumuza ve sevincimize her y\u0131l oldu\u011fu gibi bu y\u0131lda el eme\u011fi ve g\u00f6z nuru eserleriyle renk katan ve bizleri yaln\u0131z b\u0131rakmayan \u00e7ok de\u011ferli sanat\u00e7\u0131lar\u0131m\u0131za g\u00f6n\u00fclden te\u015fekk\u00fcr ediyorum. Silifke\u2019de, sanat\u0131n ve sanat\u00e7\u0131n\u0131n bulundu\u011fu bu g\u00fczel kentimizde her zaman k\u00fclt\u00fcrel zenginliklerimizi \u00f6n planda tutmaya, sanat\u0131n ve sanat\u00e7\u0131lar\u0131m\u0131z\u0131n yan\u0131nda olmaya devam edece\u011fiz. Sergi a\u00e7an sanat\u00e7\u0131lar\u0131m\u0131za ve eme\u011fi ge\u00e7en herkese te\u015fekk\u00fcr ediyorum\u201d dedi.<\/p>\n","protected":false},"excerpt":{"rendered":"<p>Silifke Festivali&#8217;nde sergi a\u00e7anlara te\u015fekk\u00fcr belgesi Silifke Belediye Ba\u015fkan\u0131 Dr. Mustafa Turgut, bu y\u0131l 44.\u2019s\u00fc kutlanan Uluslararas\u0131 Silifke M\u00fczik ve Folklor Festivali\u2019nde sergi a\u00e7an sanat\u00e7\u0131lara M\u00fcr\u00fcvvet Han\u0131m Kona\u011f\u0131\u2019nda kokteyl vererek, &hellip; <a href=\"https:\/\/akdenizolaygazetesi.com\/?p=1325\" class=\"more-link\">Devam\u0131n\u0131 Oku&#8230;<\/a><\/p>\n","protected":false},"author":1,"featured_media":0,"comment_status":"open","ping_status":"open","sticky":false,"template":"","format":"standard","meta":[],"categories":[],"tags":[],"_links":{"self":[{"href":"https:\/\/akdenizolaygazetesi.com\/index.php?rest_route=\/wp\/v2\/posts\/1325"}],"collection":[{"href":"https:\/\/akdenizolaygazetesi.com\/index.php?rest_route=\/wp\/v2\/posts"}],"about":[{"href":"https:\/\/akdenizolaygazetesi.com\/index.php?rest_route=\/wp\/v2\/types\/post"}],"author":[{"embeddable":true,"href":"https:\/\/akdenizolaygazetesi.com\/index.php?rest_route=\/wp\/v2\/users\/1"}],"replies":[{"embeddable":true,"href":"https:\/\/akdenizolaygazetesi.com\/index.php?rest_route=%2Fwp%2Fv2%2Fcomments&post=1325"}],"version-history":[{"count":0,"href":"https:\/\/akdenizolaygazetesi.com\/index.php?rest_route=\/wp\/v2\/posts\/1325\/revisions"}],"wp:attachment":[{"href":"https:\/\/akdenizolaygazetesi.com\/index.php?rest_route=%2Fwp%2Fv2%2Fmedia&parent=1325"}],"wp:term":[{"taxonomy":"category","embeddable":true,"href":"https:\/\/akdenizolaygazetesi.com\/index.php?rest_route=%2Fwp%2Fv2%2Fcategories&post=1325"},{"taxonomy":"post_tag","embeddable":true,"href":"https:\/\/akdenizolaygazetesi.com\/index.php?rest_route=%2Fwp%2Fv2%2Ftags&post=1325"}],"curies":[{"name":"wp","href":"https:\/\/api.w.org\/{rel}","templated":true}]}}