{"id":13253,"date":"2021-07-11T10:22:48","date_gmt":"2021-07-11T07:22:48","guid":{"rendered":"http:\/\/akdenizolaygazetesi.com\/?p=13253"},"modified":"2021-07-11T10:22:48","modified_gmt":"2021-07-11T07:22:48","slug":"buyuksehirle-kirac-topraklar-sari-kantaron-cicekleriyle-bezendi","status":"publish","type":"post","link":"https:\/\/akdenizolaygazetesi.com\/?p=13253","title":{"rendered":"B\u00dcY\u00dcK\u015eEH\u0130R\u2019LE KIRA\u00c7 TOPRAKLAR SARI KANTARON \u00c7\u0130\u00c7EKLER\u0130YLE BEZEND\u0130"},"content":{"rendered":"<p>Mersin B\u00fcy\u00fck\u015fehir Belediye Ba\u015fkan\u0131 Vahap Se\u00e7er \u00f6nc\u00fcl\u00fc\u011f\u00fcnde hayata ge\u00e7irilen projeler ile tar\u0131ma ve hayvanc\u0131l\u0131\u011fa sunulan destekler y\u00fczleri g\u00fcld\u00fcrmeye devam ediyor. Tar\u0131msal ve Veteriner Hizmetleri Dairesi koordinesinde Nisan ay\u0131nda Mut ve Bozyaz\u0131 il\u00e7elerinde yap\u0131lan saha ara\u015ft\u0131rmalar\u0131 sonucunda 62 \u00fcreticiye toplam 124 bin kantaron fidesi da\u011f\u0131t\u0131lm\u0131\u015ft\u0131. K\u0131ra\u00e7 topraklarda yeti\u015febilen kantaron fideleri \u00e7i\u00e7ek a\u00e7maya, topra\u011f\u0131 renklendirmeye ba\u015flad\u0131.<\/p>\n<p>B\u00fcy\u00fck\u015fehir sevgi ekiyor, toprak kar\u015f\u0131l\u0131\u011f\u0131n\u0131 veriyor<\/p>\n<p>T\u0131bbi ve aromatik bitkilerin \u00fcreticiye sunaca\u011f\u0131 katk\u0131lar\u0131 g\u00f6z \u00f6n\u00fcnde bulundurarak, Mut ve Bozyaz\u0131 il\u00e7elerinde kantaron fidelerinin yeti\u015ftirilebilece\u011fini tespit eden B\u00fcy\u00fck\u015fehir Belediyesi, yapt\u0131\u011f\u0131 \u00e7al\u0131\u015fmalar sonucunda Nisan ay\u0131nda Bozyaz\u0131 ve Mut il\u00e7elerinde 62 \u00fcreticinin her birine 2\u2019\u015fer bin olmak \u00fczere toplam 124 bin kantaron fidesi da\u011f\u0131tm\u0131\u015ft\u0131. K\u0131ra\u00e7 topraklar\u0131n tar\u0131ma kazand\u0131r\u0131lmas\u0131n\u0131 \u00f6ng\u00f6ren projede ilk \u00e7i\u00e7ekler a\u00e7t\u0131. Mut il\u00e7esi Da\u011fpazar\u0131 Mahallesi \u00fcreticilerinin eskiden at\u0131l vaziyette olan topraklar\u0131 sar\u0131 \u00e7i\u00e7eklerle renklenmeye ba\u015flad\u0131. Proje sayesinde hem par\u00e7al\u0131 olarak kullan\u0131lan 62 arazi tar\u0131ma kazand\u0131r\u0131l\u0131yor hem de \u00fcreticilere yeni bir i\u015f kap\u0131s\u0131 aralan\u0131yor.<\/p>\n<p>\u201cHer ge\u00e7en g\u00fcn yeti\u015fen bu \u00e7i\u00e7eklerimiz bize umut oluyor\u201d<\/p>\n<p>Tar\u0131msal ve Veteriner Hizmetleri Dairesi\u2019nde Ziraat Teknikeri olarak g\u00f6rev yapan Fatma Karata\u015f, t\u0131bbi aromatik bitkiler hakk\u0131nda bilgi verdi. T\u0131bbi aromatik bitkiler aras\u0131nda bulunan sar\u0131 kantaronun hastal\u0131klara iyi geldi\u011fini ve ila\u00e7 sekt\u00f6r\u00fcnde kullan\u0131ld\u0131\u011f\u0131n\u0131 belirten Karata\u015f, k\u0131rsal alanlarda par\u00e7al\u0131 arazilerin tar\u0131ma kazand\u0131r\u0131lmas\u0131 ve kad\u0131n \u00fcreticilere destek sa\u011flanmas\u0131 amac\u0131yla bu projeyi geli\u015ftirdiklerini kaydetti. Fideleri da\u011f\u0131tt\u0131ktan sonra \u00fcreticilere yeti\u015ftirme ko\u015fullar\u0131 ile ilgili bilgiler verdiklerini s\u00f6yleyen Karata\u015f, \u201cDaha sonra da kuraca\u011f\u0131m\u0131z e-ticaret pazarlama yollar\u0131nda onlara destek sunmaya \u00e7al\u0131\u015f\u0131yoruz. Her ge\u00e7en g\u00fcn b\u00fcy\u00fcyen ve geli\u015fen projelerimizle bizler de daha farkl\u0131 projelerle \u00fcreticilerimize destek olmaya \u00e7al\u0131\u015fmak i\u00e7in \u00e7aba sarf ediyoruz. Her ge\u00e7en g\u00fcn yeti\u015fen bu \u00e7i\u00e7eklerimiz bize umut oluyor\u201d ifadelerine yer verdi.<\/p>\n<p>\u201cDa\u011flar\u0131m\u0131z sapsar\u0131 olacak. Cebimiz para g\u00f6recek\u201d<\/p>\n<p>\u00c7i\u00e7eklenen kantaronlarla e\u015fi \u00d6zg\u00fcr Solak ve k\u0131z\u0131 Elif ile birlikte ilgilenen Rukiye Solak, 1 d\u00f6n\u00fcml\u00fck araziye ektikleri kantaronlar\u0131n \u00e7i\u00e7ek a\u00e7mas\u0131yla ya\u015fad\u0131klar\u0131 mutlulu\u011fu dile getirerek, \u201cB\u00fcy\u00fck\u015fehir\u2019e \u00e7ok te\u015fekk\u00fcr ederiz. Getirdiler, k\u0131ra\u00e7 topraklar\u0131m\u0131z\u0131 renklendirdiler, sar\u0131 \u00e7i\u00e7eklerimiz oldu. Bizlere yard\u0131mlar\u0131 dokundu\u011fu i\u00e7in onlara \u00e7ok te\u015fekk\u00fcr ederiz\u201d dedi. Solak, yeni bir \u00fcr\u00fcn\u00fc toprakla bulu\u015fturmu\u015f olman\u0131n heyecan\u0131n\u0131 ya\u015fad\u0131klar\u0131n\u0131 belirterek, \u201cSeneye daha g\u00fczel olacak. \u00c7i\u00e7eklerini toplayaca\u011f\u0131z. Sataca\u011f\u0131z in\u015fallah \u00e7i\u00e7eklerimizi. Da\u011flar\u0131m\u0131z sapsar\u0131 olacak. Cebimiz para g\u00f6recek\u201d diye konu\u015ftu.<\/p>\n<p>\u201cTarlam\u0131z de\u011ferlendi. \u0130n\u015fallah g\u00fczel kazan\u00e7 sa\u011flar\u0131z\u201d<\/p>\n<p>Rukiye Solak\u2019\u0131n e\u015fi \u00d6zg\u00fcr Solak ise sar\u0131 kantarondan ya\u011f da elde etmek istediklerini s\u00f6yleyerek, \u201c\u00c7i\u00e7e\u011fini toplayaca\u011f\u0131z, Allah izin verirse bunlardan kantaron ya\u011f\u0131 yapaca\u011f\u0131z. Pazarlayabilirsek; \u015fifa, iyi geliyor romatizmaya. Bir dahaki sezona daha iyi olmas\u0131n\u0131 bekliyoruz. \u0130n\u015fallah satar\u0131z para kazan\u0131r\u0131z. Te\u015fekk\u00fcr ederiz Vahap Se\u00e7er abimize. Tarlam\u0131z de\u011ferlendi. \u0130n\u015fallah g\u00fczel kazan\u00e7 sa\u011flar\u0131z\u201d dedi.<\/p>\n<p>\u201cBeklentimiz gelecek y\u0131l\u201d<\/p>\n<p>Kantaron fidesi deste\u011finden yararlanarak 3 d\u00f6n\u00fcml\u00fck araziye ekimini yapan Da\u011fpazar\u0131 Mahalle Muhtar\u0131 Mehmet Demir, \u015funlar\u0131 s\u00f6yledi:<\/p>\n<p>\u201cBu fideleri bize hibe eden ba\u015fta Mersin B\u00fcy\u00fck\u015fehir Belediye Ba\u015fkan\u0131m\u0131z Vahap Se\u00e7er\u2019e, eme\u011fi ge\u00e7en t\u00fcm arkada\u015flara sonsuz te\u015fekk\u00fcrlerimi sunar\u0131m. Yakla\u015f\u0131k 10 bin k\u00f6k civar\u0131nda fideyi ektim. Ektikten sonra yakla\u015f\u0131k 10-15 g\u00fcn arayla 4 sefer suyunu vermi\u015f bulunuyoruz. Arazimiz k\u0131ra\u00e7 oldu\u011fu i\u00e7in biraz zor. Hava \u015fartlar\u0131 da kurak gitti\u011fi i\u00e7in biraz s\u0131k\u0131nt\u0131 ya\u015fad\u0131k. Bizim beklentimiz gelecek y\u0131l. Bu y\u0131l kurutmamak \u015fart\u0131yla ayakta tutabilmeyi ama\u00e7l\u0131yoruz. \u0130n\u015fallah, ileriki y\u0131llarda bol kazan\u00e7lar bekleriz.\u201d<\/p>\n","protected":false},"excerpt":{"rendered":"<p>Mersin B\u00fcy\u00fck\u015fehir Belediye Ba\u015fkan\u0131 Vahap Se\u00e7er \u00f6nc\u00fcl\u00fc\u011f\u00fcnde hayata ge\u00e7irilen projeler ile tar\u0131ma ve hayvanc\u0131l\u0131\u011fa sunulan destekler y\u00fczleri g\u00fcld\u00fcrmeye devam ediyor. Tar\u0131msal ve Veteriner Hizmetleri Dairesi koordinesinde Nisan ay\u0131nda Mut ve &hellip; <a href=\"https:\/\/akdenizolaygazetesi.com\/?p=13253\" class=\"more-link\">Devam\u0131n\u0131 Oku&#8230;<\/a><\/p>\n","protected":false},"author":2,"featured_media":13254,"comment_status":"open","ping_status":"open","sticky":false,"template":"","format":"standard","meta":[],"categories":[2,3,5],"tags":[],"_links":{"self":[{"href":"https:\/\/akdenizolaygazetesi.com\/index.php?rest_route=\/wp\/v2\/posts\/13253"}],"collection":[{"href":"https:\/\/akdenizolaygazetesi.com\/index.php?rest_route=\/wp\/v2\/posts"}],"about":[{"href":"https:\/\/akdenizolaygazetesi.com\/index.php?rest_route=\/wp\/v2\/types\/post"}],"author":[{"embeddable":true,"href":"https:\/\/akdenizolaygazetesi.com\/index.php?rest_route=\/wp\/v2\/users\/2"}],"replies":[{"embeddable":true,"href":"https:\/\/akdenizolaygazetesi.com\/index.php?rest_route=%2Fwp%2Fv2%2Fcomments&post=13253"}],"version-history":[{"count":1,"href":"https:\/\/akdenizolaygazetesi.com\/index.php?rest_route=\/wp\/v2\/posts\/13253\/revisions"}],"predecessor-version":[{"id":13255,"href":"https:\/\/akdenizolaygazetesi.com\/index.php?rest_route=\/wp\/v2\/posts\/13253\/revisions\/13255"}],"wp:featuredmedia":[{"embeddable":true,"href":"https:\/\/akdenizolaygazetesi.com\/index.php?rest_route=\/wp\/v2\/media\/13254"}],"wp:attachment":[{"href":"https:\/\/akdenizolaygazetesi.com\/index.php?rest_route=%2Fwp%2Fv2%2Fmedia&parent=13253"}],"wp:term":[{"taxonomy":"category","embeddable":true,"href":"https:\/\/akdenizolaygazetesi.com\/index.php?rest_route=%2Fwp%2Fv2%2Fcategories&post=13253"},{"taxonomy":"post_tag","embeddable":true,"href":"https:\/\/akdenizolaygazetesi.com\/index.php?rest_route=%2Fwp%2Fv2%2Ftags&post=13253"}],"curies":[{"name":"wp","href":"https:\/\/api.w.org\/{rel}","templated":true}]}}