{"id":13256,"date":"2021-07-11T10:24:24","date_gmt":"2021-07-11T07:24:24","guid":{"rendered":"http:\/\/akdenizolaygazetesi.com\/?p=13256"},"modified":"2021-07-11T10:24:24","modified_gmt":"2021-07-11T07:24:24","slug":"dijital-liderler-mersinde-projesinin-16-konugu-sahibinden-com","status":"publish","type":"post","link":"https:\/\/akdenizolaygazetesi.com\/?p=13256","title":{"rendered":"\u201cD\u0130J\u0130TAL L\u0130DERLER MERS\u0130N\u2019DE\u201d PROJES\u0130N\u0130N 16. KONU\u011eU: SAH\u0130B\u0130NDEN.COM"},"content":{"rendered":"<p>Mersin B\u00fcy\u00fck\u015fehir Belediyesi Kariyer Merkezi\u2019nin \u201cDijital Liderler Mersin\u2019de\u201d projesi 2020\u2019den bu yana s\u00fcr\u00fcyor. Bug\u00fcne kadar ger\u00e7ekle\u015ftirilen 16 programda toplam 1100 ki\u015finin kat\u0131l\u0131m sa\u011flad\u0131\u011f\u0131 projeye bu defa sahibinden.com konuk oldu.<\/p>\n<p>Projenin 16. konu\u011fu sahibinden.com oldu<\/p>\n<p>\u0130\u015f arayanlara, i\u015fverenlere ve \u00f6\u011frencilere y\u00f6nelik hizmetleriyle 2019\u2019dan bu yana Mersin\u2019de fark yaratan Kariyer Merkezi, pandemi s\u00fcrecinde ba\u015flatt\u0131\u011f\u0131 \u201cDijital Liderler Mersin\u2019de\u201d projesiyle dikkat \u00e7ekti. Proje ile i\u015f d\u00fcnyas\u0131nda ya\u015fanan belirsizlikler ve \u00e7al\u0131\u015fma hayat\u0131nda meydana gelen de\u011fi\u015fiklikler konusunda fark\u0131ndal\u0131k yarat\u0131lmas\u0131 ama\u00e7land\u0131. Dijital Liderler Mersin\u2019de projesi, 16 kez i\u015f d\u00fcnyas\u0131yla bulu\u015ftu. Bu bulu\u015fmalara \u015fu ana kadar toplam 1100 ki\u015fi kat\u0131l\u0131m sa\u011flarken, son olarak sahibinden.com ile ger\u00e7ekle\u015ftirilen etkinli\u011fe ise 60\u2019tan fazla ki\u015fi kat\u0131ld\u0131.<\/p>\n<p>\u201c\u0130nsanlar\u0131 hayalleri ile bulu\u015fturarak mutluluk yaratmak i\u00e7in \u00e7al\u0131\u015f\u0131yoruz\u201d<\/p>\n<p>Konuklar aras\u0131nda \u2018\u0130\u015fveren Markas\u0131\u2019 konusuyla sahibinden.com Y\u00fcksek K\u0131demli \u00c7al\u0131\u015fan Deneyimi Tasar\u0131mc\u0131s\u0131 Gamze G\u00fcrer de yer ald\u0131. Gamze G\u00fcrer, 7 y\u0131l \u00f6nce i\u015fveren markas\u0131 \u00e7al\u0131\u015fmalar\u0131na ba\u015flad\u0131klar\u0131n\u0131 belirterek, \u201c\u0130nsanlar\u0131 hayalleri ile bulu\u015fturarak mutluluk yaratmak i\u00e7in \u00e7al\u0131\u015f\u0131yoruz. \u0130nsanlar\u0131 hayalleri ile bulu\u015fturarak mutluluk yaratmak vizyonu ger\u00e7ekten \u00e7ok \u00f6nemli, \u00e7ok k\u0131ymetli ve ger\u00e7ekle\u015ftirilmesi de iddial\u0131 bir vizyon. Mutlu \u00e7al\u0131\u015fanlar mutluluk yaratabilir felsefesine inanarak hayalimizi pozitif bir kurum k\u00fclt\u00fcr\u00fc in\u015fa etmek \u00fczere kurduk. Mevcut ve potansiyel \u00e7al\u0131\u015fanlar\u0131m\u0131z, hissedarlar\u0131m\u0131z ve kullan\u0131c\u0131lar\u0131m\u0131z i\u00e7in harika bir i\u015fyeri olmak, bu i\u015fyerinde de mutlu \u00e7al\u0131\u015fanlar\u0131n yer almas\u0131 ile m\u00fcmk\u00fcnd\u00fcr. \u0130\u015fveren markas\u0131 \u00e7al\u0131\u015fmalar\u0131n\u0131n az oldu\u011fu d\u00f6nemde \u0130nsan Kaynaklar\u0131 yetkinlikleri ile pazarlama yetkinliklerimizi bir araya getirerek, pazarlama metodolojisi ile bu projeyi kullan\u0131c\u0131 kitlemize anlatmay\u0131 uygun g\u00f6rd\u00fck\u201d dedi.<\/p>\n<p>\u00d6zada, dijital ortamda ger\u00e7ekle\u015ftirdikleri projeleri anlatt\u0131<\/p>\n<p>B\u00fcy\u00fck\u015fehir Belediyesi Kariyer Merkezi M\u00fcd\u00fcr\u00fc Serkan \u00d6zada, online olarak d\u00fczenlenen etkinlikte 36 kurum ve kurulu\u015fla i\u015f birli\u011fi i\u00e7erisinde \u2018\u0130\u015fg\u00fcc\u00fc Piyasas\u0131 Koordinasyon Kurulu\u2019nu kurduklar\u0131n\u0131 belirtti. \u0130\u015f arayan, \u00f6\u011frenci ve i\u015fverenlere y\u00f6nelik profesyonel hizmet sunduklar\u0131n\u0131 vurgulayan \u00d6zada, yak\u0131n zamanda \u00f6\u011frencilere y\u00f6nelik \u2018Online Kariyer G\u00fcnleri\u2019 d\u00fczenlediklerini s\u00f6zlerine ekledi. Online Kariyer G\u00fcnleri\u2019ne 2 bin 268 ki\u015finin kat\u0131l\u0131m g\u00f6sterdi\u011fine dikkat \u00e7eken \u00d6zada, T\u00fcrkiye\u2019nin en b\u00fcy\u00fck kariyer etkinliklerinden birisini ger\u00e7ekle\u015ftirdiklerini ve bu etkinli\u011fe kat\u0131lanlara ilk defa \u2018Dijital Kat\u0131l\u0131m Belgesi\u2019 verdiklerini hat\u0131rlatt\u0131.<\/p>\n<p>Demir, dijital d\u00fcnyan\u0131n gelecekteki \u00f6nemine dikkat \u00e7ekti<\/p>\n<p>Mersin Perakendeci \u0130\u015f \u0130nsanlar\u0131 Derne\u011fi Y\u00f6netim Kurulu Ba\u015fkan\u0131 \u00d6zcan Demir ise 149 \u00fcyesi bulunan bir sivil toplum kurulu\u015fu olarak dijital d\u00fcnyaya ayak uydurman\u0131n \u00f6nemini firmalara anlatmaya \u00e7al\u0131\u015ft\u0131klar\u0131n\u0131 vurgulad\u0131. Kariyer Merkezi\u2019nden de bu konuda destek ald\u0131klar\u0131n\u0131 belirten Demir, g\u00fcn\u00fcm\u00fczde firmalar\u0131n teknolojiyi takip etmesinin bir zorunluluk oldu\u011funa dikkat \u00e7ekti. Dijital d\u00fcnyaya ayak uyduramayan firmalar\u0131n zaman i\u00e7erisinde yok olaca\u011f\u0131n\u0131 d\u00fc\u015f\u00fcnd\u00fcklerinin alt\u0131n\u0131 \u00e7izen Demir, Z ku\u015fa\u011f\u0131n\u0131 anlamayan insan kaynaklar\u0131 ve firmalar\u0131n da yok olaca\u011f\u0131n\u0131 s\u00f6yledi. Mersin B\u00fcy\u00fck\u015fehir Belediye Ba\u015fkan\u0131 Vahap Se\u00e7er\u2019e desteklerinden dolay\u0131 te\u015fekk\u00fcr eden Demir, Kariyer Merkezi\u2019ni \u00f6nemsediklerini ve her t\u00fcrl\u00fc i\u015f birli\u011fine haz\u0131r olduklar\u0131n\u0131 kaydetti.<\/p>\n<p>Konu\u015fmac\u0131lar\u0131n bilgi aktar\u0131m\u0131nda bulundu\u011fu etkinlik, kat\u0131l\u0131mc\u0131lardan gelen sorular\u0131n yan\u0131tlanmas\u0131yla sona erdi.<\/p>\n","protected":false},"excerpt":{"rendered":"<p>Mersin B\u00fcy\u00fck\u015fehir Belediyesi Kariyer Merkezi\u2019nin \u201cDijital Liderler Mersin\u2019de\u201d projesi 2020\u2019den bu yana s\u00fcr\u00fcyor. Bug\u00fcne kadar ger\u00e7ekle\u015ftirilen 16 programda toplam 1100 ki\u015finin kat\u0131l\u0131m sa\u011flad\u0131\u011f\u0131 projeye bu defa sahibinden.com konuk oldu. Projenin &hellip; <a href=\"https:\/\/akdenizolaygazetesi.com\/?p=13256\" class=\"more-link\">Devam\u0131n\u0131 Oku&#8230;<\/a><\/p>\n","protected":false},"author":2,"featured_media":0,"comment_status":"open","ping_status":"open","sticky":false,"template":"","format":"standard","meta":[],"categories":[3,5],"tags":[],"_links":{"self":[{"href":"https:\/\/akdenizolaygazetesi.com\/index.php?rest_route=\/wp\/v2\/posts\/13256"}],"collection":[{"href":"https:\/\/akdenizolaygazetesi.com\/index.php?rest_route=\/wp\/v2\/posts"}],"about":[{"href":"https:\/\/akdenizolaygazetesi.com\/index.php?rest_route=\/wp\/v2\/types\/post"}],"author":[{"embeddable":true,"href":"https:\/\/akdenizolaygazetesi.com\/index.php?rest_route=\/wp\/v2\/users\/2"}],"replies":[{"embeddable":true,"href":"https:\/\/akdenizolaygazetesi.com\/index.php?rest_route=%2Fwp%2Fv2%2Fcomments&post=13256"}],"version-history":[{"count":1,"href":"https:\/\/akdenizolaygazetesi.com\/index.php?rest_route=\/wp\/v2\/posts\/13256\/revisions"}],"predecessor-version":[{"id":13258,"href":"https:\/\/akdenizolaygazetesi.com\/index.php?rest_route=\/wp\/v2\/posts\/13256\/revisions\/13258"}],"wp:attachment":[{"href":"https:\/\/akdenizolaygazetesi.com\/index.php?rest_route=%2Fwp%2Fv2%2Fmedia&parent=13256"}],"wp:term":[{"taxonomy":"category","embeddable":true,"href":"https:\/\/akdenizolaygazetesi.com\/index.php?rest_route=%2Fwp%2Fv2%2Fcategories&post=13256"},{"taxonomy":"post_tag","embeddable":true,"href":"https:\/\/akdenizolaygazetesi.com\/index.php?rest_route=%2Fwp%2Fv2%2Ftags&post=13256"}],"curies":[{"name":"wp","href":"https:\/\/api.w.org\/{rel}","templated":true}]}}