{"id":1326,"date":"2020-11-04T18:21:54","date_gmt":"2020-11-04T15:21:54","guid":{"rendered":"http:\/\/mersinekonomipolitikagazetesi.com\/?p=1326"},"modified":"2020-11-04T18:21:54","modified_gmt":"2020-11-04T15:21:54","slug":"mersinde-vergi-daireleri-hafta-sonu-da-acik-olacak","status":"publish","type":"post","link":"https:\/\/akdenizolaygazetesi.com\/?p=1326","title":{"rendered":"Mersin\u2019de vergi daireleri hafta sonu da a\u00e7\u0131k olacak"},"content":{"rendered":"<p>Mersin Vergi Dairesi Ba\u015fkan\u0131 Adem G\u00fcng\u00f6r, yap\u0131land\u0131rma kapsam\u0131nda \u00f6denmesi gereken taksitler i\u00e7in s\u00fcrenin 31 May\u0131s\u2019ta sona erece\u011fini belirterek, vatanda\u015flar\u0131n \u00f6demelerini rahat yapabilmeleri i\u00e7in t\u00fcm vergi dairelerinin cumartesi ve pazar g\u00fcnleri saat 17.00\u2019ye, 31 May\u0131s \u00c7ar\u015famba g\u00fcn\u00fc ise saat 23.59\u2019a kadar a\u00e7\u0131k olaca\u011f\u0131n\u0131 bildirdi.<\/p>\n<p>Vergi Dairesi Ba\u015fkan\u0131 G\u00fcng\u00f6r, yaz\u0131l\u0131 bir a\u00e7\u0131klama yaparak, yap\u0131land\u0131rmadan yararlanan bor\u00e7lular\u0131 uyard\u0131. G\u00fcng\u00f6r, 6736 say\u0131l\u0131 Baz\u0131 Alacaklar\u0131n Yeniden Yap\u0131land\u0131r\u0131lmas\u0131na \u0130li\u015fkin Kanun kapsam\u0131nda bor\u00e7lar\u0131 yap\u0131land\u0131r\u0131lan, ancak maddenin y\u00fcr\u00fcrl\u00fc\u011fe girdi\u011fi tarih itibar\u0131yla yap\u0131land\u0131rmas\u0131 ihlal olan bor\u00e7lular\u0131n, ihlale neden olan tutarlar\u0131 ile 2017 y\u0131l\u0131n\u0131n Ocak ay\u0131nda \u00f6denmesi gereken, ancak \u00f6deme s\u00fcresi d\u00f6rt ay uzat\u0131lan 2\u2019nci taksitinin \u00f6deme s\u00fcrelerinin 31 May\u0131s 2017 \u00c7ar\u015famba g\u00fcn\u00fc sona erece\u011fini an\u0131msatt\u0131. \u00d6zellikle birikmi\u015f bor\u00e7lar\u0131n \u00f6denmesine b\u00fcy\u00fck kolayl\u0131k sa\u011flayan kanundan yararlanmak i\u00e7in tan\u0131nm\u0131\u015f olan bu son \u015fans\u0131n ka\u00e7\u0131r\u0131lmamas\u0131 gerekti\u011fini vurgulayan G\u00fcng\u00f6r, bu \u00e7er\u00e7evede Vergi Dairesi Ba\u015fkanl\u0131\u011f\u0131nca gerekli \u00f6nlemlerin al\u0131nd\u0131\u011f\u0131n\u0131 kaydetti.<br \/>\nHata sonunda ve \u00c7ar\u015famba g\u00fcn\u00fc vergi dairelerinde yap\u0131land\u0131rma i\u00e7in mesai uygulanaca\u011f\u0131n\u0131 ifade eden G\u00fcng\u00f6r, \u201cM\u00fckelleflerimizce yap\u0131lacak \u00f6demeler esnas\u0131nda meydana gelmesi muhtemel s\u0131k\u0131\u015f\u0131kl\u0131\u011f\u0131n \u00f6nlenmesi ve m\u00fckelleflerimize kolayl\u0131k sa\u011flanmas\u0131 amac\u0131yla 27 May\u0131s 2017 Cumartesi ve 28 May\u0131s 2017 Pazar g\u00fcn\u00fc saat 17.00&#8217;ye kadar, 31 May\u0131s 2017 \u00c7ar\u015famba g\u00fcn\u00fc ise saat 23.59&#8217;a kadar t\u00fcm vergi dairelerimiz a\u00e7\u0131k bulundurulacak ve kesintisiz olarak hizmet vermeye devam edecektir. Ayr\u0131ca 1. ve 2. taksit \u00f6demeleri \u2018mersinvdb.gov.tr\u2019, \u2018gib.gov.tr\u2019 internet sayfalar\u0131m\u0131zdan ve anla\u015fmal\u0131 bankalardan da yap\u0131labilecektir. M\u00fckelleflerimizin ma\u011fduriyet ya\u015famamalar\u0131 ve kanunun sa\u011flad\u0131\u011f\u0131 avantajlardan yararlanma hakk\u0131n\u0131 kaybetmemeleri i\u00e7in \u00f6demelerini son g\u00fcne b\u0131rakmamalar\u0131n\u0131n menfaatlerine olaca\u011f\u0131n\u0131 \u00f6nemle duyururuz\u201d dedi.<\/p>\n","protected":false},"excerpt":{"rendered":"<p>Mersin Vergi Dairesi Ba\u015fkan\u0131 Adem G\u00fcng\u00f6r, yap\u0131land\u0131rma kapsam\u0131nda \u00f6denmesi gereken taksitler i\u00e7in s\u00fcrenin 31 May\u0131s\u2019ta sona erece\u011fini belirterek, vatanda\u015flar\u0131n \u00f6demelerini rahat yapabilmeleri i\u00e7in t\u00fcm vergi dairelerinin cumartesi ve pazar g\u00fcnleri &hellip; <a href=\"https:\/\/akdenizolaygazetesi.com\/?p=1326\" class=\"more-link\">Devam\u0131n\u0131 Oku&#8230;<\/a><\/p>\n","protected":false},"author":1,"featured_media":0,"comment_status":"open","ping_status":"open","sticky":false,"template":"","format":"standard","meta":[],"categories":[],"tags":[],"_links":{"self":[{"href":"https:\/\/akdenizolaygazetesi.com\/index.php?rest_route=\/wp\/v2\/posts\/1326"}],"collection":[{"href":"https:\/\/akdenizolaygazetesi.com\/index.php?rest_route=\/wp\/v2\/posts"}],"about":[{"href":"https:\/\/akdenizolaygazetesi.com\/index.php?rest_route=\/wp\/v2\/types\/post"}],"author":[{"embeddable":true,"href":"https:\/\/akdenizolaygazetesi.com\/index.php?rest_route=\/wp\/v2\/users\/1"}],"replies":[{"embeddable":true,"href":"https:\/\/akdenizolaygazetesi.com\/index.php?rest_route=%2Fwp%2Fv2%2Fcomments&post=1326"}],"version-history":[{"count":0,"href":"https:\/\/akdenizolaygazetesi.com\/index.php?rest_route=\/wp\/v2\/posts\/1326\/revisions"}],"wp:attachment":[{"href":"https:\/\/akdenizolaygazetesi.com\/index.php?rest_route=%2Fwp%2Fv2%2Fmedia&parent=1326"}],"wp:term":[{"taxonomy":"category","embeddable":true,"href":"https:\/\/akdenizolaygazetesi.com\/index.php?rest_route=%2Fwp%2Fv2%2Fcategories&post=1326"},{"taxonomy":"post_tag","embeddable":true,"href":"https:\/\/akdenizolaygazetesi.com\/index.php?rest_route=%2Fwp%2Fv2%2Ftags&post=1326"}],"curies":[{"name":"wp","href":"https:\/\/api.w.org\/{rel}","templated":true}]}}