{"id":1327,"date":"2020-11-04T18:21:54","date_gmt":"2020-11-04T15:21:54","guid":{"rendered":"http:\/\/mersinekonomipolitikagazetesi.com\/?p=1327"},"modified":"2020-11-04T18:21:54","modified_gmt":"2020-11-04T15:21:54","slug":"kizkalesi-turizm-sezonuna-hazir","status":"publish","type":"post","link":"https:\/\/akdenizolaygazetesi.com\/?p=1327","title":{"rendered":"K\u0131zkalesi turizm sezonuna haz\u0131r"},"content":{"rendered":"<p>Erdemli Kaymakam\u0131 Muhittin Pamuk, turizm sezonu \u00f6ncesinde incelemelerde bulundu\u011fu K\u0131zkalesi&#8217;nin Erdemli&#8217;nin vitrini oldu\u011funu s\u00f6yledi.<\/p>\n<p>Kaymakam Pamuk, turizm sezonu \u00f6ncesinde beraberinde K\u00fclt\u00fcr ve Turizm \u0130l M\u00fcd\u00fcr\u00fc Bahaettin Kabahasano\u011flu ile birlikte tarihi K\u0131zkalesi&#8217;nde yerinde inceleme yapt\u0131. Burada bir de\u011ferlendirmede bulunan Kaymakam Pamuk, &#8220;Tarihi ve turistik K\u0131zkalesi&#8217;nde yat ve ta\u015f\u0131mac\u0131l\u0131kta kullan\u0131lan tekneler ile ilgili yerinde bir incelemede bulunduk. Ayr\u0131ca K\u0131zkalesi&#8217;nin yeni turizm sezonuna haz\u0131rl\u0131klar\u0131n\u0131 yerinde g\u00f6rd\u00fck&#8221; dedi.<br \/>\nK\u0131zkalesi&#8217;nin y\u00f6re i\u00e7in b\u00fcy\u00fck \u00f6nem ta\u015f\u0131d\u0131\u011f\u0131n\u0131 ifade eden Kaymakam Pamuk, &#8220;K\u0131zkalesi Erdemli a\u00e7\u0131s\u0131ndan \u00e7ok de\u011ferli bir tarihi eser. Gerek Erdemli&#8217;mizin tan\u0131n\u0131rl\u0131\u011f\u0131 a\u00e7\u0131s\u0131ndan, marka de\u011feri a\u00e7\u0131s\u0131ndan, Erdemli&#8217;ye de\u011fer katan bir b\u00f6lge ve adeta il\u00e7emizin vitrini konumunda. K\u0131zkalesi Erdemli&#8217;yi tan\u0131tacak, Erdemli&#8217;ye katk\u0131lar sa\u011flayacak bir destinasyon. Dolay\u0131s\u0131yla bunun turizm a\u00e7\u0131s\u0131ndan gelen misafirlere en iyi \u015fekilde tan\u0131t\u0131lmas\u0131, aktar\u0131lmas\u0131, burada insanlar\u0131n huzur i\u00e7erisinde tatillerini ge\u00e7irmeleri bizim i\u00e7in \u00e7ok \u00f6nemli. Bunun i\u00e7in sezon haz\u0131rl\u0131klar\u0131 kapsam\u0131nda ger\u00e7ekle\u015ftirilen \u00e7al\u0131\u015fmalar\u0131 yerinde g\u00f6rerek, yerinde de\u011ferlendirmelerde bulunduk. \u0130\u015fletmecilerle de bir araya gelerek sorunlar\u0131 dinledik. Amac\u0131m\u0131z Erdemli&#8217;ye gelen misafirlerimizin burada huzur i\u00e7erisinde tatillerini ge\u00e7irmeleri&#8221; diye konu\u015ftu.<br \/>\nYaz aylar\u0131nda il\u00e7enin ve \u00f6zellikle K\u0131zkalesi&#8217;nin yo\u011fun bir ilgi g\u00f6rd\u00fc\u011f\u00fcn\u00fc dile getiren Kaymakam Pamuk, &#8220;Erdemli geneli n\u00fcfusumuz 130 bin. Ama yaz\u0131n n\u00fcfusumuz 400 bine \u00e7\u0131k\u0131yor. K\u0131zkalesi&#8217;nin k\u0131\u015f sezonu n\u00fcfusu 3-4 bin civar\u0131ndayken, yaz\u0131n bu n\u00fcfus 50-60 bine ula\u015f\u0131yor. Dolay\u0131s\u0131yla bu n\u00fcfus art\u0131\u015f\u0131 da yo\u011fun bir ilgi ve alaka g\u00f6rd\u00fc\u011f\u00fcn\u00fcn tespiti. D\u0131\u015far\u0131dan gelen yerli ve yabanc\u0131 misafirlerimizin rahat ve huzur i\u00e7erisinde keyifli bir tatil ge\u00e7irmeleri i\u00e7in \u00e7al\u0131\u015fmalar\u0131m\u0131z, yerinde incelemelerimiz, sorunlar\u0131m\u0131z\u0131n giderilmesi noktas\u0131ndaki tespitlerimiz bu \u015fekilde&#8221; dedi.<br \/>\nKaymakam Pamuk, K\u0131zkalesi&#8217;nin \u0131\u015f\u0131kland\u0131rma sorunlar\u0131n\u0131n giderildi\u011fini de kaydetti.<\/p>\n","protected":false},"excerpt":{"rendered":"<p>Erdemli Kaymakam\u0131 Muhittin Pamuk, turizm sezonu \u00f6ncesinde incelemelerde bulundu\u011fu K\u0131zkalesi&#8217;nin Erdemli&#8217;nin vitrini oldu\u011funu s\u00f6yledi. Kaymakam Pamuk, turizm sezonu \u00f6ncesinde beraberinde K\u00fclt\u00fcr ve Turizm \u0130l M\u00fcd\u00fcr\u00fc Bahaettin Kabahasano\u011flu ile birlikte tarihi &hellip; <a href=\"https:\/\/akdenizolaygazetesi.com\/?p=1327\" class=\"more-link\">Devam\u0131n\u0131 Oku&#8230;<\/a><\/p>\n","protected":false},"author":1,"featured_media":0,"comment_status":"open","ping_status":"open","sticky":false,"template":"","format":"standard","meta":[],"categories":[],"tags":[],"_links":{"self":[{"href":"https:\/\/akdenizolaygazetesi.com\/index.php?rest_route=\/wp\/v2\/posts\/1327"}],"collection":[{"href":"https:\/\/akdenizolaygazetesi.com\/index.php?rest_route=\/wp\/v2\/posts"}],"about":[{"href":"https:\/\/akdenizolaygazetesi.com\/index.php?rest_route=\/wp\/v2\/types\/post"}],"author":[{"embeddable":true,"href":"https:\/\/akdenizolaygazetesi.com\/index.php?rest_route=\/wp\/v2\/users\/1"}],"replies":[{"embeddable":true,"href":"https:\/\/akdenizolaygazetesi.com\/index.php?rest_route=%2Fwp%2Fv2%2Fcomments&post=1327"}],"version-history":[{"count":0,"href":"https:\/\/akdenizolaygazetesi.com\/index.php?rest_route=\/wp\/v2\/posts\/1327\/revisions"}],"wp:attachment":[{"href":"https:\/\/akdenizolaygazetesi.com\/index.php?rest_route=%2Fwp%2Fv2%2Fmedia&parent=1327"}],"wp:term":[{"taxonomy":"category","embeddable":true,"href":"https:\/\/akdenizolaygazetesi.com\/index.php?rest_route=%2Fwp%2Fv2%2Fcategories&post=1327"},{"taxonomy":"post_tag","embeddable":true,"href":"https:\/\/akdenizolaygazetesi.com\/index.php?rest_route=%2Fwp%2Fv2%2Ftags&post=1327"}],"curies":[{"name":"wp","href":"https:\/\/api.w.org\/{rel}","templated":true}]}}