{"id":13272,"date":"2021-07-12T13:24:46","date_gmt":"2021-07-12T10:24:46","guid":{"rendered":"http:\/\/akdenizolaygazetesi.com\/?p=13272"},"modified":"2021-07-12T13:25:02","modified_gmt":"2021-07-12T10:25:02","slug":"buyuksehirin-mobil-kuafor-hizmeti-mahalle-mahalle-dolasmaya-devam-ediyor","status":"publish","type":"post","link":"https:\/\/akdenizolaygazetesi.com\/?p=13272","title":{"rendered":"B\u00dcY\u00dcK\u015eEH\u0130R\u2019\u0130N MOB\u0130L KUAF\u00d6R H\u0130ZMET\u0130 MAHALLE MAHALLE DOLA\u015eMAYA DEVAM ED\u0130YOR"},"content":{"rendered":"<p>Mersin B\u00fcy\u00fck\u015fehir Belediyesi\u2019nin \u00f6nemli sosyal projeleri aras\u0131nda yer alan \u201cMobil Kuaf\u00f6r\u201d projesi, mahalle mahalle dola\u015fmaya devam ediyor. \u2018Yar Sa\u00e7lar\u0131n L\u00fcle L\u00fcle\u2019 slogan\u0131yla hizmete giren Mobil Kuaf\u00f6r, kentin \u00f6zellikle k\u0131rsal kesimlerinde il\u00e7e il\u00e7e dola\u015farak, kuaf\u00f6rl\u00fck hizmetini vatanda\u015flar\u0131n aya\u011f\u0131na kadar g\u00f6t\u00fcr\u00fcyor. Kurban Bayram\u0131\u2019na say\u0131l\u0131 g\u00fcnler kala daha fazla vatanda\u015fa ula\u015fmak i\u00e7in aral\u0131ks\u0131z \u00e7al\u0131\u015fan Mobil Kuaf\u00f6r, \u015fimdiye kadar 2 bin 927 ki\u015fiye hizmet sundu.<\/p>\n<p>Mobil Kuaf\u00f6r, 136 mahallede hizmet verdi<\/p>\n<p>Ba\u015fkan Vahap Se\u00e7er\u2019in \u00f6nc\u00fcl\u00fc\u011f\u00fcnde a\u00e7\u0131lan Mobil Kuaf\u00f6r, her ya\u015ftan Mersinli\u2019ye hitap ediyor. Hijyen kurallar\u0131na azami \u00f6l\u00e7\u00fcde dikkat edilen ara\u00e7ta hem kad\u0131n hem erkek vatanda\u015flara kuaf\u00f6r hizmeti sunuluyor. Sa\u00e7 kesimi, sa\u00e7 boyas\u0131, t\u0131ra\u015f, cilt bak\u0131m\u0131, el, ayak t\u0131rnak bak\u0131m\u0131 yap\u0131lan Mobil Kuaf\u00f6r arac\u0131ndan 2020\u2019nin Eyl\u00fcl ay\u0131ndan bug\u00fcne kadar 2 bin 927 vatanda\u015f g\u00fclerek ayr\u0131ld\u0131. Akdeniz, Toroslar, Yeni\u015fehir, Mezitli, Erdemli, Silifke, Tarsus il\u00e7elerinde 136 farkl\u0131 mahallede hizmet veren Mobil Kuaf\u00f6r, yakla\u015fan Kurban Bayram\u0131 \u00f6ncesi rotas\u0131n\u0131 s\u0131kla\u015ft\u0131r\u0131yor.<\/p>\n<p>\u201cBayram \u00f6ncesi b\u00fct\u00fcn vatanda\u015flar\u0131m\u0131z\u0131n ihtiya\u00e7lar\u0131n\u0131 kar\u015f\u0131lamaya gayret g\u00f6steriyoruz\u201d<\/p>\n<p>Bayram dolay\u0131s\u0131yla hizmetlerine h\u0131z verdiklerini belirten B\u00fcy\u00fck\u015fehir Belediyesi Sosyal Hizmetler Dairesi \u015eube M\u00fcd\u00fcr\u00fc \u00d6zlem Ya\u015far, \u015funlar\u0131 s\u00f6yledi:<\/p>\n<p>\u201cMobil Kuaf\u00f6r\u00fcm\u00fczle 136. yerimize geldik bug\u00fcn. Mobil kuaf\u00f6r hizmetimiz 2020\u2019nin Eyl\u00fcl ay\u0131nda ba\u015flad\u0131. Pandemi, zor ekonomik ko\u015fullar, vatanda\u015flar\u0131m\u0131z\u0131n kolayca bir berbere, kuaf\u00f6re ula\u015famamas\u0131 hareket noktam\u0131zd\u0131. Mobil Kuaf\u00f6r\u00fcm\u00fczle en uzak noktalar\u0131m\u0131za ula\u015f\u0131yoruz. Mersin\u2019de talep halinde ula\u015famayaca\u011f\u0131m\u0131z nokta yok. Vatanda\u015flar\u0131m\u0131z\u0131n talepleri do\u011frultusunda k\u00f6ylere kadar gidip kuaf\u00f6r ve berber ihtiya\u00e7lar\u0131n\u0131 kar\u015f\u0131l\u0131yoruz. Bu hizmetimizle vatanda\u015f\u0131m\u0131z\u0131n yan\u0131nda oluyoruz. Bayram \u00f6ncesi de yo\u011fun bir \u015fekilde \u00e7ocuk, ya\u015fl\u0131, engelli, gen\u00e7 b\u00fct\u00fcn vatanda\u015flar\u0131m\u0131z\u0131n ihtiya\u00e7lar\u0131n\u0131 kar\u015f\u0131lamaya gayret g\u00f6steriyoruz. Hizmetimiz devam edecek.\u201d<\/p>\n<p>Ya\u015far, Mobil Kuaf\u00f6r arac\u0131n\u0131n en son Tarsus\u2019un Konaklar Mahallesi\u2019ne gitti\u011fini ve mahallelilerden \u00e7ok g\u00fczel tepkiler ald\u0131klar\u0131n\u0131 ifade ederek, \u201c\u00c7ocuklar\u0131m\u0131z, gen\u00e7lerimiz, ya\u015fl\u0131lar\u0131m\u0131z sa\u011f olsunlar her gitti\u011fimiz yerde ilgiyle kar\u015f\u0131l\u0131yorlar. Desteklerini, memnuniyetlerini iletiyorlar. Hizmetimizin ger\u00e7ekten yerine ula\u015ft\u0131\u011f\u0131n\u0131 fark ediyoruz. B\u00f6yle tepkilerle kar\u015f\u0131la\u015ft\u0131\u011f\u0131m\u0131z i\u00e7in, ger\u00e7ekten ihtiya\u00e7 sahiplerine bu hizmeti getirdi\u011fimiz i\u00e7in \u00e7ok memnunuz\u201d dedi.<\/p>\n<p>\u201cMahalle halk\u0131 \u015fu an \u00e7ok memnun \u00e7\u00fcnk\u00fc hizmet ayaklar\u0131na kadar geldi\u201d<\/p>\n<p>Tarsus il\u00e7esi Konaklar Mahalle Muhtar\u0131 F\u0131rat \u00c7etin, Mobil Kuaf\u00f6r hizmetiyle ilk defa kar\u015f\u0131la\u015ft\u0131klar\u0131n\u0131 ve \u00e7ok memnun kald\u0131klar\u0131n\u0131 s\u00f6yleyerek, \u201cMersin B\u00fcy\u00fck\u015fehir Belediye Ba\u015fkan\u0131 Vahap Se\u00e7er\u2019e, m\u00fcd\u00fcrlerimize \u00e7ok te\u015fekk\u00fcr ederim. Bu d\u00f6neme kadar kuaf\u00f6r\u00fcn aya\u011f\u0131m\u0131za geldi\u011fini ilk defa g\u00f6rd\u00fcm. Hizmetler \u00e7ok iyi, ba\u015far\u0131lar\u0131n\u0131n devam\u0131n\u0131 istiyoruz, bekliyoruz. Mahalle halk\u0131 \u015fu an \u00e7ok memnun \u00e7\u00fcnk\u00fc hizmet ayaklar\u0131na kadar geldi. Buradan Tarsus\u2019a kadar gidiyordu mahalle halk\u0131, Yenice\u2019ye gidiyordu. \u00d6zellikle bayanlar dedi ki, sa\u00e7 boyas\u0131 var m\u0131? \u2018Var\u2019 deyince hepsi ak\u0131n yapt\u0131 gezici kuaf\u00f6re. \u00c7ok te\u015fekk\u00fcr ediyoruz, sa\u011f olun\u201d diye konu\u015ftu.<\/p>\n<p>\u201cVahap Amcam\u0131z bize kuaf\u00f6r g\u00f6nderdi\u201d<\/p>\n<p>Mobil Kuaf\u00f6r arac\u0131nda sa\u00e7lar\u0131n\u0131 kestiren 10 ya\u015f\u0131ndaki Nazmiye \u00c7etin, sa\u00e7lar\u0131n\u0131 daha \u00f6nce annesinin kesti\u011fini belirterek, \u201c\u0130lk \u00f6nce annem sa\u00e7lar\u0131m\u0131 kesiyordu. Sonra Vahap Amcam\u0131z bize bir tane kuaf\u00f6r g\u00f6nderdi. Onun sayesinde \u015fu an sa\u00e7lar\u0131m kesiliyor. Ona \u00e7ok te\u015fekk\u00fcr ediyorum\u201d dedi.<\/p>\n<p>\u201cBug\u00fcn Tarsus\u2019a gidecektim, sa\u00e7\u0131m\u0131 boyat\u0131p, kestirecektim\u201d<\/p>\n<p>Tarsus\u2019a gidip sa\u00e7lar\u0131n\u0131 kestirmeyi ve boyatmay\u0131 d\u00fc\u015f\u00fcnd\u00fc\u011f\u00fcn\u00fc, Mobil Kuaf\u00f6r arac\u0131n\u0131 g\u00f6r\u00fcnce sevindi\u011fini dile getiren \u0130lknur Tu\u011frul, \u201cGeldiler sa\u011f olsunlar, Allah raz\u0131 olsun memnunuz Belediye Ba\u015fkan\u0131m\u0131zdan. Sa\u00e7\u0131ma biraz boya yapt\u0131rd\u0131m. Biraz da kestirdim, memnunum. Allah zarar ziyan vermesin. Tarsus\u2019a gidiyorduk orada yapt\u0131r\u0131yorduk. Evde boya al\u0131p biz kendimiz boyuyorduk. B\u00f6yle hizmet yap\u0131l\u0131yor, \u00e7ok memnunum\u201d ifadelerine yer verdi.<\/p>\n","protected":false},"excerpt":{"rendered":"<p>Mersin B\u00fcy\u00fck\u015fehir Belediyesi\u2019nin \u00f6nemli sosyal projeleri aras\u0131nda yer alan \u201cMobil Kuaf\u00f6r\u201d projesi, mahalle mahalle dola\u015fmaya devam ediyor. \u2018Yar Sa\u00e7lar\u0131n L\u00fcle L\u00fcle\u2019 slogan\u0131yla hizmete giren Mobil Kuaf\u00f6r, kentin \u00f6zellikle k\u0131rsal kesimlerinde &hellip; <a href=\"https:\/\/akdenizolaygazetesi.com\/?p=13272\" class=\"more-link\">Devam\u0131n\u0131 Oku&#8230;<\/a><\/p>\n","protected":false},"author":2,"featured_media":13273,"comment_status":"open","ping_status":"open","sticky":false,"template":"","format":"standard","meta":[],"categories":[34,2,3,5],"tags":[],"_links":{"self":[{"href":"https:\/\/akdenizolaygazetesi.com\/index.php?rest_route=\/wp\/v2\/posts\/13272"}],"collection":[{"href":"https:\/\/akdenizolaygazetesi.com\/index.php?rest_route=\/wp\/v2\/posts"}],"about":[{"href":"https:\/\/akdenizolaygazetesi.com\/index.php?rest_route=\/wp\/v2\/types\/post"}],"author":[{"embeddable":true,"href":"https:\/\/akdenizolaygazetesi.com\/index.php?rest_route=\/wp\/v2\/users\/2"}],"replies":[{"embeddable":true,"href":"https:\/\/akdenizolaygazetesi.com\/index.php?rest_route=%2Fwp%2Fv2%2Fcomments&post=13272"}],"version-history":[{"count":2,"href":"https:\/\/akdenizolaygazetesi.com\/index.php?rest_route=\/wp\/v2\/posts\/13272\/revisions"}],"predecessor-version":[{"id":13275,"href":"https:\/\/akdenizolaygazetesi.com\/index.php?rest_route=\/wp\/v2\/posts\/13272\/revisions\/13275"}],"wp:featuredmedia":[{"embeddable":true,"href":"https:\/\/akdenizolaygazetesi.com\/index.php?rest_route=\/wp\/v2\/media\/13273"}],"wp:attachment":[{"href":"https:\/\/akdenizolaygazetesi.com\/index.php?rest_route=%2Fwp%2Fv2%2Fmedia&parent=13272"}],"wp:term":[{"taxonomy":"category","embeddable":true,"href":"https:\/\/akdenizolaygazetesi.com\/index.php?rest_route=%2Fwp%2Fv2%2Fcategories&post=13272"},{"taxonomy":"post_tag","embeddable":true,"href":"https:\/\/akdenizolaygazetesi.com\/index.php?rest_route=%2Fwp%2Fv2%2Ftags&post=13272"}],"curies":[{"name":"wp","href":"https:\/\/api.w.org\/{rel}","templated":true}]}}