{"id":1328,"date":"2020-11-04T18:21:54","date_gmt":"2020-11-04T15:21:54","guid":{"rendered":"http:\/\/mersinekonomipolitikagazetesi.com\/?p=1328"},"modified":"2020-11-04T18:21:54","modified_gmt":"2020-11-04T15:21:54","slug":"akdeniz-belediyesi-ogrencileri-anitkabire-goturdu","status":"publish","type":"post","link":"https:\/\/akdenizolaygazetesi.com\/?p=1328","title":{"rendered":"Akdeniz Belediyesi, \u00f6\u011frencileri An\u0131tkabir\u2019e g\u00f6t\u00fcrd\u00fc"},"content":{"rendered":"<p>Mersin\u2019in merkez il\u00e7e Akdeniz Belediyesi, K\u0131br\u0131s \u0130lkokulu \u00f6\u011frencilerini An\u0131tkabir\u2019e g\u00f6t\u00fcrerek Atat\u00fcrk\u2019\u00fcn huzuruna \u00e7\u0131kard\u0131.<\/p>\n<p>Akdeniz Belediyesi, il\u00e7e s\u0131n\u0131rlar\u0131 i\u00e7erisinde bulunan K\u0131br\u0131s \u0130lkokulu \u00f6\u011frencilerine y\u00f6nelik olarak Ankara\u2019ya k\u00fclt\u00fcr gezisi d\u00fczenledi. Ankara&#8217;y\u0131 daha \u00f6nce hi\u00e7 g\u00f6rmemi\u015f \u00f6\u011frenciler, gezilerinde ilk olarak An\u0131tkabir&#8217;i ziyaret ettiler. An\u0131tkabir\u2019de mozoleye \u00e7i\u00e7ek b\u0131rakan \u00f6\u011frenciler, Atat\u00fcrk i\u00e7in dua etti.<br \/>\nDaha sonra Etnografya M\u00fczesi ile ilk T\u00fcrkiye B\u00fcy\u00fck Millet Meclisi ve TBMM\u2019yi gezen \u00f6\u011frenciler, bol bol foto\u011fraf \u00e7ektirdi.<br \/>\nAkdeniz Belediye Ba\u015fkan\u0131 Hamdi Bilge Akta\u015f, geziye ili\u015fkin yapt\u0131\u011f\u0131 a\u00e7\u0131klamada, &#8220;Gelece\u011fimizin teminat\u0131 olan \u00e7ocuklar\u0131m\u0131z\u0131n, k\u00fclt\u00fcrlerini yak\u0131ndan g\u00f6r\u00fcp \u00f6\u011frenmelerini sa\u011flamak bir yerde bizim asli g\u00f6revimizdir. Bu ba\u011flamda il\u00e7emizde bulunan K\u0131br\u0131s \u0130lkokulu \u00f6\u011frencilerine y\u00f6nelik bir Ankara gezisi d\u00fczenledik. \u00d6\u011frencilerimiz ba\u015fta An\u0131tkabir olmak \u00fczere tarihi yerleri yerinde g\u00f6rerek \u00f6\u011frenme \u015fans\u0131 yakalad\u0131. \u0130mkanlar\u0131m\u0131z \u00f6l\u00e7\u00fcs\u00fcnde bu t\u00fcr k\u00fclt\u00fcr gezilerini belirli periyotlar halinde d\u00fczenlemeye devam edece\u011fiz&#8221; dedi.<\/p>\n","protected":false},"excerpt":{"rendered":"<p>Mersin\u2019in merkez il\u00e7e Akdeniz Belediyesi, K\u0131br\u0131s \u0130lkokulu \u00f6\u011frencilerini An\u0131tkabir\u2019e g\u00f6t\u00fcrerek Atat\u00fcrk\u2019\u00fcn huzuruna \u00e7\u0131kard\u0131. Akdeniz Belediyesi, il\u00e7e s\u0131n\u0131rlar\u0131 i\u00e7erisinde bulunan K\u0131br\u0131s \u0130lkokulu \u00f6\u011frencilerine y\u00f6nelik olarak Ankara\u2019ya k\u00fclt\u00fcr gezisi d\u00fczenledi. Ankara&#8217;y\u0131 daha &hellip; <a href=\"https:\/\/akdenizolaygazetesi.com\/?p=1328\" class=\"more-link\">Devam\u0131n\u0131 Oku&#8230;<\/a><\/p>\n","protected":false},"author":1,"featured_media":0,"comment_status":"open","ping_status":"open","sticky":false,"template":"","format":"standard","meta":[],"categories":[],"tags":[],"_links":{"self":[{"href":"https:\/\/akdenizolaygazetesi.com\/index.php?rest_route=\/wp\/v2\/posts\/1328"}],"collection":[{"href":"https:\/\/akdenizolaygazetesi.com\/index.php?rest_route=\/wp\/v2\/posts"}],"about":[{"href":"https:\/\/akdenizolaygazetesi.com\/index.php?rest_route=\/wp\/v2\/types\/post"}],"author":[{"embeddable":true,"href":"https:\/\/akdenizolaygazetesi.com\/index.php?rest_route=\/wp\/v2\/users\/1"}],"replies":[{"embeddable":true,"href":"https:\/\/akdenizolaygazetesi.com\/index.php?rest_route=%2Fwp%2Fv2%2Fcomments&post=1328"}],"version-history":[{"count":0,"href":"https:\/\/akdenizolaygazetesi.com\/index.php?rest_route=\/wp\/v2\/posts\/1328\/revisions"}],"wp:attachment":[{"href":"https:\/\/akdenizolaygazetesi.com\/index.php?rest_route=%2Fwp%2Fv2%2Fmedia&parent=1328"}],"wp:term":[{"taxonomy":"category","embeddable":true,"href":"https:\/\/akdenizolaygazetesi.com\/index.php?rest_route=%2Fwp%2Fv2%2Fcategories&post=1328"},{"taxonomy":"post_tag","embeddable":true,"href":"https:\/\/akdenizolaygazetesi.com\/index.php?rest_route=%2Fwp%2Fv2%2Ftags&post=1328"}],"curies":[{"name":"wp","href":"https:\/\/api.w.org\/{rel}","templated":true}]}}