{"id":13284,"date":"2021-07-13T11:56:16","date_gmt":"2021-07-13T08:56:16","guid":{"rendered":"http:\/\/akdenizolaygazetesi.com\/?p=13284"},"modified":"2021-07-13T11:56:16","modified_gmt":"2021-07-13T08:56:16","slug":"baskan-yilmaz-et-ve-tirnak-gibiyiz","status":"publish","type":"post","link":"https:\/\/akdenizolaygazetesi.com\/?p=13284","title":{"rendered":"Ba\u015fkan Y\u0131lmaz: &#8220;Et ve T\u0131rnak Gibiyiz&#8221;"},"content":{"rendered":"<p>Kuzey K\u0131br\u0131s T\u00fcrk Cumhuriyeti (KKTC) Cumhurba\u015fkan\u0131 Ersin Tatar, K\u0131br\u0131s Bar\u0131\u015f Harekat\u0131&#8217;n\u0131n 47. y\u0131l d\u00f6n\u00fcm\u00fc kutlamalar\u0131 kapsam\u0131nda Toroslar&#8217;a geliyor.<\/p>\n<p>Mersin&#8217;de bir dizi temaslarda bulunacak olan KKTC Cumhurba\u015fkan\u0131 Tatar, 14 Temmuz \u00c7ar\u015famba g\u00fcn\u00fc saat 17.30&#8217;da Rauf Raif Denkta\u015f Park\u0131&#8217;nda Toroslar Belediyesi taraf\u0131ndan d\u00fczenlenecek t\u00f6rene kat\u0131lacak.<\/p>\n<p>Program, \u00e7elenk sunma t\u00f6reni, sayg\u0131 duru\u015fu ve \u0130stiklal Mar\u015f\u0131&#8217;n\u0131n okunmas\u0131, g\u00fcn\u00fcn anlam ve \u00f6nemini belirten konu\u015fmalar\u0131n ard\u0131ndan Mehteran Tak\u0131m\u0131ndan kahramanl\u0131k mar\u015flar\u0131, halk oyunlar\u0131 ve video g\u00f6sterimi ile Rauf Raif Denkta\u015f Park\u0131&#8217;n\u0131n gezilmesiyle sona erecek.<\/p>\n<p>Toroslar \u0130l\u00e7esi Mustafa Kemal Mahallesi&#8217;nde bulunan Toroslar Belediyesi Rauf Raif Denkta\u015f Park\u0131&#8217;nda; \u00f6mr\u00fcn\u00fc K\u0131br\u0131s T\u00fcrklerinin ba\u011f\u0131ms\u0131zl\u0131\u011f\u0131na adayan KKTC Kurucu Cumhurba\u015fkan\u0131 merhum Rauf  Raif  Denkta\u015f, KKTC&#8217;nin ilk Cumhurba\u015fkan\u0131 Yard\u0131mc\u0131s\u0131 merhum Dr. Faz\u0131l K\u00fc\u00e7\u00fck ve \u015eehit Pilot Y\u00fczba\u015f\u0131 Cengiz Topel&#8217;in b\u00fcstleri ile K\u0131br\u0131s Bar\u0131\u015f Harekat\u0131&#8217;nda kullan\u0131lan emtialar yer al\u0131yor.<\/p>\n<p>Ba\u015fkan Y\u0131lmaz: &#8220;Et ve T\u0131rnak Gibiyiz&#8221;<\/p>\n<p>Toroslar Belediye Ba\u015fkan\u0131 Ats\u0131z Af\u015f\u0131n Y\u0131lmaz, Kuzey K\u0131br\u0131s T\u00fcrk Cumhuriyeti (KKTC) Cumhurba\u015fkan\u0131 Ersin Tatar&#8217;\u0131 Toroslar&#8217;da a\u011f\u0131rlayacak olmaktan b\u00fcy\u00fck onur duyduklar\u0131n\u0131 s\u00f6yledi.<\/p>\n<p>&#8220;Kuzey K\u0131br\u0131s T\u00fcrk Cumhuriyeti ile olan g\u00f6n\u00fcl ba\u011f\u0131 ve birlikteli\u011fimizi her zaman en \u00fcst d\u00fczeye \u00e7\u0131karma gayretindeyiz&#8221; diyen Ba\u015fkan Y\u0131lmaz, T\u00fcrkiye ile Kuzey K\u0131br\u0131s T\u00fcrk Cumhuriyeti&#8217;nin etle t\u0131rnak gibi oldu\u011funu, ayr\u0131lmayaca\u011f\u0131n\u0131 kaydederek; &#8220;20 Temmuz 1974 tarihinde T\u00fcrk Silahl\u0131 Kuvvetlerimiz taraf\u0131ndan ger\u00e7ekle\u015ftirilen K\u0131br\u0131s Bar\u0131\u015f Harekat\u0131, yavru vatanda bar\u0131\u015f\u0131 sa\u011flayan \u015fanl\u0131 bir zaferdir. Bu \u015fanl\u0131 zaferin 47. y\u0131l d\u00f6n\u00fcm\u00fcnde KKTC Cumhurba\u015fkan\u0131 Say\u0131n Ersin Tatar&#8217;\u0131 Toroslar\u0131m\u0131zda, Rauf Raif Denkta\u015f Park\u0131m\u0131zda a\u011f\u0131rlamaktan onur duyaca\u011f\u0131z&#8221; ifadelerini kulland\u0131.<\/p>\n","protected":false},"excerpt":{"rendered":"<p>Kuzey K\u0131br\u0131s T\u00fcrk Cumhuriyeti (KKTC) Cumhurba\u015fkan\u0131 Ersin Tatar, K\u0131br\u0131s Bar\u0131\u015f Harekat\u0131&#8217;n\u0131n 47. y\u0131l d\u00f6n\u00fcm\u00fc kutlamalar\u0131 kapsam\u0131nda Toroslar&#8217;a geliyor. Mersin&#8217;de bir dizi temaslarda bulunacak olan KKTC Cumhurba\u015fkan\u0131 Tatar, 14 Temmuz \u00c7ar\u015famba &hellip; <a href=\"https:\/\/akdenizolaygazetesi.com\/?p=13284\" class=\"more-link\">Devam\u0131n\u0131 Oku&#8230;<\/a><\/p>\n","protected":false},"author":2,"featured_media":0,"comment_status":"open","ping_status":"open","sticky":false,"template":"","format":"standard","meta":[],"categories":[1,3,5],"tags":[],"_links":{"self":[{"href":"https:\/\/akdenizolaygazetesi.com\/index.php?rest_route=\/wp\/v2\/posts\/13284"}],"collection":[{"href":"https:\/\/akdenizolaygazetesi.com\/index.php?rest_route=\/wp\/v2\/posts"}],"about":[{"href":"https:\/\/akdenizolaygazetesi.com\/index.php?rest_route=\/wp\/v2\/types\/post"}],"author":[{"embeddable":true,"href":"https:\/\/akdenizolaygazetesi.com\/index.php?rest_route=\/wp\/v2\/users\/2"}],"replies":[{"embeddable":true,"href":"https:\/\/akdenizolaygazetesi.com\/index.php?rest_route=%2Fwp%2Fv2%2Fcomments&post=13284"}],"version-history":[{"count":1,"href":"https:\/\/akdenizolaygazetesi.com\/index.php?rest_route=\/wp\/v2\/posts\/13284\/revisions"}],"predecessor-version":[{"id":13286,"href":"https:\/\/akdenizolaygazetesi.com\/index.php?rest_route=\/wp\/v2\/posts\/13284\/revisions\/13286"}],"wp:attachment":[{"href":"https:\/\/akdenizolaygazetesi.com\/index.php?rest_route=%2Fwp%2Fv2%2Fmedia&parent=13284"}],"wp:term":[{"taxonomy":"category","embeddable":true,"href":"https:\/\/akdenizolaygazetesi.com\/index.php?rest_route=%2Fwp%2Fv2%2Fcategories&post=13284"},{"taxonomy":"post_tag","embeddable":true,"href":"https:\/\/akdenizolaygazetesi.com\/index.php?rest_route=%2Fwp%2Fv2%2Ftags&post=13284"}],"curies":[{"name":"wp","href":"https:\/\/api.w.org\/{rel}","templated":true}]}}