{"id":13287,"date":"2021-07-13T11:58:05","date_gmt":"2021-07-13T08:58:05","guid":{"rendered":"http:\/\/akdenizolaygazetesi.com\/?p=13287"},"modified":"2021-07-13T11:58:05","modified_gmt":"2021-07-13T08:58:05","slug":"buyuksehir-yaz-konserlerinde-coskuyu-buyutuyor","status":"publish","type":"post","link":"https:\/\/akdenizolaygazetesi.com\/?p=13287","title":{"rendered":"B\u00dcY\u00dcK\u015eEH\u0130R, YAZ KONSERLER\u0130NDE CO\u015eKUYU B\u00dcY\u00dcT\u00dcYOR"},"content":{"rendered":"<p>Mersin B\u00fcy\u00fck\u015fehir Belediyesi\u2019nin d\u00fczenledi\u011fi ve kenti ezgilerle dolduran yaz konserleri b\u00fcy\u00fck sahnelere ta\u015f\u0131n\u0131yor. K\u00fclt\u00fcr ve Sosyal \u0130\u015fler Dairesi\u2019nin d\u00fczenledi\u011fi etkinliklerle Mersinliler m\u00fczi\u011fe doyuyor, sanat\u00e7\u0131lar \u00f6zledikleri sahnelere kavu\u015fuyor.<\/p>\n<p>Normalle\u015fme ad\u0131mlar\u0131n\u0131n at\u0131lmas\u0131yla birlikte konser co\u015fkusunu art\u0131ran B\u00fcy\u00fck\u015fehir, hafta sonu Mersinlilere unutulmaz bir yaz ak\u015fam\u0131 ya\u015fatt\u0131. Marina sahilinde kurulan b\u00fcy\u00fck sahnede bu yaz ilk olarak Batuhan \u015earapl\u0131 sahne ald\u0131. Her ya\u015ftan Mersinlinin kat\u0131ld\u0131\u011f\u0131 konsere ilgi b\u00fcy\u00fck oldu. A\u00e7\u0131k havada konser keyfi ya\u015fayan vatanda\u015flar hep bir a\u011f\u0131zdan \u015fark\u0131lara e\u015flik etti.<\/p>\n<p>Dev sahneler il\u00e7elere de ta\u015f\u0131nacak<\/p>\n<p>Pandemi s\u00fcrecinde evde kalan vatanda\u015flara nefes ald\u0131ran konserler b\u00fcy\u00fck sahnelerle il\u00e7elere yay\u0131l\u0131yor. B\u00fcy\u00fck\u015fehir Belediyesi\u2019nin k\u00fclt\u00fcr ve sanata verdi\u011fi \u00f6nemle Mersin, bu yaz da konserlerle renklenmeye devam edecek.<\/p>\n","protected":false},"excerpt":{"rendered":"<p>Mersin B\u00fcy\u00fck\u015fehir Belediyesi\u2019nin d\u00fczenledi\u011fi ve kenti ezgilerle dolduran yaz konserleri b\u00fcy\u00fck sahnelere ta\u015f\u0131n\u0131yor. K\u00fclt\u00fcr ve Sosyal \u0130\u015fler Dairesi\u2019nin d\u00fczenledi\u011fi etkinliklerle Mersinliler m\u00fczi\u011fe doyuyor, sanat\u00e7\u0131lar \u00f6zledikleri sahnelere kavu\u015fuyor. Normalle\u015fme ad\u0131mlar\u0131n\u0131n at\u0131lmas\u0131yla &hellip; <a href=\"https:\/\/akdenizolaygazetesi.com\/?p=13287\" class=\"more-link\">Devam\u0131n\u0131 Oku&#8230;<\/a><\/p>\n","protected":false},"author":2,"featured_media":13288,"comment_status":"open","ping_status":"open","sticky":false,"template":"","format":"standard","meta":[],"categories":[1,3,5],"tags":[],"_links":{"self":[{"href":"https:\/\/akdenizolaygazetesi.com\/index.php?rest_route=\/wp\/v2\/posts\/13287"}],"collection":[{"href":"https:\/\/akdenizolaygazetesi.com\/index.php?rest_route=\/wp\/v2\/posts"}],"about":[{"href":"https:\/\/akdenizolaygazetesi.com\/index.php?rest_route=\/wp\/v2\/types\/post"}],"author":[{"embeddable":true,"href":"https:\/\/akdenizolaygazetesi.com\/index.php?rest_route=\/wp\/v2\/users\/2"}],"replies":[{"embeddable":true,"href":"https:\/\/akdenizolaygazetesi.com\/index.php?rest_route=%2Fwp%2Fv2%2Fcomments&post=13287"}],"version-history":[{"count":1,"href":"https:\/\/akdenizolaygazetesi.com\/index.php?rest_route=\/wp\/v2\/posts\/13287\/revisions"}],"predecessor-version":[{"id":13289,"href":"https:\/\/akdenizolaygazetesi.com\/index.php?rest_route=\/wp\/v2\/posts\/13287\/revisions\/13289"}],"wp:featuredmedia":[{"embeddable":true,"href":"https:\/\/akdenizolaygazetesi.com\/index.php?rest_route=\/wp\/v2\/media\/13288"}],"wp:attachment":[{"href":"https:\/\/akdenizolaygazetesi.com\/index.php?rest_route=%2Fwp%2Fv2%2Fmedia&parent=13287"}],"wp:term":[{"taxonomy":"category","embeddable":true,"href":"https:\/\/akdenizolaygazetesi.com\/index.php?rest_route=%2Fwp%2Fv2%2Fcategories&post=13287"},{"taxonomy":"post_tag","embeddable":true,"href":"https:\/\/akdenizolaygazetesi.com\/index.php?rest_route=%2Fwp%2Fv2%2Ftags&post=13287"}],"curies":[{"name":"wp","href":"https:\/\/api.w.org\/{rel}","templated":true}]}}