{"id":1329,"date":"2020-11-04T18:21:54","date_gmt":"2020-11-04T15:21:54","guid":{"rendered":"http:\/\/mersinekonomipolitikagazetesi.com\/?p=1329"},"modified":"2020-11-04T18:21:54","modified_gmt":"2020-11-04T15:21:54","slug":"90-davulla-hos-geldin-ramazan-etkinligi","status":"publish","type":"post","link":"https:\/\/akdenizolaygazetesi.com\/?p=1329","title":{"rendered":"90 davulla &#8220;Ho\u015f geldin Ramazan&#8221; etkinli\u011fi"},"content":{"rendered":"<p>Mersin B\u00fcy\u00fck\u015fehir Belediyesi, bu gece ba\u015flayacak olan Ramazan ay\u0131n\u0131 farkl\u0131 bir etkinlikle duyurdu. 90 davulcu ayn\u0131 anda davul \u00e7alarak, mani okudu. \u0130lgin\u00e7 anlar\u0131n ya\u015fand\u0131\u011f\u0131 etkinlikte, vatanda\u015flar da cep telefonu kameralar\u0131yla an\u0131 \u00f6l\u00fcms\u00fczle\u015ftirdiler.<\/p>\n<p>11 ay\u0131n sultan\u0131 Ramazan, bu gece ilk sahura kalk\u0131lmas\u0131yla ba\u015fl\u0131yor. Mersin B\u00fcy\u00fck\u015fehir Belediyesi de farkl\u0131 bir etkinlik d\u00fczenleyerek, Ramazan ay\u0131n\u0131n ba\u015flayaca\u011f\u0131n\u0131 vatanda\u015flara duyurdu. Bug\u00fcn \u00f6\u011fle saatlerinde Ulu Cami avlusunda toplanan 90 davulcu, cuma namaz\u0131 \u00e7\u0131k\u0131\u015f\u0131nda ayn\u0131 anda davullar\u0131n\u0131 \u00e7alarak, Ramazan ay\u0131 \u00e7a\u011fr\u0131s\u0131 yapt\u0131lar. B\u00fcy\u00fck\u015fehir Belediye Ba\u015fkan\u0131 Burhanettin Kocamaz&#8217;\u0131n da kat\u0131ld\u0131\u011f\u0131 etkinlikte davulcular ayr\u0131ca maniler de okudular. Etkinlikte babas\u0131n\u0131n yan\u0131nda ya\u015f\u0131 k\u00fc\u00e7\u00fck bir davulcu \u00e7ocu\u011fun da bulunmas\u0131 dikkat \u00e7ekti.<br \/>\n\u0130lgin\u00e7 anlar\u0131n ya\u015fand\u0131\u011f\u0131 etkinlikte, vatanda\u015flar da cep telefonlar\u0131 kameralar\u0131yla an\u0131 \u00f6l\u00fcms\u00fczle\u015ftirdiler. Bir s\u00fcre Ulu Cami avlusunda davul \u00e7alan davulcular, ard\u0131ndan Atat\u00fcrk Caddesi \u00fczerinden davul \u00e7alarak B\u00fcy\u00fck\u015fehir Belediyesi&#8217;ne kadar y\u00fcr\u00fcd\u00fcler. Yol boyunca da yo\u011fun ilgi g\u00f6ren davulcular, Ramazan ay\u0131 boyunca farkl\u0131 mahallelerde sahura insanlar\u0131 kald\u0131rmaya devam edecekler.<br \/>\nEtkinlikle ilgili a\u00e7\u0131klama yapan Ba\u015fkan Kocamaz, Mersin&#8217;de bu t\u00fcr etkinliklerin ilk defa yap\u0131ld\u0131\u011f\u0131n\u0131 ifade ederek, &#8220;Belki bu kadar davulun bir araya geldi\u011fi T\u00fcrkiye&#8217;de bir ilk. Ramazan&#8217;\u0131n geldi\u011finden herkesi haberdar etmek istedik. Bildi\u011finiz gibi bu gece sahura kalk\u0131yoruz. \u0130lk teravih bug\u00fcn eda edilecek. Dolay\u0131s\u0131yla Mersin&#8217;de b\u00f6yle bir k\u00fclt\u00fcr\u00fcn olu\u015fmas\u0131n\u0131 arzu ediyoruz. Onun i\u00e7in de g\u00f6reve geldi\u011fimiz g\u00fcnden beri Ramazan etkinlikleri ger\u00e7ekle\u015ftiriyoruz. Bu y\u0131l da Mersin&#8217;in hemen her taraf\u0131nda b\u00f6yle bir \u00e7al\u0131\u015fma var. Merkez ba\u015fta olmak \u00fczere b\u00fct\u00fcn il\u00e7elerimizde daha adayken ba\u015flatt\u0131\u011f\u0131m\u0131z iftar yemeklerini yine verece\u011fiz. Sanat\u00e7\u0131lar gelip vatanda\u015flar\u0131m\u0131zla bulu\u015facaklar. Ramazan \u015fenlikleri yine olacak. Ramazan&#8217;\u0131n ulviyetini, Ramazan&#8217;\u0131n ruhunu, Ramazan&#8217;\u0131n bereketini hep birlikte ya\u015fayaca\u011f\u0131z&#8221; dedi.<\/p>\n","protected":false},"excerpt":{"rendered":"<p>Mersin B\u00fcy\u00fck\u015fehir Belediyesi, bu gece ba\u015flayacak olan Ramazan ay\u0131n\u0131 farkl\u0131 bir etkinlikle duyurdu. 90 davulcu ayn\u0131 anda davul \u00e7alarak, mani okudu. \u0130lgin\u00e7 anlar\u0131n ya\u015fand\u0131\u011f\u0131 etkinlikte, vatanda\u015flar da cep telefonu kameralar\u0131yla &hellip; <a href=\"https:\/\/akdenizolaygazetesi.com\/?p=1329\" class=\"more-link\">Devam\u0131n\u0131 Oku&#8230;<\/a><\/p>\n","protected":false},"author":1,"featured_media":0,"comment_status":"open","ping_status":"open","sticky":false,"template":"","format":"standard","meta":[],"categories":[],"tags":[],"_links":{"self":[{"href":"https:\/\/akdenizolaygazetesi.com\/index.php?rest_route=\/wp\/v2\/posts\/1329"}],"collection":[{"href":"https:\/\/akdenizolaygazetesi.com\/index.php?rest_route=\/wp\/v2\/posts"}],"about":[{"href":"https:\/\/akdenizolaygazetesi.com\/index.php?rest_route=\/wp\/v2\/types\/post"}],"author":[{"embeddable":true,"href":"https:\/\/akdenizolaygazetesi.com\/index.php?rest_route=\/wp\/v2\/users\/1"}],"replies":[{"embeddable":true,"href":"https:\/\/akdenizolaygazetesi.com\/index.php?rest_route=%2Fwp%2Fv2%2Fcomments&post=1329"}],"version-history":[{"count":0,"href":"https:\/\/akdenizolaygazetesi.com\/index.php?rest_route=\/wp\/v2\/posts\/1329\/revisions"}],"wp:attachment":[{"href":"https:\/\/akdenizolaygazetesi.com\/index.php?rest_route=%2Fwp%2Fv2%2Fmedia&parent=1329"}],"wp:term":[{"taxonomy":"category","embeddable":true,"href":"https:\/\/akdenizolaygazetesi.com\/index.php?rest_route=%2Fwp%2Fv2%2Fcategories&post=1329"},{"taxonomy":"post_tag","embeddable":true,"href":"https:\/\/akdenizolaygazetesi.com\/index.php?rest_route=%2Fwp%2Fv2%2Ftags&post=1329"}],"curies":[{"name":"wp","href":"https:\/\/api.w.org\/{rel}","templated":true}]}}