{"id":13296,"date":"2021-07-14T10:11:46","date_gmt":"2021-07-14T07:11:46","guid":{"rendered":"http:\/\/akdenizolaygazetesi.com\/?p=13296"},"modified":"2021-07-14T10:11:46","modified_gmt":"2021-07-14T07:11:46","slug":"kentsel-donusumu-elbirligiyle-baslatmamiz-lazim","status":"publish","type":"post","link":"https:\/\/akdenizolaygazetesi.com\/?p=13296","title":{"rendered":"\u201cKentsel d\u00f6n\u00fc\u015f\u00fcm\u00fc elbirli\u011fiyle ba\u015flatmam\u0131z laz\u0131m\u201d"},"content":{"rendered":"<p>Mithat Pa\u015fa Mahallesi\u2019ni ziyaret eden Akdeniz Belediye Ba\u015fkan\u0131 M. Mustafa G\u00fcltak, \u015fehrin 1\/5 binlik imar plan\u0131n\u0131n en k\u0131sa s\u00fcrede bitirilmesi ve kentsel d\u00f6n\u00fc\u015f\u00fcm projelerinin hayata ge\u00e7mesi i\u00e7in \u00e7a\u011fr\u0131da bulundu.<br \/>\nMersin\u2019in en b\u00fcy\u00fck sorununun \u2018imar\u2019 oldu\u011funu yineleyerek, bu sorunu B\u00fcy\u00fck\u015fehir Meclisi\u2019nde de s\u00fcrekli dile getirdi\u011fini ifade eden Ba\u015fkan G\u00fcltak; \u201cBu i\u015fin h\u0131zlanmas\u0131 laz\u0131m. \u0130nsanlar\u0131m\u0131z ev yapmak, evini yenilemek istiyor, fakat ben imar veremiyorum. Neden? \u00c7\u00fcnk\u00fc 1\/5 binlik imar plan\u0131 daha bitmedi. \u015eu anda GMK\u2019n\u0131n alt\u0131n\u0131n 5 binli\u011fi ge\u00e7ti. Binli\u011fini de belediyemizde aylarca tart\u0131\u015fmam\u0131za ra\u011fmen, muhalif Meclis \u00fcyelerimiz, \u2018biraz daha bakal\u0131m\u2019 dediler ve Eyl\u00fcl ay\u0131na kald\u0131.<br \/>\nSonra Mersin B\u00fcy\u00fck\u015fehir\u2019e yollayaca\u011f\u0131z, orada tart\u0131\u015f\u0131lacak. GMK\u2019n\u0131n alt\u0131ndaki b\u00f6lgenin imar\u0131, y\u0131lsonuna do\u011fru bitecek. Fakat GMK\u2019n\u0131n \u00fcst\u00fcn\u00fcn 5 binlik plan\u0131 bitmedi. O bitecek, sonra biz 1\/1000\u2019li\u011fi yapaca\u011f\u0131z. B\u00fcy\u00fck\u015fehir ne kadar h\u0131zl\u0131 bitirirse, biz de o kadar h\u0131zl\u0131 sonu\u00e7land\u0131r\u0131r\u0131z. Halk\u0131m\u0131z\u0131n imarla ilgili sorunlar\u0131n\u0131 \u00e7\u00f6zebilmemiz i\u00e7in plan\u0131n bir an \u00f6nce bitirilmesi laz\u0131m\u201d diye konu\u015ftu.<br \/>\n\u201cKentsel d\u00f6n\u00fc\u015f\u00fcm\u00fc elbirli\u011fiyle ba\u015flatmam\u0131z laz\u0131m\u201d<br \/>\nKonu\u015fmas\u0131nda; \u201cKentsel d\u00f6n\u00fc\u015f\u00fcm sorunu, sadece Akdeniz Belediyesi, Merkezi \u0130dare veya TOK\u0130\u2019nin tek ba\u015f\u0131na yapaca\u011f\u0131 i\u015f de\u011fil\u201d diyen Ba\u015fkan G\u00fcltak; \u201cMersin B\u00fcy\u00fck\u015fehir Belediye Ba\u015fkan\u0131\u2019n\u0131n da bir an \u00f6nce istekli vatanda\u015flarla bir araya gelmesi, mahallelerde art\u0131k alternatifler \u00fcretmesi gerekiyor. \u00c7ay, Bar\u0131\u015f ve Turgut Reis mahallesindeki insanlara ben nas\u0131l ula\u015ft\u0131ysam, siz de ula\u015fabilirsiniz. \u015eu an \u00c7ay Mahallesi\u2019nde ilk etapta 3 ila 5 katl\u0131 415 konut, 44\u2019\u00fcn \u00fczerinde i\u015fyeri, camisi ile 140 d\u00f6n\u00fcml\u00fck arazide toplam 700 konut yap\u0131l\u0131yor. Bunun T\u00fcrkiye\u2019de ba\u015fka bir \u00f6rne\u011fi yok\u201d diye konu\u015ftu.<br \/>\n\u201cGe\u00e7mi\u015fte g\u00fczel laflar edilmi\u015f, fakat sorunlar hal\u0131n\u0131n alt\u0131na s\u00fcp\u00fcr\u00fclm\u00fc\u015f\u201d<br \/>\n\u201cBu \u015fehirde, \u00f6zellikle de Akdeniz\u2019de, 50 y\u0131ll\u0131k, 100 y\u0131ll\u0131k evler var\u201d diyen Ba\u015fkan G\u00fcltak, s\u00f6zlerini \u015f\u00f6yle s\u00fcrd\u00fcrd\u00fc; \u201cBunun \u00e7\u00f6z\u00fcm y\u00f6ntemi, yerinde kentsel d\u00f6n\u00fc\u015f\u00fcmd\u00fcr. \u00c7ay ve Bar\u0131\u015f mahallelerinde devlet biraz zarar ediyor. Vatanda\u015f da bunun fark\u0131nda. Bar\u0131\u015f Mahallesi\u2019nde vatanda\u015flar\u0131m\u0131z\u0131n y\u00fczde 82\u2019si gelip g\u00f6n\u00fcll\u00fc imzalar\u0131n\u0131 att\u0131. Fakat bunu sadece Akdeniz Belediyesi veya TOK\u0130\u2019nin imk\u00e2nlar\u0131 ile yapamay\u0131z.<br \/>\nGelmi\u015f ge\u00e7mi\u015f belediye ba\u015fkanlar\u0131 g\u00fczel laflar etmi\u015fler, ama se\u00e7ildikten sonraki 5 y\u0131lda hi\u00e7bir \u015fey yapmam\u0131\u015f, sorunlar\u0131 hal\u0131n\u0131n alt\u0131na s\u00fcp\u00fcrm\u00fc\u015fler. Vatanda\u015flar\u0131m\u0131za nas\u0131l yeni parklar ve ye\u015fil alanlar kazand\u0131raca\u011f\u0131z? Birbirini kesen bu sokaklar\u0131 nas\u0131l d\u00fczeltece\u011fiz? \u0130mar nas\u0131l d\u00fczelecek? Ada baz\u0131nda yeniden \u00e7al\u0131\u015f\u0131p, insanlar\u0131m\u0131z\u0131n ma\u011fdur olmayaca\u011f\u0131 bir form\u00fcl \u00fcretip, yerinde kentsel d\u00f6n\u00fc\u015f\u00fcm projelerini ba\u015flatmak zorunday\u0131z.\u201d<br \/>\n\u201cBe\u015f y\u0131lda bin 500 konut yap\u0131lm\u0131\u015f olur\u201d<br \/>\nAkdeniz Belediye Ba\u015fkan\u0131 G\u00fcltak; giri\u015fimleri sonucu kent merkezinde yer alan Bar\u0131\u015f Mahallesi\u2019ni kapsayacak kentsel d\u00f6n\u00fc\u015f\u00fcm ihalesinin de 30 Temmuz 2021 tarihinde yap\u0131laca\u011f\u0131n\u0131 belirterek; \u201cArkas\u0131ndan Turgut Reis Mahallemiz geliyor.<br \/>\nB\u00f6ylelikle 5 y\u0131l i\u00e7inde yakla\u015f\u0131k bin 500\u2019\u00fcn \u00fczerinde konut yap\u0131lm\u0131\u015f olacak. Bir alt belediye i\u00e7in bu b\u00fcy\u00fck bir i\u015ftir. Bir bu kadar\u0131n\u0131 da B\u00fcy\u00fck\u015fehir yapsa 3 bin konut olurdu. Hem B\u00fcy\u00fck\u015fehir hem de il\u00e7e belediyeleri istikrarl\u0131 olur isek, sadece 10-15 y\u0131l i\u00e7inde bu sorun tamamen ortadan kalkm\u0131\u015f olur.\u201d<\/p>\n","protected":false},"excerpt":{"rendered":"<p>Mithat Pa\u015fa Mahallesi\u2019ni ziyaret eden Akdeniz Belediye Ba\u015fkan\u0131 M. Mustafa G\u00fcltak, \u015fehrin 1\/5 binlik imar plan\u0131n\u0131n en k\u0131sa s\u00fcrede bitirilmesi ve kentsel d\u00f6n\u00fc\u015f\u00fcm projelerinin hayata ge\u00e7mesi i\u00e7in \u00e7a\u011fr\u0131da bulundu. Mersin\u2019in &hellip; <a href=\"https:\/\/akdenizolaygazetesi.com\/?p=13296\" class=\"more-link\">Devam\u0131n\u0131 Oku&#8230;<\/a><\/p>\n","protected":false},"author":2,"featured_media":13297,"comment_status":"open","ping_status":"open","sticky":false,"template":"","format":"standard","meta":[],"categories":[34,1,3,5],"tags":[],"_links":{"self":[{"href":"https:\/\/akdenizolaygazetesi.com\/index.php?rest_route=\/wp\/v2\/posts\/13296"}],"collection":[{"href":"https:\/\/akdenizolaygazetesi.com\/index.php?rest_route=\/wp\/v2\/posts"}],"about":[{"href":"https:\/\/akdenizolaygazetesi.com\/index.php?rest_route=\/wp\/v2\/types\/post"}],"author":[{"embeddable":true,"href":"https:\/\/akdenizolaygazetesi.com\/index.php?rest_route=\/wp\/v2\/users\/2"}],"replies":[{"embeddable":true,"href":"https:\/\/akdenizolaygazetesi.com\/index.php?rest_route=%2Fwp%2Fv2%2Fcomments&post=13296"}],"version-history":[{"count":1,"href":"https:\/\/akdenizolaygazetesi.com\/index.php?rest_route=\/wp\/v2\/posts\/13296\/revisions"}],"predecessor-version":[{"id":13298,"href":"https:\/\/akdenizolaygazetesi.com\/index.php?rest_route=\/wp\/v2\/posts\/13296\/revisions\/13298"}],"wp:featuredmedia":[{"embeddable":true,"href":"https:\/\/akdenizolaygazetesi.com\/index.php?rest_route=\/wp\/v2\/media\/13297"}],"wp:attachment":[{"href":"https:\/\/akdenizolaygazetesi.com\/index.php?rest_route=%2Fwp%2Fv2%2Fmedia&parent=13296"}],"wp:term":[{"taxonomy":"category","embeddable":true,"href":"https:\/\/akdenizolaygazetesi.com\/index.php?rest_route=%2Fwp%2Fv2%2Fcategories&post=13296"},{"taxonomy":"post_tag","embeddable":true,"href":"https:\/\/akdenizolaygazetesi.com\/index.php?rest_route=%2Fwp%2Fv2%2Ftags&post=13296"}],"curies":[{"name":"wp","href":"https:\/\/api.w.org\/{rel}","templated":true}]}}