{"id":13299,"date":"2021-07-14T10:13:09","date_gmt":"2021-07-14T07:13:09","guid":{"rendered":"http:\/\/akdenizolaygazetesi.com\/?p=13299"},"modified":"2021-07-14T10:13:09","modified_gmt":"2021-07-14T07:13:09","slug":"milli-atlet-ersu-sasma-hayatini-kaybeden-antrenoru-comlekcinin-olimpiyat-hayalini-gerceklestirdi","status":"publish","type":"post","link":"https:\/\/akdenizolaygazetesi.com\/?p=13299","title":{"rendered":"Milli Atlet Ersu \u015ea\u015fma, Hayat\u0131n\u0131 Kaybeden Antren\u00f6r\u00fc \u00c7\u00f6mlek\u00e7i&#8217;nin Olimpiyat Hayalini Ger\u00e7ekle\u015ftirdi"},"content":{"rendered":"<p>Toroslar Belediye Ba\u015fkan\u0131 Ats\u0131z Af\u015f\u0131n Y\u0131lmaz, 2020 Tokyo Olimpiyatlar\u0131&#8217;na haz\u0131rlanan Mersinli milli sporcular Ersu \u015ea\u015fma ve Tu\u011f\u00e7e \u015eahuto\u011flu&#8217;nun Yeni\u015fehir il\u00e7esindeki evlerine pankart ast\u0131rarak ba\u015far\u0131lar diledi.<\/p>\n<p>S\u0131r\u0131kla atlamada damgas\u0131n\u0131 vurarak T\u00fcrk atletizm tarihine ad\u0131n\u0131 yazd\u0131ran milli atlet Ersu \u015ea\u015fma ile \u00e7eki\u00e7 atmadaki derecesiyle T\u00fcrkiye&#8217;yi gururland\u0131ran milli atlet Tu\u011f\u00e7e \u015eahuto\u011flu, 23 Temmuz &#8211; 8 A\u011fustos tarihleri aras\u0131nda Japonya&#8217;da d\u00fczenlenecek 2020 Tokyo Olimpiyatlar\u0131na kota kazand\u0131.<\/p>\n<p>Ba\u015fkan Y\u0131lmaz, olimpiyat \u00f6ncesi her iki milli sporcunun evlerine pankart ast\u0131rarak moral deste\u011fi verdi ve ba\u015far\u0131lar diledi.<\/p>\n<p>Milli Atlet Ersu \u015ea\u015fma, Hayat\u0131n\u0131 Kaybeden Antren\u00f6r\u00fc \u00c7\u00f6mlek\u00e7i&#8217;nin Olimpiyat Hayalini Ger\u00e7ekle\u015ftirdi<\/p>\n<p>Olimpiyat kotas\u0131 olan Ersu \u015ea\u015fma tarihi ba\u015far\u0131s\u0131n\u0131, kendisini yeti\u015ftiren ve yak\u0131n zamanda hayat\u0131n\u0131 kaybeden antren\u00f6r\u00fc \u0130brahim Halil \u00c7\u00f6mlek\u00e7i&#8217;ye atfetmi\u015fti.<\/p>\n<p>&#8220;Hocam\u0131n hayali olan olimpiyat madalyas\u0131 i\u00e7in \u00e7al\u0131\u015faca\u011f\u0131m&#8221; diyen T\u00fcrkiye rekortmeni milli atlet Ersu \u015ea\u015fma, antren\u00f6r\u00fc merhum \u00c7\u00f6mlek\u00e7i&#8217;nin bu hayalini ger\u00e7ekle\u015ftirdi.<\/p>\n<p>\u015ea\u015fma ve \u015eahuto\u011flu, sporun en b\u00fcy\u00fck organizasyonu olarak g\u00f6sterilen olimpiyatta T\u00fcrkiye&#8217;yi temsil edecek.<\/p>\n<p>Ba\u015fkan Y\u0131lmaz: &#8220;Mersin Olarak Gururluyuz&#8221;<\/p>\n<p>&#8220;Milli sporcular\u0131m\u0131zla gurur duyuyoruz&#8221; diyen Ba\u015fkan Y\u0131lmaz; &#8220;Mersin&#8217;den ba\u015far\u0131l\u0131 sporcular\u0131m\u0131z\u0131n yeti\u015fmesi bizleri gururland\u0131r\u0131yor. Her iki sporcumuzun da Olimpiyatlarda \u00fclkemizi en iyi \u015fekilde temsil ederek \u015fanl\u0131 bayra\u011f\u0131m\u0131z\u0131 g\u00f6nderde dalgaland\u0131racaklar\u0131na y\u00fcrekten inan\u0131yorum. Kendilerine ba\u015far\u0131lar diliyorum. Sporun ve sporcunun her zaman yan\u0131nday\u0131z&#8221; dedi.<\/p>\n<p>&#8220;Ba\u015fkan\u0131m\u0131z Ats\u0131z Af\u015f\u0131n Y\u0131lmaz&#8217;a Te\u015fekk\u00fcr Ederiz&#8221;<\/p>\n<p>Milli Atlet Ersu \u015ea\u015fma&#8217;n\u0131n Babas\u0131 Ersin \u015ea\u015fma ve annesi Suzan \u015ea\u015fma ise Toroslar Belediye Ba\u015fkan\u0131 Ats\u0131z Af\u015f\u0131n Y\u0131lmaz&#8217;a desteklerinden dolay\u0131 te\u015fekk\u00fcr ederek; &#8220;O\u011flumuzun bu ba\u015far\u0131lar\u0131n\u0131 Say\u0131n Ba\u015fkan\u0131m\u0131z\u0131n da desteklemesi bizleri \u00e7ok sevindirdi ve mutlu etti. Hem\u015fehrilerimizin o\u011flumuzu tan\u0131mas\u0131  ve ilgilenilmesinden dolay\u0131 gurur duyduk&#8221; ifadelerini kulland\u0131.<\/p>\n<p>Milli sporcu Tu\u011f\u00e7e \u015eahuto\u011flu&#8217;nun babas\u0131 Cemil \u015eahuto\u011flu ile annesi Saadet \u015eahuto\u011flu da Ba\u015fkan Y\u0131lmaz&#8217;a yanlar\u0131nda oldu\u011fu i\u00e7in te\u015fekk\u00fcr ederek; &#8220;Ba\u015fkan\u0131m\u0131z\u0131n bu ilgisi bizleri \u00e7ok mutlu etti. Kendisine te\u015fekk\u00fcr ederiz&#8221; diye konu\u015ftu.<\/p>\n","protected":false},"excerpt":{"rendered":"<p>Toroslar Belediye Ba\u015fkan\u0131 Ats\u0131z Af\u015f\u0131n Y\u0131lmaz, 2020 Tokyo Olimpiyatlar\u0131&#8217;na haz\u0131rlanan Mersinli milli sporcular Ersu \u015ea\u015fma ve Tu\u011f\u00e7e \u015eahuto\u011flu&#8217;nun Yeni\u015fehir il\u00e7esindeki evlerine pankart ast\u0131rarak ba\u015far\u0131lar diledi. S\u0131r\u0131kla atlamada damgas\u0131n\u0131 vurarak T\u00fcrk &hellip; <a href=\"https:\/\/akdenizolaygazetesi.com\/?p=13299\" class=\"more-link\">Devam\u0131n\u0131 Oku&#8230;<\/a><\/p>\n","protected":false},"author":2,"featured_media":13300,"comment_status":"open","ping_status":"open","sticky":false,"template":"","format":"standard","meta":[],"categories":[3,5],"tags":[],"_links":{"self":[{"href":"https:\/\/akdenizolaygazetesi.com\/index.php?rest_route=\/wp\/v2\/posts\/13299"}],"collection":[{"href":"https:\/\/akdenizolaygazetesi.com\/index.php?rest_route=\/wp\/v2\/posts"}],"about":[{"href":"https:\/\/akdenizolaygazetesi.com\/index.php?rest_route=\/wp\/v2\/types\/post"}],"author":[{"embeddable":true,"href":"https:\/\/akdenizolaygazetesi.com\/index.php?rest_route=\/wp\/v2\/users\/2"}],"replies":[{"embeddable":true,"href":"https:\/\/akdenizolaygazetesi.com\/index.php?rest_route=%2Fwp%2Fv2%2Fcomments&post=13299"}],"version-history":[{"count":1,"href":"https:\/\/akdenizolaygazetesi.com\/index.php?rest_route=\/wp\/v2\/posts\/13299\/revisions"}],"predecessor-version":[{"id":13301,"href":"https:\/\/akdenizolaygazetesi.com\/index.php?rest_route=\/wp\/v2\/posts\/13299\/revisions\/13301"}],"wp:featuredmedia":[{"embeddable":true,"href":"https:\/\/akdenizolaygazetesi.com\/index.php?rest_route=\/wp\/v2\/media\/13300"}],"wp:attachment":[{"href":"https:\/\/akdenizolaygazetesi.com\/index.php?rest_route=%2Fwp%2Fv2%2Fmedia&parent=13299"}],"wp:term":[{"taxonomy":"category","embeddable":true,"href":"https:\/\/akdenizolaygazetesi.com\/index.php?rest_route=%2Fwp%2Fv2%2Fcategories&post=13299"},{"taxonomy":"post_tag","embeddable":true,"href":"https:\/\/akdenizolaygazetesi.com\/index.php?rest_route=%2Fwp%2Fv2%2Ftags&post=13299"}],"curies":[{"name":"wp","href":"https:\/\/api.w.org\/{rel}","templated":true}]}}