{"id":1330,"date":"2020-11-04T18:21:54","date_gmt":"2020-11-04T15:21:54","guid":{"rendered":"http:\/\/mersinekonomipolitikagazetesi.com\/?p=1330"},"modified":"2020-11-04T18:21:54","modified_gmt":"2020-11-04T15:21:54","slug":"toroslarda-yuzme-kurslari-basliyor","status":"publish","type":"post","link":"https:\/\/akdenizolaygazetesi.com\/?p=1330","title":{"rendered":"Toroslar&#8217;da y\u00fczme kurslar\u0131 ba\u015fl\u0131yor"},"content":{"rendered":"<p>Toroslar Belediyesi\u2019nin 2017 y\u0131l\u0131 yaz spor okullar\u0131 kapsam\u0131nda a\u00e7aca\u011f\u0131 y\u00fczme kursunun kay\u0131tlar\u0131 29 May\u0131s Pazartesi g\u00fcn\u00fc ba\u015fl\u0131yor.<\/p>\n<p>\u00c7ukurova Mahallesi\u2019nde 18 bin metrekare alan \u00fczerine in\u015fa edilen Toroslar Belediyesi Olimpik Y\u00fczme Havuzunda ger\u00e7ekle\u015ftirilecek temel y\u00fczme e\u011fitimlerinden, 7-18 ya\u015f aral\u0131\u011f\u0131nda olanlar faydalanabilecek.<br \/>\nGe\u00e7en y\u0131llarda g\u00f6rd\u00fc\u011f\u00fc yo\u011fun talep ve be\u011feniyle bu y\u0131l da y\u00fczlerce \u00e7ocu\u011fa ve gence hizmet verecek olan kurslar, alan\u0131nda uzman y\u00fczme antren\u00f6rleri e\u015fli\u011finde haziran, temmuz ve a\u011fustos aylar\u0131nda 3 d\u00f6nem olacak \u015fekilde hafta i\u00e7i her g\u00fcn d\u00fczenlenecek.<br \/>\n12 Haziran Pazartesi g\u00fcn\u00fc ilk etab\u0131 ba\u015flayacak olan kurslara kay\u0131t yapt\u0131rmak isteyenler ise belediye veznelerine yat\u0131racaklar\u0131 30 TL \u00fccretin dekontu ile birlikte kimlik fotokopisi ve 1 adet foto\u011fraflar\u0131yla \u00c7ukurova Mahallesi\u2019nde bulunan Olimpik Y\u00fczme Havuzundaki Toroslar Belediyesi Spor \u0130\u015fleri Koordinat\u00f6rl\u00fc\u011f\u00fcne ba\u015fvurular\u0131n\u0131 yapabilecek.<br \/>\nKonuyla ilgili a\u00e7\u0131klama yapan Toroslar Belediye Ba\u015fkan\u0131 Hamit Tuna, y\u00fczme kursuna kat\u0131lacak kursiyerler i\u00e7in servis imkan\u0131 da sunduklar\u0131n\u0131 belirterek, kurslardan 2 y\u0131lda yakla\u015f\u0131k 10 bin \u00e7ocuk ve gencin yararland\u0131\u011f\u0131n\u0131 s\u00f6yledi.<br \/>\nTesiste bir sporcu i\u00e7in gerekli t\u00fcm imkanlar\u0131n titizlikle d\u00fc\u015f\u00fcn\u00fcld\u00fc\u011f\u00fcn\u00fc vurgulayan Ba\u015fkan Tuna; \u201c\u0130\u00e7erisinde tesis binas\u0131, havuz ba\u015f\u0131 aktivite alan\u0131, kafeterya, du\u015f ve soyunma odalar\u0131 ile hakem ve y\u00f6netim b\u00f6l\u00fcmlerinin de yer ald\u0131\u011f\u0131 olimpik y\u00fczme havuzumuzda ger\u00e7ekle\u015ftirdi\u011fimiz kurslar\u0131m\u0131za, yaz d\u00f6nemine girilmesiyle ba\u015fl\u0131yoruz. \u00c7ocuklar\u0131m\u0131z\u0131n ve gen\u00e7lerimizin t\u00fcm spor aktivitelerinden yararland\u0131\u011f\u0131 Toroslarda amac\u0131m\u0131z, y\u00fczme sporunu da yayg\u0131nla\u015ft\u0131rmakt\u0131r. Bu y\u0131l da d\u00fczenleyece\u011fimiz kurslarla y\u00fczme bilmeyenlere y\u00fczme \u00f6\u011fretilecek, bilenler ise kendilerini daha da geli\u015ftirme imkan\u0131na kavu\u015facak\u201d dedi.<br \/>\nBelediye yaz spor okullar\u0131 kapsam\u0131nda y\u00fczmenin yan\u0131 s\u0131ra basketbol, futbol, voleybol ve kort tenisinin de yer ald\u0131\u011f\u0131n\u0131 kaydeden Tuna, \u201cBiz tesisleri yap\u0131p, imkan sa\u011fl\u0131yoruz, anne ve babalar\u0131m\u0131zdan da \u00e7ocuklar\u0131m\u0131z\u0131 spora y\u00f6nlendirmelerini istiyoruz\u201d diye konu\u015ftu.<\/p>\n","protected":false},"excerpt":{"rendered":"<p>Toroslar Belediyesi\u2019nin 2017 y\u0131l\u0131 yaz spor okullar\u0131 kapsam\u0131nda a\u00e7aca\u011f\u0131 y\u00fczme kursunun kay\u0131tlar\u0131 29 May\u0131s Pazartesi g\u00fcn\u00fc ba\u015fl\u0131yor. \u00c7ukurova Mahallesi\u2019nde 18 bin metrekare alan \u00fczerine in\u015fa edilen Toroslar Belediyesi Olimpik Y\u00fczme &hellip; <a href=\"https:\/\/akdenizolaygazetesi.com\/?p=1330\" class=\"more-link\">Devam\u0131n\u0131 Oku&#8230;<\/a><\/p>\n","protected":false},"author":1,"featured_media":0,"comment_status":"open","ping_status":"open","sticky":false,"template":"","format":"standard","meta":[],"categories":[],"tags":[],"_links":{"self":[{"href":"https:\/\/akdenizolaygazetesi.com\/index.php?rest_route=\/wp\/v2\/posts\/1330"}],"collection":[{"href":"https:\/\/akdenizolaygazetesi.com\/index.php?rest_route=\/wp\/v2\/posts"}],"about":[{"href":"https:\/\/akdenizolaygazetesi.com\/index.php?rest_route=\/wp\/v2\/types\/post"}],"author":[{"embeddable":true,"href":"https:\/\/akdenizolaygazetesi.com\/index.php?rest_route=\/wp\/v2\/users\/1"}],"replies":[{"embeddable":true,"href":"https:\/\/akdenizolaygazetesi.com\/index.php?rest_route=%2Fwp%2Fv2%2Fcomments&post=1330"}],"version-history":[{"count":0,"href":"https:\/\/akdenizolaygazetesi.com\/index.php?rest_route=\/wp\/v2\/posts\/1330\/revisions"}],"wp:attachment":[{"href":"https:\/\/akdenizolaygazetesi.com\/index.php?rest_route=%2Fwp%2Fv2%2Fmedia&parent=1330"}],"wp:term":[{"taxonomy":"category","embeddable":true,"href":"https:\/\/akdenizolaygazetesi.com\/index.php?rest_route=%2Fwp%2Fv2%2Fcategories&post=1330"},{"taxonomy":"post_tag","embeddable":true,"href":"https:\/\/akdenizolaygazetesi.com\/index.php?rest_route=%2Fwp%2Fv2%2Ftags&post=1330"}],"curies":[{"name":"wp","href":"https:\/\/api.w.org\/{rel}","templated":true}]}}