{"id":13302,"date":"2021-07-14T10:15:35","date_gmt":"2021-07-14T07:15:35","guid":{"rendered":"http:\/\/akdenizolaygazetesi.com\/?p=13302"},"modified":"2021-07-14T10:15:35","modified_gmt":"2021-07-14T07:15:35","slug":"cumhur-ittifaki-olarak-destek-veriyoruz","status":"publish","type":"post","link":"https:\/\/akdenizolaygazetesi.com\/?p=13302","title":{"rendered":"\u201cCumhur \u0130ttifak\u0131 olarak destek veriyoruz\u201d"},"content":{"rendered":"<p>Mersin B\u00fcy\u00fck\u015fehir Belediye Meclisi\u2019nin Temmuz ay\u0131 ikinci birle\u015fiminde s\u00f6z alan Akdeniz Belediye Ba\u015fkan\u0131 M. Mustafa G\u00fcltak; sadece Mezitli Alevi K\u00fclt\u00fcr Derne\u011fi de\u011fil; Toroslar Cem Evi, Kilikya Nehir Sosyal Dayan\u0131\u015fma ve K\u00fclt\u00fcr Derne\u011fi ile Hac\u0131 Bekta\u015f Anadolu K\u00fclt\u00fcr Vakf\u0131\u2019na da maddi destek verilmesi \u00e7a\u011fr\u0131s\u0131 yapt\u0131.<br \/>\nMersin B\u00fcy\u00fck\u015fehir Belediyesi Fen \u0130\u015fleri Dairesi Ba\u015fkanl\u0131\u011f\u0131 2021 mali y\u0131l\u0131 b\u00fct\u00e7esinden, Mezitli Alevi K\u00fclt\u00fcr Dernekleri Mezitli \u015eubesi\u2019ne 1 milyon TL maddi yard\u0131mda bulunulmas\u0131 ile ilgili g\u00fcndem maddesi de g\u00f6r\u00fc\u015f\u00fcld\u00fc. Bu g\u00fcndemle ilgili Meclis toplant\u0131s\u0131nda s\u00f6z alan Akdeniz Belediye Ba\u015fkan\u0131 Mustafa G\u00fcltak; sadece Mezitli Alevi K\u00fclt\u00fcr Derne\u011fi\u2019ne de\u011fil, Toroslar Cem Evi, Kilikya Nehir Sosyal Dayan\u0131\u015fma ve K\u00fclt\u00fcr Derne\u011fi ile Hac\u0131 Bekta\u015f Anadolu K\u00fclt\u00fcr Vakf\u0131\u2019na da maddi destek verilmesi \u00e7a\u011fr\u0131s\u0131nda bulundu.<br \/>\nMersin B\u00fcy\u00fck\u015fehir Belediye Ba\u015fkan\u0131 Vahap Se\u00e7er\u2019e seslenen Ba\u015fkan Mustafa G\u00fcltak \u015f\u00f6yle konu\u015ftu; \u201cToroslar Cem Evi\u2019nin ve Hac\u0131 Bekta\u015fi Veli Anadolu K\u00fclt\u00fcr Vakf\u0131\u2019n\u0131n idarenizde bekleyen birer dilek\u00e7esi var. Ayr\u0131ca Kilikya Derne\u011fi\u2019nin Yeni\u015fehir b\u00f6lgesinde bitmemi\u015f, y\u0131llard\u0131r bekleyen b\u00fcy\u00fck bir k\u00fclliyesi var. Onun d\u0131\u015f\u0131nda Yeni\u015fehir\u2019de yine Cem Evi\u2019nin \u00fcst kat\u0131nda cem etmek isteyen de\u011ferli Alevi karde\u015flerimiz var. Mezitli Cemevi Ba\u015fkan\u0131m\u0131z ve Alevi Federasyonu Ba\u015fkan\u0131m\u0131z bizi ziyaret etti. Bizler de her t\u00fcrl\u00fc deste\u011fi kendilerine verece\u011fimizi s\u00f6yledik.\u201d<br \/>\n\u201cCumhur \u0130ttifak\u0131 olarak destek veriyoruz\u201d<br \/>\n\u0130mk\u00e2n olsa, Meclis\u2019e getirilen 1 milyon TL\u2019den daha destek vermek istediklerini de s\u00f6zlerine ekleyen Ba\u015fkan G\u00fcltak, \u201cFakat tekrar alt\u0131n\u0131 \u00e7izmek istiyorum; Toroslar Cemevi\u2019nin ve Hac\u0131 Bekta\u015fi Veli Anadolu K\u00fclt\u00fcr Vakf\u0131\u2019n\u0131n dilek\u00e7eleri idarenizde bekliyor. Ayr\u0131ca Yeni\u015fehir Cemevi\u2019nin \u00fcst kat\u0131 a\u00e7\u0131lmay\u0131 bekliyor. Kilikya Derne\u011fi\u2019nin Yeni\u015fehir\u2019deki k\u00fclliyesi de ibadet i\u00e7in sizlerin ve bizlerin deste\u011fini bekliyor. Burada benim g\u00f6r\u00fc\u015f\u00fcm olumlu. Tahmin ediyorum; Cumhur \u0130ttifak\u0131 \u00fcyesi MHP\u2019li arkada\u015flar\u0131m\u0131z da benim gibi d\u00fc\u015f\u00fcn\u00fcyor. Federasyon Ba\u015fkan\u0131na da s\u00f6ylemi\u015ftim. Ama biz bir an \u00f6nce bu dernekler ve vakf\u0131m\u0131z\u0131n da g\u00fcndeme al\u0131nmas\u0131n\u0131 istiyoruz. Bu karde\u015flerimizin de en k\u0131sa zamanda rahat\u00e7a ve ferah \u015fekilde ibadet etmelerini istiyoruz\u201d diye konu\u015ftu.<br \/>\nAkdeniz Belediye Ba\u015fkan\u0131 G\u00fcltak; \u00f6zellikle Yeni\u015fehir Cemevi ve Kilikya Nehir Derne\u011fi\u2019nin b\u00fcy\u00fck s\u0131k\u0131nt\u0131lar\u0131 oldu\u011funun alt\u0131n\u0131 \u00e7izdi\u011fi konu\u015fmas\u0131nda; yine Meclis\u2019e seslenerek; \u201cUmar\u0131m A\u011fustos ay\u0131nda onlarla ilgili m\u00fcjdeli bir haber getirirsiniz ve g\u00fcndeminize al\u0131rs\u0131n\u0131z. Onlar\u0131 da oylar\u0131z. Alevi karde\u015flerimiz de kendilerini d\u0131\u015flanm\u0131\u015f hissetmezler veya bize bak\u0131lm\u0131yor demezler\u201d ifadelerini kaydetti.<\/p>\n","protected":false},"excerpt":{"rendered":"<p>Mersin B\u00fcy\u00fck\u015fehir Belediye Meclisi\u2019nin Temmuz ay\u0131 ikinci birle\u015fiminde s\u00f6z alan Akdeniz Belediye Ba\u015fkan\u0131 M. Mustafa G\u00fcltak; sadece Mezitli Alevi K\u00fclt\u00fcr Derne\u011fi de\u011fil; Toroslar Cem Evi, Kilikya Nehir Sosyal Dayan\u0131\u015fma ve &hellip; <a href=\"https:\/\/akdenizolaygazetesi.com\/?p=13302\" class=\"more-link\">Devam\u0131n\u0131 Oku&#8230;<\/a><\/p>\n","protected":false},"author":2,"featured_media":13303,"comment_status":"open","ping_status":"open","sticky":false,"template":"","format":"standard","meta":[],"categories":[34,1,3,5],"tags":[],"_links":{"self":[{"href":"https:\/\/akdenizolaygazetesi.com\/index.php?rest_route=\/wp\/v2\/posts\/13302"}],"collection":[{"href":"https:\/\/akdenizolaygazetesi.com\/index.php?rest_route=\/wp\/v2\/posts"}],"about":[{"href":"https:\/\/akdenizolaygazetesi.com\/index.php?rest_route=\/wp\/v2\/types\/post"}],"author":[{"embeddable":true,"href":"https:\/\/akdenizolaygazetesi.com\/index.php?rest_route=\/wp\/v2\/users\/2"}],"replies":[{"embeddable":true,"href":"https:\/\/akdenizolaygazetesi.com\/index.php?rest_route=%2Fwp%2Fv2%2Fcomments&post=13302"}],"version-history":[{"count":1,"href":"https:\/\/akdenizolaygazetesi.com\/index.php?rest_route=\/wp\/v2\/posts\/13302\/revisions"}],"predecessor-version":[{"id":13304,"href":"https:\/\/akdenizolaygazetesi.com\/index.php?rest_route=\/wp\/v2\/posts\/13302\/revisions\/13304"}],"wp:featuredmedia":[{"embeddable":true,"href":"https:\/\/akdenizolaygazetesi.com\/index.php?rest_route=\/wp\/v2\/media\/13303"}],"wp:attachment":[{"href":"https:\/\/akdenizolaygazetesi.com\/index.php?rest_route=%2Fwp%2Fv2%2Fmedia&parent=13302"}],"wp:term":[{"taxonomy":"category","embeddable":true,"href":"https:\/\/akdenizolaygazetesi.com\/index.php?rest_route=%2Fwp%2Fv2%2Fcategories&post=13302"},{"taxonomy":"post_tag","embeddable":true,"href":"https:\/\/akdenizolaygazetesi.com\/index.php?rest_route=%2Fwp%2Fv2%2Ftags&post=13302"}],"curies":[{"name":"wp","href":"https:\/\/api.w.org\/{rel}","templated":true}]}}