{"id":13305,"date":"2021-07-14T10:17:26","date_gmt":"2021-07-14T07:17:26","guid":{"rendered":"http:\/\/akdenizolaygazetesi.com\/?p=13305"},"modified":"2021-07-14T10:17:26","modified_gmt":"2021-07-14T07:17:26","slug":"modern-mezbahalarimiz-ve-mobil-kesim-unitelerimiz-vatandaslarimizin-kullanimina-hazir","status":"publish","type":"post","link":"https:\/\/akdenizolaygazetesi.com\/?p=13305","title":{"rendered":"\u201cMODERN MEZBAHALARIMIZ VE MOB\u0130L KES\u0130M \u00dcN\u0130TELER\u0130M\u0130Z VATANDA\u015eLARIMIZIN KULLANIMINA HAZIR\u201d"},"content":{"rendered":"<p>Mersin B\u00fcy\u00fck\u015fehir Belediye Meclisi\u2019nin 2021 Y\u0131l\u0131 Temmuz Ay\u0131 Toplant\u0131s\u0131 2. Birle\u015fimi, Kongre ve Sergi Saray\u0131\u2019nda Mersin B\u00fcy\u00fck\u015fehir Belediye Ba\u015fkan\u0131 Vahap Se\u00e7er ba\u015fkanl\u0131\u011f\u0131nda ger\u00e7ekle\u015ftirildi. Ba\u015fkan Se\u00e7er, toplant\u0131da B\u00fcy\u00fck\u015fehir Belediyesi taraf\u0131ndan Kurban Bayram\u0131 i\u00e7in yap\u0131lan haz\u0131rl\u0131klar\u0131 anlat\u0131rken, farkl\u0131 daire ba\u015fkanl\u0131klar\u0131 taraf\u0131ndan al\u0131nan tedbirleri de tek tek duyurdu.<\/p>\n<p>Ba\u015fkan Se\u00e7er, Kurban Bayram\u0131\u2019nda faaliyet g\u00f6sterecek mezbahalar ve mobil kesim \u00fcnitelerinden bayram boyunca otob\u00fcs seferlerinin \u00fccretsiz olaca\u011f\u0131na, \u015fehitler i\u00e7in kesilecek kurbanlardan a\u015fevi arac\u0131l\u0131\u011f\u0131yla yap\u0131lan yemeklerin dezavantajl\u0131 mahallelerdeki vatanda\u015flara da\u011f\u0131t\u0131laca\u011f\u0131na kadar bir\u00e7ok konuda a\u00e7\u0131klamalarda bulundu. Se\u00e7er, ayr\u0131ca vatanda\u015flar\u0131n herhangi bir sorun kar\u015f\u0131s\u0131nda Teksin \u00fczerinden ba\u015fvuruda bulunabileceklerini s\u00f6yledi.<\/p>\n<p>Mersin B\u00fcy\u00fck\u015fehir Belediye Ba\u015fkan\u0131 Vahap Se\u00e7er, 15 Temmuz Demokrasi ve Milli Birlik G\u00fcn\u00fc\u2019ne de\u011finerek, \u201c15 Temmuz&#8217;da hayat\u0131n\u0131 kaybeden vatanda\u015flar\u0131m\u0131za Allah&#8217;tan rahmet diliyorum. Ruhlar\u0131 \u015fad olsun\u201d dedi. Koronavir\u00fcse yakalanan Anamur Belediye Ba\u015fkan\u0131 Hidayet K\u0131l\u0131n\u00e7\u2019a da ge\u00e7mi\u015f olsun dileklerini ileten Ba\u015fkan Se\u00e7er,  \u201cAnamur Belediye Ba\u015fkan\u0131m\u0131z Hidayet K\u0131l\u0131n\u00e7 covid te\u015fhisiyle tedavi alt\u0131na al\u0131nd\u0131. 3 a\u015f\u0131 olmas\u0131na ra\u011fmen, bu illet hastal\u0131\u011fa yakaland\u0131. Bu da asl\u0131nda bir uyar\u0131 niteli\u011finde. Hidayet Ba\u015fkan\u0131m\u0131z\u2019a ge\u00e7mi\u015f olsun dileklerimizi iletiyoruz\u201d diye konu\u015ftu.<\/p>\n<p>Se\u00e7er\u2019den vatanda\u015flara bor\u00e7lar\u0131n\u0131 yap\u0131land\u0131rma hat\u0131rlatmas\u0131<\/p>\n<p>Ba\u015fkan Se\u00e7er, ge\u00e7ti\u011fimiz hafta MESK\u0130\u2019nin gecikmi\u015f su \u00f6dentileri ile ilgili yap\u0131land\u0131rmalar hakk\u0131nda bilgi verdi\u011fini an\u0131msatarak, yeni bir hat\u0131rlatma daha yapt\u0131. Se\u00e7er, \u201cBelediyemizin ilan, reklam, vergi bor\u00e7lar\u0131, ecrimisil bedeli bor\u00e7lar\u0131, kat\u0131 at\u0131k ve bertaraf \u00fccretleri ile idari para cezalar\u0131n\u0131n ayn\u0131 kanun kapsam\u0131nda taksitlendirilece\u011fi konusunda vatanda\u015flar\u0131m\u0131za duyuru yapmak istiyorum. S\u00f6z konusu yap\u0131land\u0131rmadan yararlanabilecek ki\u015fi say\u0131s\u0131 10 bin 240. Ancak \u015fu ana kadar 181 vatanda\u015f\u0131m\u0131z ba\u015fvuruda bulunmu\u015f. Umut ediyorum s\u00fcre dolmadan, yani A\u011fustos sonuna kadar bu konuda bizlere m\u00fcracaat eden vatanda\u015flar\u0131m\u0131z\u0131n say\u0131s\u0131nda art\u0131\u015f olur ve bor\u00e7lar\u0131n\u0131 yap\u0131land\u0131rmadan faydalanarak kurumumuza \u00f6derler\u201d dedi.<\/p>\n<p>\u201cModern mezbahalar\u0131m\u0131z ve mobil kesim \u00fcnitelerimiz kullan\u0131ma haz\u0131r\u201d<\/p>\n<p>Kurban Bayram\u0131\u2019nda B\u00fcy\u00fck\u015fehir Belediyesi olarak bir dizi \u00f6nlemler ald\u0131klar\u0131n\u0131 ifade eden Se\u00e7er, \u015f\u00f6yle devam etti:<\/p>\n<p>\u201cBaz\u0131 hizmet alanlar\u0131m\u0131z\u0131 g\u00fc\u00e7lendirdik, ilave hizmet alanlar\u0131n\u0131 geli\u015ftirdik. Mersin B\u00fcy\u00fck\u015fehir Belediyesi olarak bu Kurban Bayram\u0131\u2019nda vatanda\u015flar\u0131m\u0131z i\u00e7in haz\u0131rl\u0131klar\u0131m\u0131z\u0131 tamamlad\u0131k. Ekiplerimiz modern mezbahalar\u0131 ve mobil kesim \u00fcnitelerimizi vatanda\u015flar\u0131m\u0131z\u0131n kullan\u0131m\u0131na haz\u0131r hale getirdiler. Yine ek seferlerimizle g\u00fc\u00e7lendirece\u011fimiz \u00fccretsiz ula\u015f\u0131m hizmetimiz ba\u015fta olmak \u00fczere t\u00fcm ekiplerimizle bayrama haz\u0131r durumday\u0131z. Kurban Bayram\u0131 boyunca Yakak\u00f6y, Tarsus, \u00c7aml\u0131yayla, Erdemli, Mut, G\u00fclnar, Silifke ve Anamur&#8217;da yer alan 8 mezbahaneye ek olarak Mersin merkezde 7, Tarsus&#8217;ta 5, Erdemli&#8217;de 4, Silifke\u2019de 2, Mut, Anamur, Ayd\u0131nc\u0131k, Bozyaz\u0131, G\u00fclnar, \u00c7aml\u0131yayla&#8217;da birer adet olmak \u00fczere toplam 24 mobil kesim \u00fcnitesi hizmet verecek. Mobil kesim \u00fcniteleri ve mezbahalarda ge\u00e7en y\u0131l oldu\u011fu gibi bu y\u0131l da kesimler \u00fccretsiz ve hijyenik ko\u015fullarda ger\u00e7ekle\u015ftirilecek.\u201d<\/p>\n<p>\u201cVatanda\u015flar\u0131m\u0131z\u0131n uygun olmayan yerlerde hayvan kesiminden uzak kalmalar\u0131n\u0131 istiyoruz\u201d<\/p>\n<p>Mobil kesim \u00fcnitelerinin bayram\u0131n 1. g\u00fcn\u00fc, mezbahalar\u0131n ise Kurban Bayram\u0131 boyunca faaliyetlerini s\u00fcrd\u00fcrece\u011finden s\u00f6z eden Ba\u015fkan Se\u00e7er, \u201cMobil kesim \u00fcnitelerimizdeki kesimler sabah 07.00 ile ak\u015fam 18.00 aras\u0131nda devam edecek. Mobil kesimhanelerin yer alaca\u011f\u0131 yerler \u015f\u00f6yle: \u00c7aml\u0131yayla&#8217;da Sebil, Tarsus&#8217;ta G\u00fclek, Yenice, Turkuaz, Ba\u011flar ve 82 Evler, Akdeniz&#8217;de 3 Ocak Mahallesi, Mezitli&#8217;de Menderes Mahallesi, Yeni\u015fehir&#8217;de Macit \u00d6zcan Spor Kompleksi kar\u015f\u0131s\u0131, Toroslar&#8217;da Korukent, Arslank\u00f6y, G\u00f6zne ve Ayvagedi\u011fi, Erdemli&#8217;de otopark kar\u015f\u0131s\u0131, Karg\u0131p\u0131nar\u0131, Arslanl\u0131 ve Sar\u0131kaya, Silifke&#8217;de Kapal\u0131 Pazar Yeri ve G\u00f6kbelen, Mut\u2019ta Sertavul, G\u00fclnar\u2019da kesimhane yan\u0131, Ayd\u0131nc\u0131k ve Bozyaz\u0131\u2019da merkezde, Anamur&#8217;da ise sahilde yer alacak.  Kesimler 250 sertifikal\u0131 kasap, 110 yard\u0131mc\u0131 personel ve her kesimhanede g\u00f6revli bir veteriner hekim ile veteriner sa\u011fl\u0131k teknikerleri g\u00f6zetiminde, usul\u00fcne uygun \u015fekilde ger\u00e7ekle\u015ftirilecek. Kesim s\u0131ras\u0131nda olu\u015fan at\u0131klar\u0131n toplanmas\u0131, bertaraf edilmesi ve kesim sonras\u0131 olu\u015fabilecek sorunlarla ilgili de \u0130tfaiye, \u00c7evre Koruma ekiplerimiz de koordineli olarak \u00e7al\u0131\u015fma y\u00fcr\u00fctecekler. Vatanda\u015flar\u0131m\u0131z\u0131n cadde boylar\u0131nda, sokak aralar\u0131nda, uygun olmayan yerlerde hayvan kesiminden uzak kalmalar\u0131n\u0131 istiyoruz. Bu k\u00f6t\u00fc g\u00f6r\u00fcnt\u00fclerden uzak durmalar\u0131n\u0131 kendilerinden talep ediyoruz. Belediye olarak onlar\u0131n kurban kesimine her t\u00fcrl\u00fc deste\u011fi zaten verece\u011fimizi belirttim\u201d dedi.<\/p>\n<p>Bayram boyunca otob\u00fcs seferleri \u00fccretsiz<\/p>\n<p>Bayram boyunca otob\u00fcs seferlerinin \u00fccretsiz olaca\u011f\u0131n\u0131 duyuran Ba\u015fkan Se\u00e7er, \u201c4 merkez il\u00e7e ve Tarsus&#8217;ta \u00f6zellikle Arife ve bayram\u0131n 1. g\u00fcn\u00fc mezarl\u0131klara ek seferler konularak, sefer say\u0131lar\u0131 art\u0131r\u0131lacak. \u00dccretsiz mezarl\u0131k servisimiz, Makine \u0130kmal, Toros Devlet Hastanesi, \u0130stasyon, Ta\u015f Bina, \u0130stiklal Caddesi, \u00c7ankaya, Akbelen Bulvar\u0131, Akbelen Mezarl\u0131\u011f\u0131 ve G\u00fcneykent Mezarl\u0131\u011f\u0131 aras\u0131nda bayram boyunca sabah 08.00, ak\u015fam 17.00 saatleri aras\u0131nda \u00e7al\u0131\u015facak. Yine Yakak\u00f6y Mezbahas\u0131\u2019nda kurban kesmek isteyen vatanda\u015flar\u0131m\u0131z Yakak\u00f6y hatt\u0131na sefer yapan belediye otob\u00fcslerini \u00fccretsiz olarak kullanabilecekler\u201d diye konu\u015ftu.<\/p>\n<p>\u201cVatanda\u015flar\u0131m\u0131z\u0131n herhangi bir sorunda Teksin \u00fczerinden ba\u015fvuruda bulunma imk\u00e2nlar\u0131 var\u201d<\/p>\n<p>Ba\u015fkan Se\u00e7er, farkl\u0131 daire ba\u015fkanl\u0131klar\u0131 taraf\u0131ndan Kurban Bayram\u0131\u2019nda yap\u0131lacak di\u011fer hizmetleri aktar\u0131rken \u015funlar\u0131 dile getirdi:<\/p>\n<p>\u201cSosyal Hizmetler Dairesi Ba\u015fkanl\u0131\u011f\u0131m\u0131z 4 merkez il\u00e7e ve Tarsus&#8217;ta, dezavantajl\u0131 mahallelerde Tarsus\u2019un mam\u00fcl\u00fc, limonata, \u00e7\u00f6rek ve dondurmay\u0131 \u00e7ocuklar\u0131m\u0131z i\u00e7in da\u011f\u0131tacak. Ge\u00e7ti\u011fimiz bayramda \u00e7ocuklar\u0131m\u0131za \u015feker da\u011f\u0131tm\u0131\u015ft\u0131k, bu y\u0131l da bu ikramlar\u0131m\u0131z\u0131 \u00e7ocuklar\u0131m\u0131za yapaca\u011f\u0131z.  Arife g\u00fcn\u00fc de \u015fehitler i\u00e7in 20 kurban kesilecek ve a\u015fevi arac\u0131l\u0131\u011f\u0131yla yap\u0131lan yemekler yine dezavantajl\u0131 mahallelerdeki vatanda\u015flar\u0131m\u0131za da\u011f\u0131t\u0131lacak. Her t\u00fcrl\u00fc yang\u0131n ihtimaline kar\u015f\u0131 \u0130tfaiyemiz haz\u0131r ve naz\u0131r olacak, g\u00f6revini s\u00fcrd\u00fcrecek. Yine Zab\u0131ta Daire Ba\u015fkanl\u0131\u011f\u0131m\u0131z da Kurban Bayram\u0131 s\u00fcresince denetimlerini s\u00fcrd\u00fcrecek. Vatanda\u015flar\u0131m\u0131z\u0131n herhangi bir sorun kar\u015f\u0131s\u0131nda Teksin \u00fczerinden ba\u015fvuruda bulunma imk\u00e2nlar\u0131 var.\u201d<\/p>\n<p>Se\u00e7er, bayram tatili i\u00e7in yola \u00e7\u0131kacak vatanda\u015flar\u0131 da uyararak, \u201c9 g\u00fcnl\u00fck bir tatil s\u00f6z konusu. L\u00fctfen trafik kurallar\u0131na uyal\u0131m. Yolumuzu g\u00f6zleyen sevdiklerimizi \u00fczmeyelim. Yorgunken ara\u00e7 kullanmayal\u0131m. Trafik kurallar\u0131n\u0131n hepimizi hayata ba\u011flad\u0131\u011f\u0131n\u0131 akl\u0131m\u0131zdan \u00e7\u0131karmayal\u0131m. Yolumuz a\u00e7\u0131k olsun. Kurban Bayram\u0131n\u0131z \u015fimdiden kutlu olsun\u201d dedi.<\/p>\n<p>\u201cBiz ayr\u0131m yapmadan her t\u00fcrl\u00fc hizmeti ula\u015ft\u0131rmaya \u00e7al\u0131\u015f\u0131yoruz\u201d<\/p>\n<p>Mersin\u2019in uzun bir sahil \u015feridine ve \u00e7ok say\u0131da plaja sahip oldu\u011funu belirten Ba\u015fkan Se\u00e7er, buralardaki temizlik sorunlar\u0131yla ilgili vatanda\u015flardan gelen taleplere de\u011findi. Tasarruf hakk\u0131 Milli Emlak\u2019a ait olan noktalardaki sorunlarla ilgili de vatanda\u015f\u0131n B\u00fcy\u00fck\u015fehir\u2019e ba\u015fvurdu\u011funu vurgulayan Se\u00e7er, \u201cTuvalet ihtiyac\u0131 sorunu hat safhada. Vatanda\u015f tabi ki buradaki b\u00fct\u00fcn hizmetleri, temizli\u011fi B\u00fcy\u00fck\u015fehir\u2019den bekliyor, B\u00fcy\u00fck\u015fehir\u2019den istiyor. Bizim g\u00f6rev alan\u0131m\u0131z olsun, olmas\u0131n. B\u00fct\u00fcn bu \u015fik\u00e2yetler, talepler B\u00fcy\u00fck\u015fehir\u2019e iletiliyor. Asl\u0131nda bu talep ve \u015fik\u00e2yetlerin bir\u00e7o\u011funun muhatab\u0131 B\u00fcy\u00fck\u015fehir de\u011fil ama biz ayr\u0131m yapmadan her t\u00fcrl\u00fc hizmeti ula\u015ft\u0131rmaya \u00e7al\u0131\u015f\u0131yoruz\u201d dedi.<\/p>\n<p>\u201cHalka a\u00e7\u0131k plajlarda sorumluluk tamamen B\u00fcy\u00fck\u015fehir Belediyesi\u2019ne ait de\u011fil\u201d<\/p>\n<p>Sahillerin Milli Emlak\u2019a ait oldu\u011funu, B\u00fcy\u00fck\u015fehir\u2019e ba\u011fl\u0131 Denizk\u0131z\u0131 A.\u015e.\u2019nin ise Milli Emlak\u2019a kira \u00f6deyerek \u015fu anda 12 plaj\u0131 i\u015fletti\u011fini s\u00f6zlerine ekleyen Ba\u015fkan Se\u00e7er, \u201cOrada biz vatanda\u015flara hizmet veriyoruz ve oran\u0131n temizli\u011finden, asayi\u015finden, d\u00fczeninden bizler sorumluyuz ama di\u011fer halka a\u00e7\u0131k plajlarda tamamen sorumluluk B\u00fcy\u00fck\u015fehir Belediyesi\u2019ne ait de\u011fil. Baz\u0131 alanlar vard\u0131r ki il\u00e7e belediyesini ilgilendiriyor. Baz\u0131 alanlar vard\u0131r ki \u00f6rne\u011fin asayi\u015f konusu jandarmay\u0131 ilgilendiriyor, polis b\u00f6lgesiyse polisi ilgilendiriyor ama oralar\u0131n m\u00fclkiyeti, oradaki tasarruf hakk\u0131 Milli Emlak Genel M\u00fcd\u00fcrl\u00fc\u011f\u00fc\u2019n\u00fcn. Bu konuda da vatanda\u015flar\u0131m\u0131z\u0131n bilgi sahibi olmas\u0131n\u0131 istedim. Ancak tabii ki bizim baz\u0131 s\u00fcregiden sorunlar kar\u015f\u0131s\u0131nda da kay\u0131ts\u0131z kalmam\u0131z m\u00fcmk\u00fcn de\u011fil\u201d diye konu\u015ftu.<\/p>\n<p>Ba\u015fkan Se\u00e7er, halk plajlar\u0131ndaki tuvalet ihtiyac\u0131 konusuna da de\u011findi. 20 noktaya 44 adet seyyar tuvalet yerle\u015ftirdiklerini duyuran Se\u00e7er, seyyar tuvalet noktalar\u0131n\u0131 \u015fu \u015fekilde s\u0131ralad\u0131:<\/p>\n<p>\u201cYe\u015filovac\u0131k Plaj\u0131, Arkum Bo\u011faz Restoran \u00f6n\u00fc, Susano\u011flu Flamingo 7 \u00f6n\u00fc, Narl\u0131kuyu, Akkum Plaj\u0131, Aya\u015f Erdemli Plaj\u0131, Kocahasanl\u0131 2 Halk Plaj\u0131, Do\u011fan Sitesi \u00f6n\u00fc, Arpa\u00e7bah\u015fi\u015f Plaj\u0131, \u00c7e\u015fmeli Park Sancak Restoran \u00f6n\u00fc, Tece Halk Plaj\u0131, \u00c7altana Sitesi \u00f6n\u00fc, Mavi Kent Sitesi \u00f6n\u00fc, Davultepe Orman \u0130\u015fletmesi \u00f6n\u00fc, Luna Sitesi \u00f6n\u00fc, Anatolia 100. Y\u0131l Park\u0131 i\u00e7i, Soli Ta\u015fk\u0131ran, Kazanl\u0131 Sahili, T\u00f6m\u00fck Sahili ve Adanal\u0131o\u011flu Sahili.\u201d<\/p>\n<p>\u201cSayd\u0131\u011f\u0131m noktalar Denizk\u0131z\u0131\u2019n\u0131n i\u015fletmesinde olan plajlar de\u011fil\u201d<\/p>\n<p>Seyyar tuvalet noktalar\u0131na dikkat \u00e7eken Ba\u015fkan Se\u00e7er, \u201cSayd\u0131\u011f\u0131m noktalar\u0131n tamam\u0131 halka a\u00e7\u0131k yerler. Halk plajlar\u0131. Yani bizim Denizk\u0131z\u0131 \u015firketimizin uhdesinde, i\u015fletmesinde olan plajlar de\u011fil. Biz buralarda tuvalet hizmeti veriyoruz bundan sonra ama vatanda\u015flar\u0131m\u0131za da baz\u0131 g\u00f6revler d\u00fc\u015f\u00fcyor. \u00d6zellikle bunlar\u0131n temiz tutulmas\u0131yla ilgili. Bu tuvaletlerin i\u00e7inde temiz su tank\u0131, tuvalet tank\u0131 ve lavabo bulunuyor. Herhangi bir kanalizasyon ve fosseptik ba\u011flant\u0131s\u0131 bulunmuyor. Ayak pompas\u0131yla \u00e7al\u0131\u015fan musluk sayesinde musluklar\u0131n a\u00e7\u0131k b\u0131rak\u0131lmas\u0131 m\u00fcmk\u00fcn de\u011fil. Dolay\u0131s\u0131yla su tasarrufu sa\u011flan\u0131yor. Ayr\u0131ca tuvalet i\u00e7inde s\u0131v\u0131 sabun, tuvalet ka\u011f\u0131d\u0131 ve tek kullan\u0131ml\u0131k klozet ka\u011f\u0131d\u0131 da bulunduruyoruz. Bunlar\u0131 plajlarda yap\u0131yoruz. Bu hassasiyeti g\u00f6steren idareyi vatanda\u015f\u0131n takdir etmesini ve idareye de yard\u0131mc\u0131 olmas\u0131n\u0131 istiyoruz vatanda\u015flardan. Ama maalesef bu tip hizmet alanlar\u0131m\u0131z vandallar\u0131n sald\u0131r\u0131s\u0131na u\u011fruyor. Buradan da dikkat \u00e7ekmek istiyorum\u201d ifadelerine yer verdi.<\/p>\n<p>\u201cHizmet yapmaktan imtina etmiyoruz\u201d<\/p>\n<p>Ba\u015fkan Se\u00e7er, sahillerin temiz tutulmas\u0131yla ilgili vatanda\u015flara \u00e7a\u011fr\u0131da bulunarak, \u201cPiknik yap\u0131yoruz, plaja giriyoruz \u00e7ocuklar\u0131m\u0131zla. Halk plaj\u0131nda ama yedi\u011fimiz, i\u00e7ti\u011fimizin kab\u0131n\u0131, karpuzun kabu\u011funu, po\u015feti, yiyecek art\u0131klar\u0131n\u0131 orada oldu\u011fumuz yere b\u0131rak\u0131yoruz. Bu ger\u00e7ekten bizleri \u00fcz\u00fcyor. Biz temizlik yapmaktan, hizmet yapmaktan imtina etmiyoruz ama vatanda\u015f\u0131n da\u011f\u0131tt\u0131\u011f\u0131 yeri toplamaya kimsenin g\u00fcc\u00fc yetmez. Onun i\u00e7in vatanda\u015f\u0131n da bu konuda daha derli toplu olmas\u0131 gerekiyor. Sorumluluk bilinci i\u00e7erisinde olmas\u0131 gerekiyor. Bu konuda bizlere yard\u0131mc\u0131 olmas\u0131 gerekiyor\u201d dedi. Ba\u015fkan Se\u00e7er, mezarl\u0131klarda da haz\u0131rl\u0131k ve temizlik hizmetlerini ger\u00e7ekle\u015ftirildiklerini duyurdu.<\/p>\n<p>Bayramda her g\u00fcn 7 noktada konser<\/p>\n<p>K\u00fclt\u00fcr ve Sosyal \u0130\u015fler Dairesi\u2019nin bayramda da kentin bir\u00e7ok noktas\u0131nda konserler organize edece\u011fini vurgulayan Ba\u015fkan Se\u00e7er, \u201cTarsus\u2019ta, Anamur\u2019da, Mut\u2019ta, Erdemli\u2019ye ba\u011fl\u0131 sahil beldelerinde, T\u00f6m\u00fck\u2019te, Susano\u011flu\u2019nda. Yine merkezde G\u00fcne\u015f Mahallesi\u2019nde, \u00d6zgecan Meydan\u0131\u2019nda, \u00c7aml\u0131yayla\u2019da, Bozyaz\u0131\u2019da, G\u00fczeoluk\u2019ta, Limonlu\u2019da, K\u0131zkalesi\u2019nde, \u00d6zg\u00fcrl\u00fck Mahallesi\u2019nde, Marina\u2019da. Her il\u00e7emizde ve baz\u0131 tatil beldelerimizde bu konserlerimiz 20 Temmuz\u2019da ba\u015flay\u0131p 24 Temmuz\u2019a kadar her g\u00fcn yakla\u015f\u0131k olarak 7 noktada devam edecek. Burada mahalli sanat\u00e7\u0131lar\u0131m\u0131z sahne alacaklar ve vatanda\u015flar\u0131m\u0131z\u0131n g\u00fczel, mutlu bir bayram ge\u00e7irmelerine katk\u0131 sunmaya \u00e7al\u0131\u015facaklar\u201d dedi. Se\u00e7er, Denizk\u0131z\u0131 A.\u015e.\u2019nin i\u015fletti\u011fi 12 plajda da hizmetlerin s\u00fcrece\u011fini belirtti.<\/p>\n<p>\u201cSayfiye yerlerinde, yaylalarda su kullan\u0131m\u0131na dikkat edelim\u201d<\/p>\n<p>Su tasarrufu konusuna da de\u011finen Ba\u015fkan Se\u00e7er, \u015funlar\u0131 s\u00f6yledi:<\/p>\n<p>\u201cKurakl\u0131k kaynakl\u0131 su sorunu ya\u015fad\u0131\u011f\u0131m\u0131z gibi, bilin\u00e7siz kullan\u0131mdan kaynaklanan ya da kay\u0131p-ka\u00e7ak oranlar\u0131n\u0131n y\u00fcksekli\u011finden kaynakl\u0131 baz\u0131 b\u00f6lgelerde su s\u0131k\u0131nt\u0131s\u0131 ya\u015f\u0131yoruz. Burada sonuca tesir edece\u011fimiz m\u00fcdahaleler var, sonuca tesir edemeyece\u011fimiz m\u00fcdahaleler var. Sonuca tesir edemeyece\u011fimiz m\u00fcdahaleler, kurakl\u0131k kaynakl\u0131 kaynak kurumalar\u0131; ya yeni bir kaynak bulacaks\u0131n\u0131z; o kayna\u011f\u0131 art\u0131k bir k\u0131\u015f daha atlatana kadar su miktar\u0131n\u0131 art\u0131rma \u015fans\u0131n\u0131z olmad\u0131\u011f\u0131 i\u00e7in o b\u00f6lgelerde suyu tasarruflu kullanmak zorunday\u0131z. L\u00fctfen sayfiye yerlerinde, yaylalarda su kullan\u0131m\u0131na dikkat edelim.\u201d<\/p>\n<p>\u201cSudan sebeplerle susuz kalmamal\u0131y\u0131z\u201d<\/p>\n<p>\u0130\u00e7me sular\u0131n\u0131n bah\u00e7e sulamas\u0131nda kullan\u0131lmamas\u0131 y\u00f6n\u00fcnde vatanda\u015flara \u00e7a\u011fr\u0131da bulunan Ba\u015fkan Se\u00e7er, \u201cMESK\u0130 sulama suyu de\u011fil, insanlar\u0131n kullan\u0131m suyunu teminle g\u00f6revlendirilmi\u015ftir. Dolay\u0131s\u0131yla MESK\u0130\u2019ye ait sular\u0131 bah\u00e7e sulamas\u0131nda kullanmamalar\u0131n\u0131 istiyoruz vatanda\u015flar\u0131m\u0131z\u0131n. Bu yasal olarak da do\u011fru bir yakla\u015f\u0131m de\u011fil. Bu da bizi s\u0131k\u0131nt\u0131ya sokuyor. Ayr\u0131ca ka\u00e7ak su kullan\u0131m\u0131nda bizlere yard\u0131mc\u0131 olman\u0131z laz\u0131m. Yani siz evinizde, yaylada susuzluk \u00e7ekerken, kom\u015funuz ka\u00e7ak olarak kulland\u0131\u011f\u0131 suyu bah\u00e7eye ba\u011flay\u0131p \u015far\u0131l \u015far\u0131l suyu ak\u0131t\u0131p bah\u00e7eyi sulamamal\u0131. Bu konuda hassasiyet g\u00f6stermenizi rica ediyoruz. Sudan sebeplerle susuz kalmamal\u0131y\u0131z. Bu da bizim MESK\u0130\u2019mizin slogan\u0131\u201d ifadelerine yer verdi.<\/p>\n","protected":false},"excerpt":{"rendered":"<p>Mersin B\u00fcy\u00fck\u015fehir Belediye Meclisi\u2019nin 2021 Y\u0131l\u0131 Temmuz Ay\u0131 Toplant\u0131s\u0131 2. Birle\u015fimi, Kongre ve Sergi Saray\u0131\u2019nda Mersin B\u00fcy\u00fck\u015fehir Belediye Ba\u015fkan\u0131 Vahap Se\u00e7er ba\u015fkanl\u0131\u011f\u0131nda ger\u00e7ekle\u015ftirildi. Ba\u015fkan Se\u00e7er, toplant\u0131da B\u00fcy\u00fck\u015fehir Belediyesi taraf\u0131ndan Kurban &hellip; <a href=\"https:\/\/akdenizolaygazetesi.com\/?p=13305\" class=\"more-link\">Devam\u0131n\u0131 Oku&#8230;<\/a><\/p>\n","protected":false},"author":2,"featured_media":13306,"comment_status":"open","ping_status":"open","sticky":false,"template":"","format":"standard","meta":[],"categories":[34,1,3,5],"tags":[],"_links":{"self":[{"href":"https:\/\/akdenizolaygazetesi.com\/index.php?rest_route=\/wp\/v2\/posts\/13305"}],"collection":[{"href":"https:\/\/akdenizolaygazetesi.com\/index.php?rest_route=\/wp\/v2\/posts"}],"about":[{"href":"https:\/\/akdenizolaygazetesi.com\/index.php?rest_route=\/wp\/v2\/types\/post"}],"author":[{"embeddable":true,"href":"https:\/\/akdenizolaygazetesi.com\/index.php?rest_route=\/wp\/v2\/users\/2"}],"replies":[{"embeddable":true,"href":"https:\/\/akdenizolaygazetesi.com\/index.php?rest_route=%2Fwp%2Fv2%2Fcomments&post=13305"}],"version-history":[{"count":1,"href":"https:\/\/akdenizolaygazetesi.com\/index.php?rest_route=\/wp\/v2\/posts\/13305\/revisions"}],"predecessor-version":[{"id":13307,"href":"https:\/\/akdenizolaygazetesi.com\/index.php?rest_route=\/wp\/v2\/posts\/13305\/revisions\/13307"}],"wp:featuredmedia":[{"embeddable":true,"href":"https:\/\/akdenizolaygazetesi.com\/index.php?rest_route=\/wp\/v2\/media\/13306"}],"wp:attachment":[{"href":"https:\/\/akdenizolaygazetesi.com\/index.php?rest_route=%2Fwp%2Fv2%2Fmedia&parent=13305"}],"wp:term":[{"taxonomy":"category","embeddable":true,"href":"https:\/\/akdenizolaygazetesi.com\/index.php?rest_route=%2Fwp%2Fv2%2Fcategories&post=13305"},{"taxonomy":"post_tag","embeddable":true,"href":"https:\/\/akdenizolaygazetesi.com\/index.php?rest_route=%2Fwp%2Fv2%2Ftags&post=13305"}],"curies":[{"name":"wp","href":"https:\/\/api.w.org\/{rel}","templated":true}]}}