{"id":1331,"date":"2020-11-04T18:21:54","date_gmt":"2020-11-04T15:21:54","guid":{"rendered":"http:\/\/mersinekonomipolitikagazetesi.com\/?p=1331"},"modified":"2020-11-04T18:21:54","modified_gmt":"2020-11-04T15:21:54","slug":"toroslar-belediyesi-bocce-takimi-turkiye-sampiyonu-oldu","status":"publish","type":"post","link":"https:\/\/akdenizolaygazetesi.com\/?p=1331","title":{"rendered":"Toroslar Belediyesi Bocce Tak\u0131m\u0131 T\u00fcrkiye \u015fampiyonu oldu"},"content":{"rendered":"<p>Toroslar Belediyesi Bocce Tak\u0131m\u0131, Mersin\u2019de d\u00fczenlenen Bocce Volo T\u00fcrkiye \u015eampiyonas\u0131\u2019nda bir T\u00fcrkiye \u015fampiyonlu\u011fu elde ederken, 3 sporcu da T\u00fcrkiye 3\u2019\u00fcnc\u00fcs\u00fc oldu.<\/p>\n<p>Bug\u00fcne kadar kat\u0131ld\u0131klar\u0131 ulusal ve uluslararas\u0131 \u015fampiyonalarda Mersin\u2019i ve T\u00fcrkiye\u2019yi ba\u015far\u0131yla temsil eden Toroslar Belediyesi Bocce Tak\u0131m\u0131, Mersin Marina\u2019da d\u00fczenlenen T\u00fcrkiye \u015fampiyonas\u0131nda ba\u015far\u0131lar\u0131na yenilerini ekledi. Daha \u00f6nce de milli tak\u0131ma 8 sporcu g\u00f6nderen Toroslar Belediyesi Bocce Tak\u0131m\u0131 sporcusu Mehmet Can Yak\u0131n, Mersin\u2019deki \u015fampiyonada erkeklerde T\u00fcrkiye birincisi olurken, Serhan \u015een ve Enes Uysal da T\u00fcrkiye \u00fc\u00e7\u00fcnc\u00fcs\u00fc oldular. Ay\u015fe Nur \u00c7elik\u2019in ise kad\u0131nlarda T\u00fcrkiye \u00fc\u00e7\u00fcnc\u00fcl\u00fc\u011f\u00fcn\u00fc elde etti\u011fi \u015fampiyonadaki bu ba\u015far\u0131lar\u0131 ile sporcular milli tak\u0131m se\u00e7melerine girmeye hak kazand\u0131lar.<br \/>\nToroslar Belediye Ba\u015fkan\u0131 Hamit Tuna, yeteneklerini sahaya en g\u00fczel \u015fekilde yans\u0131tarak, Mersin\u2019de ve T\u00fcrkiye\u2019de bu sporda en iyisi olduklar\u0131n\u0131 g\u00f6sterdikleri i\u00e7in Toroslar Belediyesi Spor Kul\u00fcb\u00fc Antren\u00f6r\u00fc Niyazi Kutlay\u2019\u0131n nezdinde t\u00fcm sporcular\u0131n\u0131 kutlad\u0131. Ba\u015fkan Tuna, \u201cTak\u0131m\u0131m\u0131z kat\u0131ld\u0131klar\u0131 \u015fampiyonalardan birincilik elde ederek, il\u00e7emizi, Mersinimizi ve \u00fclkemizi en iyi \u015fekilde temsil etmektedirler. Sporcular\u0131m\u0131z\u0131n bu ba\u015far\u0131lar\u0131 da bizleri olduk\u00e7a gururland\u0131rmaktad\u0131r. \u015eu anda Mersin\u2019den milli tak\u0131ma 8 sporcu g\u00f6nderen bir kul\u00fcb\u00fcz. Bu say\u0131y\u0131 daha da fazlala\u015ft\u0131rarak, bocce tak\u0131m\u0131m\u0131z\u0131n milli tak\u0131m kadrosunu olu\u015fturaca\u011f\u0131na inan\u0131yoruz. Milli tak\u0131m se\u00e7melerine kat\u0131lacak olan sporcular\u0131m\u0131za ba\u015far\u0131lar\u0131n\u0131n devam\u0131n\u0131 diliyorum. Allah, yollar\u0131n\u0131 ve bahtlar\u0131n\u0131 a\u00e7\u0131k eylesin\u201d dedi.<\/p>\n","protected":false},"excerpt":{"rendered":"<p>Toroslar Belediyesi Bocce Tak\u0131m\u0131, Mersin\u2019de d\u00fczenlenen Bocce Volo T\u00fcrkiye \u015eampiyonas\u0131\u2019nda bir T\u00fcrkiye \u015fampiyonlu\u011fu elde ederken, 3 sporcu da T\u00fcrkiye 3\u2019\u00fcnc\u00fcs\u00fc oldu. Bug\u00fcne kadar kat\u0131ld\u0131klar\u0131 ulusal ve uluslararas\u0131 \u015fampiyonalarda Mersin\u2019i ve &hellip; <a href=\"https:\/\/akdenizolaygazetesi.com\/?p=1331\" class=\"more-link\">Devam\u0131n\u0131 Oku&#8230;<\/a><\/p>\n","protected":false},"author":1,"featured_media":0,"comment_status":"open","ping_status":"open","sticky":false,"template":"","format":"standard","meta":[],"categories":[],"tags":[],"_links":{"self":[{"href":"https:\/\/akdenizolaygazetesi.com\/index.php?rest_route=\/wp\/v2\/posts\/1331"}],"collection":[{"href":"https:\/\/akdenizolaygazetesi.com\/index.php?rest_route=\/wp\/v2\/posts"}],"about":[{"href":"https:\/\/akdenizolaygazetesi.com\/index.php?rest_route=\/wp\/v2\/types\/post"}],"author":[{"embeddable":true,"href":"https:\/\/akdenizolaygazetesi.com\/index.php?rest_route=\/wp\/v2\/users\/1"}],"replies":[{"embeddable":true,"href":"https:\/\/akdenizolaygazetesi.com\/index.php?rest_route=%2Fwp%2Fv2%2Fcomments&post=1331"}],"version-history":[{"count":0,"href":"https:\/\/akdenizolaygazetesi.com\/index.php?rest_route=\/wp\/v2\/posts\/1331\/revisions"}],"wp:attachment":[{"href":"https:\/\/akdenizolaygazetesi.com\/index.php?rest_route=%2Fwp%2Fv2%2Fmedia&parent=1331"}],"wp:term":[{"taxonomy":"category","embeddable":true,"href":"https:\/\/akdenizolaygazetesi.com\/index.php?rest_route=%2Fwp%2Fv2%2Fcategories&post=1331"},{"taxonomy":"post_tag","embeddable":true,"href":"https:\/\/akdenizolaygazetesi.com\/index.php?rest_route=%2Fwp%2Fv2%2Ftags&post=1331"}],"curies":[{"name":"wp","href":"https:\/\/api.w.org\/{rel}","templated":true}]}}