{"id":13311,"date":"2021-07-14T10:20:53","date_gmt":"2021-07-14T07:20:53","guid":{"rendered":"http:\/\/akdenizolaygazetesi.com\/?p=13311"},"modified":"2021-07-14T10:20:53","modified_gmt":"2021-07-14T07:20:53","slug":"ask-olsun-muzik-ve-siir-dinletisi-tarsuslularin-buyuk-begenisini-topladi","status":"publish","type":"post","link":"https:\/\/akdenizolaygazetesi.com\/?p=13311","title":{"rendered":"\u201cA\u015eK OLSUN\u201d M\u00dcZ\u0130K VE \u015e\u0130\u0130R D\u0130NLET\u0130S\u0130 TARSUSLULARIN B\u00dcY\u00dcK BE\u011eEN\u0130S\u0130N\u0130 TOPLADI"},"content":{"rendered":"<p>Mersin B\u00fcy\u00fck\u015fehir Belediyesi, pandemi d\u00f6neminde normalle\u015fme ad\u0131mlar\u0131n\u0131n at\u0131lmas\u0131 ve yaz aylar\u0131n\u0131n gelmesiyle birlikte sosyal ve k\u00fclt\u00fcrel etkinliklerine t\u00fcm h\u0131z\u0131yla devam ediyor.  B\u00fcy\u00fck\u015fehir Belediyesi K\u00fclt\u00fcr ve Sosyal \u0130\u015fler Dairesi\u2019ne ba\u011fl\u0131 \u015eehir Tiyatrosu\u2019nun 2020-2021 y\u0131l\u0131 sanat sezonu repertuar\u0131nda yer alan \u2018A\u015fk Olsun\u2019 isimli m\u00fczikli oyun g\u00f6sterisi Tarsus\u2019ta da sahnelendi.<\/p>\n<p>Tarihi mekanda sanat dolu dakikalar<\/p>\n<p>Ge\u00e7ti\u011fimiz hafta Tarsus\u2019ta \u2018\u00d6l\u00fcm\u00fc Ard\u0131nda Gezdirenler\u2019 ve \u2018Aslolan Hayatt\u0131r\u2019 oyununu sahneleyen \u015eehir Tiyatrosu, \u00fc\u00e7\u00fcnc\u00fc oyununu tarihi Tarsus Evleri\u2019nin de yer ald\u0131\u011f\u0131 K\u0131z\u0131lmurat Mahallesi\u2019nde bulunan St. Paul Kuyusu yan\u0131ndaki meydanda sahneledi. M\u00fczikli oyun g\u00f6sterisini vatanda\u015flar ilgiyle izledi.<\/p>\n<p>G\u00f6steriyi izleyenler aras\u0131nda Tarsus Belediye Ba\u015fkan\u0131 Haluk Bozdo\u011fan, B\u00fcy\u00fck\u015fehir Belediyesi Meclis \u00dcyesi ve \u0130mar A.\u015e. Genel M\u00fcd\u00fcr\u00fc Ali Uyan, B\u00fcy\u00fck\u015fehir Belediyesi Meclis \u00dcyesi ve Koordinasyon Sorumlusu Ali Bolta\u00e7, Mersin B\u00fcy\u00fck\u015fehir Belediye Ba\u015fkan Dan\u0131\u015fman\u0131 Ertan Liman, Sosyal Hizmetler Dairesi Ba\u015fkan\u0131 Serdal G\u00f6kayaz, B\u00fcy\u00fck\u015fehir Belediyesi K\u00fclt\u00fcr ve Sosyal \u0130\u015fler Dairesi Ba\u015fkanl\u0131\u011f\u0131 Koordinat\u00f6r\u00fc Bengi \u0130spir \u00d6zd\u00fclger, Mersin \u015eehir Tiyatrosu Sanat Y\u00f6netmeni Murat Atak, Belediye Meclis \u00fcyeleri ve sanatseverler yer ald\u0131. K\u00fclt\u00fcr ve Sosyal \u0130\u015fler Dairesi b\u00fcnyesinde faaliyet g\u00f6steren orkestran\u0131n ses verdi\u011fi \u015fark\u0131lara kat\u0131l\u0131mc\u0131lar da e\u015flik etti.<\/p>\n<p>Sevilen eserler seslendirildi<\/p>\n<p>\u015eehir Tiyatrosu oyuncular\u0131n\u0131n sahneledi\u011fi g\u00f6steride edebiyat tarihinde \u00f6nemli yer edinmi\u015f \u015fiirler ve \u015fark\u0131lar seslendirildi. \u015eiir ve \u015fark\u0131lar\u0131n yan\u0131 s\u0131ra oyuncular danslar\u0131yla g\u00f6z doldurdu. Renkli g\u00f6r\u00fcnt\u00fclere sahne olan ve tarihi ortamda ger\u00e7ekle\u015fen m\u00fczikli oyun g\u00f6sterisi \u2018G\u00fczel G\u00fcnler G\u00f6rece\u011fiz\u2019 \u015fark\u0131s\u0131n\u0131n seslendirilmesi ile sona erdi.<\/p>\n<p>K\u00fclt\u00fcr ve Sosyal \u0130\u015fler Dairesi Ba\u015fkanl\u0131\u011f\u0131 Koordinat\u00f6r\u00fc Bengi \u0130spir \u00d6zd\u00fclger ile Sanat Y\u00f6netmeni Murat Atak\u2019a g\u00f6steri sonunda \u00e7i\u00e7ek takdim eden Mersin B\u00fcy\u00fck\u015fehir Belediyesi Meclis \u00dcyesi ve \u0130mar A.\u015e. Genel M\u00fcd\u00fcr\u00fc Ali Uyan, \u201cMersin B\u00fcy\u00fck\u015fehir Belediyemizin \u00e7ok g\u00fczel etkinliklerinden birinde daha hep beraberiz. \u00c7ok g\u00fczel bir ortam. Mersin B\u00fcy\u00fck\u015fehir Belediye Ba\u015fkan\u0131m\u0131z Say\u0131n Vahap Se\u00e7er\u2019e, Tarsus Belediye Ba\u015fkan\u0131m\u0131z Say\u0131n Haluk Bozdo\u011fan\u2019a hepimiz ad\u0131na, t\u00fcm sanat\u00e7\u0131lar\u0131m\u0131z ad\u0131na te\u015fekk\u00fcrlerimizi sunuyoruz\u201d dedi.<\/p>\n","protected":false},"excerpt":{"rendered":"<p>Mersin B\u00fcy\u00fck\u015fehir Belediyesi, pandemi d\u00f6neminde normalle\u015fme ad\u0131mlar\u0131n\u0131n at\u0131lmas\u0131 ve yaz aylar\u0131n\u0131n gelmesiyle birlikte sosyal ve k\u00fclt\u00fcrel etkinliklerine t\u00fcm h\u0131z\u0131yla devam ediyor. B\u00fcy\u00fck\u015fehir Belediyesi K\u00fclt\u00fcr ve Sosyal \u0130\u015fler Dairesi\u2019ne ba\u011fl\u0131 \u015eehir &hellip; <a href=\"https:\/\/akdenizolaygazetesi.com\/?p=13311\" class=\"more-link\">Devam\u0131n\u0131 Oku&#8230;<\/a><\/p>\n","protected":false},"author":2,"featured_media":13312,"comment_status":"open","ping_status":"open","sticky":false,"template":"","format":"standard","meta":[],"categories":[1,3,5],"tags":[],"_links":{"self":[{"href":"https:\/\/akdenizolaygazetesi.com\/index.php?rest_route=\/wp\/v2\/posts\/13311"}],"collection":[{"href":"https:\/\/akdenizolaygazetesi.com\/index.php?rest_route=\/wp\/v2\/posts"}],"about":[{"href":"https:\/\/akdenizolaygazetesi.com\/index.php?rest_route=\/wp\/v2\/types\/post"}],"author":[{"embeddable":true,"href":"https:\/\/akdenizolaygazetesi.com\/index.php?rest_route=\/wp\/v2\/users\/2"}],"replies":[{"embeddable":true,"href":"https:\/\/akdenizolaygazetesi.com\/index.php?rest_route=%2Fwp%2Fv2%2Fcomments&post=13311"}],"version-history":[{"count":1,"href":"https:\/\/akdenizolaygazetesi.com\/index.php?rest_route=\/wp\/v2\/posts\/13311\/revisions"}],"predecessor-version":[{"id":13313,"href":"https:\/\/akdenizolaygazetesi.com\/index.php?rest_route=\/wp\/v2\/posts\/13311\/revisions\/13313"}],"wp:featuredmedia":[{"embeddable":true,"href":"https:\/\/akdenizolaygazetesi.com\/index.php?rest_route=\/wp\/v2\/media\/13312"}],"wp:attachment":[{"href":"https:\/\/akdenizolaygazetesi.com\/index.php?rest_route=%2Fwp%2Fv2%2Fmedia&parent=13311"}],"wp:term":[{"taxonomy":"category","embeddable":true,"href":"https:\/\/akdenizolaygazetesi.com\/index.php?rest_route=%2Fwp%2Fv2%2Fcategories&post=13311"},{"taxonomy":"post_tag","embeddable":true,"href":"https:\/\/akdenizolaygazetesi.com\/index.php?rest_route=%2Fwp%2Fv2%2Ftags&post=13311"}],"curies":[{"name":"wp","href":"https:\/\/api.w.org\/{rel}","templated":true}]}}