{"id":13317,"date":"2021-07-14T12:55:46","date_gmt":"2021-07-14T09:55:46","guid":{"rendered":"http:\/\/akdenizolaygazetesi.com\/?p=13317"},"modified":"2021-07-14T12:55:46","modified_gmt":"2021-07-14T09:55:46","slug":"baskan-secer-camlibel-kentsel-yenileme-projesinin-tanitimini-yapti","status":"publish","type":"post","link":"https:\/\/akdenizolaygazetesi.com\/?p=13317","title":{"rendered":"BA\u015eKAN SE\u00c7ER, \u00c7AMLIBEL KENTSEL YEN\u0130LEME PROJES\u0130\u2019N\u0130N TANITIMINI YAPTI"},"content":{"rendered":"<p>Mersin B\u00fcy\u00fck\u015fehir Belediyesi\u2019nin \u2018\u00c7aml\u0131bel Kentsel Yenileme Projesi Yar\u0131\u015fmas\u0131\u2019 sonu\u00e7land\u0131. Mersin B\u00fcy\u00fck\u015fehir Belediye Ba\u015fkan\u0131 Vahap Se\u00e7er, B\u00fcy\u00fck\u015fehir Belediyesi Et\u00fct ve Projeler Dairesi taraf\u0131ndan d\u00fczenlenen \u2018\u00c7aml\u0131bel Kentsel Yenileme Projesi\u2019 tan\u0131t\u0131m\u0131na kat\u0131ld\u0131. \u00c7aml\u0131bel\u2019i canland\u0131rmak ve yeniden cazibe merkezi haline getirmek i\u00e7in ilk ad\u0131m\u0131 atan B\u00fcy\u00fck\u015fehir Belediyesi\u2019nin \u00e7al\u0131\u015fmalar\u0131 ile \u00c7aml\u0131bel d\u00f6n\u00fc\u015fecek ve de\u011ferleri korunarak yenilenecek. Projenin \u00c7aml\u0131bel\u2019i her anlamda de\u011fi\u015ftirece\u011fini ifade eden Se\u00e7er, \u201cBuran\u0131n fiziksel yap\u0131s\u0131 de\u011fi\u015fecek. Buran\u0131n fiziksel yap\u0131s\u0131n\u0131n de\u011fi\u015fmesi, buran\u0131n havas\u0131n\u0131, sosyalitesini, ticaretini, ekonomisini, buran\u0131n bak\u0131\u015f a\u00e7\u0131s\u0131n\u0131 da de\u011fi\u015ftirecek\u201d dedi.<\/p>\n<p>Kortej \u00c7aml\u0131bel boyunca y\u00fcr\u00fcd\u00fc<\/p>\n<p>\u2018\u00c7aml\u0131bel Kentsel Yenileme Projesi\u2019nin tan\u0131t\u0131m program\u0131, Askerlik \u015eubesi \u00f6n\u00fcnden kortej y\u00fcr\u00fcy\u00fc\u015f\u00fc ile ba\u015flad\u0131 ve y\u00fcr\u00fcy\u00fc\u015f \u00c7aml\u0131bel boyunca devam ederek Cumhuriyet Meydan\u0131\u2019nda son buldu. Korteje B\u00fcy\u00fck\u015fehir Belediyesi Bando Tak\u0131m\u0131 da \u00e7ald\u0131\u011f\u0131 birbirinden ne\u015feli par\u00e7alar ile e\u015flik etti. T\u00f6rene, Yeni\u015fehir Belediye Ba\u015fkan\u0131 Abdullah \u00d6zyi\u011fit, Cumhuriyet Halk Partisi (CHP) Mersin \u0130l Ba\u015fkan\u0131 Adil Aktay, Mersin Ticaret ve Sanayi Odas\u0131 (MTSO) Y\u00f6netim Kurulu Ba\u015fkan\u0131 Ayhan K\u0131z\u0131ltan, MTSO Meclis Ba\u015fkan\u0131 Hamit \u0130zol, Mersin Sanayici ve \u0130\u015f \u0130nsanlar\u0131 Derne\u011fi (MES\u0130AD) Y\u00f6netim Kurulu Ba\u015fkan\u0131 Hasan Engin, Akdeniz \u00c7aml\u0131bel Derne\u011fi Ba\u015fkan\u0131 H\u00fcseyin Karl\u0131kl\u0131, CHP il ve il\u00e7e y\u00f6neticileri, B\u00fcy\u00fck\u015fehir Belediyesi b\u00fcrokratlar\u0131 ve daire ba\u015fkanlar\u0131, Meclis \u00fcyeleri, muhtarlar ve vatanda\u015flar da kat\u0131ld\u0131.<\/p>\n<p>\u00c7aml\u0131bel\u2019de bale g\u00f6steri yap\u0131ld\u0131<\/p>\n<p>Me\u015faleli kortej y\u00fcr\u00fcy\u00fc\u015f\u00fcnde sokaktaki ve balkonlar\u0131ndaki vatanda\u015flar\u0131 selamlayan Ba\u015fkan Se\u00e7er\u2019e \u2018Mersin seninle gurur duyuyor\u2019 ve \u2018B\u00fcy\u00fck Ba\u015fkan\u2019 sloganlar\u0131 at\u0131ld\u0131. Tan\u0131t\u0131mda, Ahmet Demirci koreografisi ile konservatuar lise \u00f6\u011frencilerinin sergiledi\u011fi bale g\u00f6sterisi ilgiyle izlendi. Cumhuriyet Meydan\u0131\u2019nda s\u00fcren tan\u0131t\u0131mda, \u00c7aml\u0131bel Kentsel Yenileme Projesi Yar\u0131\u015fmas\u0131\u2019n\u0131n birinci, ikinci ve \u00fc\u00e7\u00fcnc\u00fclerinin proje g\u00f6rselleri ile mansiyon \u00f6d\u00fcl\u00fcne lay\u0131k g\u00f6r\u00fclen projelerin g\u00f6rselleri sergilendi. T\u00f6rende daha sonra Mersin\u2019in yerel sanat\u00e7\u0131lar\u0131ndan Demet Y\u0131ld\u0131r\u0131m ve Do\u011fan Can Y\u0131ld\u0131z mini bir konser verdi.<\/p>\n<p>Prof. Dr. G\u00f6k: \u201cB\u00f6ylesine \u00f6nemli bir projeyi ba\u015fard\u0131\u011f\u0131 i\u00e7in Ba\u015fkan Se\u00e7er\u2019i kutluyorum\u201d<\/p>\n<p>A\u00e7\u0131l\u0131\u015f konu\u015fmas\u0131n\u0131 yar\u0131\u015fman\u0131n j\u00fcri ba\u015fkan\u0131 ve \u015fehir planc\u0131s\u0131 Prof. Dr. Tamer G\u00f6k yapt\u0131. Prof. Dr. G\u00f6k, uzun y\u0131llard\u0131r s\u00fcren kent merkezi canland\u0131rma projelerinden s\u00f6z ederek, \u201cBu Say\u0131n Ba\u015fkan Vahap Se\u00e7er\u2019e k\u0131smetmi\u015f. Kutluyorum. Te\u015fekk\u00fcr ediyorum. B\u00f6ylesine \u00f6nemli bir projeyi ba\u015fard\u0131\u011f\u0131 i\u00e7in. Bu kentsel tasar\u0131m projesi ne yapacak? Buray\u0131 yeniden canland\u0131racak, sa\u011fl\u0131kla\u015ft\u0131racak, hayatiyet kazand\u0131racak, g\u00fczelle\u015ftirecek. 2 temel g\u00f6revi var projenin. Birincisi yeniden i\u015flevlendirme yapacak. Y\u00fcr\u00fcrken g\u00f6rd\u00fcn\u00fcz, ticari faaliyetlerin bir\u00e7o\u011fu buray\u0131 terk etmi\u015f, d\u00fckk\u00e2nlar bo\u015f. Bunlar\u0131n yeniden canlanmas\u0131 i\u00e7in buraya yeni t\u00fcr fonksiyonlar. Neler gelebilir, ne t\u00fcr i\u015flevler yer alabilir? Bu projenin ikinci g\u00f6revi de \u00e7evrenin iyile\u015ftirilmesi ve fiziki. Bu ikisi beraber birbiriyle paralel y\u00fcr\u00fcd\u00fc\u011f\u00fc takdirde bu sa\u011fl\u0131kla\u015fma, canlanma ve g\u00fczelle\u015fme projesi ba\u015far\u0131l\u0131 olur\u201d dedi.<\/p>\n<p>Okumu\u015f: \u201cHedefimiz kentin sahip oldu\u011fu do\u011fal ve yapay k\u00fclt\u00fcrel kimlik \u00f6\u011felerini tekrar canland\u0131rmak\u201d<\/p>\n<p>\u00d6d\u00fcl\u00fc kazanan projenin ekip lideri mimar Ezel Okumu\u015f, proje detaylar\u0131 ile ilgili bilgiler verdi. Planlama ve tasar\u0131m kararlar\u0131n\u0131 g\u00f6rsellerle destekleyen Okumu\u015f, \u201cHeyecanl\u0131y\u0131z, gururluyuz\u201d dedi. B\u00f6lgenin \u00f6nemine dikkat \u00e7eken Okumu\u015f, \u201cAsl\u0131nda 2 kilise aras\u0131nda ba\u015flayan bu kentsel olu\u015fumun ba\u015fka bir hik\u00e2yeye d\u00f6n\u00fc\u015fmesi ve geni\u015flemesiyle buraday\u0131z. Cumhuriyet Meydan\u0131 ve Atat\u00fcrk Caddesi de bu olu\u015fumda \u00e7ok \u00f6nemli bir rol oynuyor. \u00d6zellikle son d\u00f6nemde yak\u0131n \u00e7evresinde yap\u0131lan farkl\u0131 projelerden de beslenerek, \u00f6rne\u011fin sahil k\u0131sm\u0131nda yap\u0131lan rehabilitasyon, restorasyon, rekreasyon projeleri, Millet Bah\u00e7eleri Projeleri, Uray Caddesi\u2019nde yap\u0131lan yenileme projeleri derken, meydan ve sokak asl\u0131nda daha da anlam kazanm\u0131\u015f durumda. M\u00fcthi\u015f bir ge\u00e7i\u015f noktas\u0131. Bizim hedefimiz bu ba\u011flay\u0131c\u0131 rol\u00fcn\u00fc meydan\u0131n ve soka\u011f\u0131n asl\u0131nda g\u00fc\u00e7lendirmek, peki\u015ftirmek. Bir yandan da kaybolan kimlik de\u011ferlerini ortaya \u00e7\u0131kararak Mersin\u2019in sahip oldu\u011fu do\u011fal ve yapay k\u00fclt\u00fcrel kimlik \u00f6\u011felerini asl\u0131nda alanda tekrar canland\u0131rmak\u201d diye konu\u015ftu.<\/p>\n<p>Se\u00e7er: \u201cG\u00fcn\u00fcn bu saatinde kentin kalbi karanl\u0131\u011fa b\u00fcr\u00fcnm\u00fc\u015f\u201d<\/p>\n<p>Mersin B\u00fcy\u00fck\u015fehir Belediye Ba\u015fkan\u0131 Vahap Se\u00e7er, balkonlardan kendilerini izleyen \u00c7aml\u0131belli hem\u015fehrilerine de seslenerek, \u201cDerinli\u011fine bak\u0131yorum, \u00fcz\u00fcl\u00fcyorum. G\u00fcn\u00fcn bu saatinde kentin merkezi, kentin kalbi, kentin en kadim tarihi dokusu karanl\u0131\u011fa b\u00fcr\u00fcnm\u00fc\u015f. \u0130nsanlar evlerine \u00e7ekilmi\u015f, esnaf d\u00fckkan\u0131n\u0131 erkenden kapatm\u0131\u015f ve belirli bir saatten sonra da \u00f6l\u00fc bir b\u00f6lge haline gelen bir alandan bahsediyoruz. Cumhuriyet Meydan\u0131 ve Atat\u00fcrk Caddesi. 2 \u00e7ok de\u011ferli kavram bir araya gelmi\u015f. Cumhuriyet ve Atat\u00fcrk. Bu kadar tesad\u00fcf olamaz. Cumhuriyet\u00e7i ve Atat\u00fcrk\u00e7\u00fc olunca insan heyecanlan\u0131yor b\u00f6yle\u201d dedi.<\/p>\n<p>G\u00fczel ve de\u011ferli bir \u00e7al\u0131\u015fman\u0131n yap\u0131ld\u0131\u011f\u0131n\u0131 belirten Se\u00e7er, B\u00fcy\u00fck\u015fehir Belediyesi olarak \u00c7aml\u0131bel\u2019e sahip \u00e7\u0131kt\u0131klar\u0131n\u0131 ifade ederek, \u201c\u00c7\u0131kmaya \u00e7al\u0131\u015f\u0131yoruz demiyorum, \u00e7\u0131k\u0131yoruz. Ama yap\u0131lan i\u015fin bir anlam\u0131, bir de\u011feri, bir bilimsel dayana\u011f\u0131, bir hesab\u0131, bir kitab\u0131 olmal\u0131. Ger\u00e7ekten yap\u0131ld\u0131\u011f\u0131 zaman insanlar taraf\u0131ndan takdir g\u00f6rmeli. Mersin B\u00fcy\u00fck\u015fehir Belediyesi\u2019ni y\u00f6neten ekibin bak\u0131\u015f a\u00e7\u0131s\u0131; yapt\u0131\u011f\u0131m\u0131z i\u015fin bir de\u011ferinin olmas\u0131, bir anlam\u0131 olmas\u0131, bir kalitesi olmas\u0131 \u00fczerine dayal\u0131. Yapal\u0131m, yasak saval\u0131m, yapm\u0131\u015f gibi yapal\u0131m, davranal\u0131m ve g\u00fcn\u00fc kurtaral\u0131m. B\u00f6yle bir belediyecilik anlay\u0131\u015f\u0131n\u0131 reddediyoruz. Bug\u00fcne kadar yap\u0131la gelen ve kente hi\u00e7bir \u015fey katmayan b\u00f6yle bir belediyecilik anlay\u0131\u015f\u0131n\u0131 hem k\u0131n\u0131yorum hem tekrar da reddediyorum\u201d diye konu\u015ftu.<\/p>\n<p>\u201c\u00c7aml\u0131bel arzu etti\u011fimiz noktalara eri\u015fecekse bunu ak\u0131l, bilim ve uzmanlar yoluyla yapmam\u0131z laz\u0131m\u201d<\/p>\n<p>\u00c7aml\u0131bel\u2019in arzu edilen noktalara eri\u015fmesi i\u00e7in ak\u0131l, bilim ve uzmanlar yoluyla \u00e7al\u0131\u015fmalar yap\u0131lmas\u0131 gerekti\u011fini aktaran Se\u00e7er, \u201c\u00c7aml\u0131bel&#8217;i ihya edece\u011fiz, vatanda\u015flar\u0131m\u0131z\u0131 burada mutlu edece\u011fiz. Nas\u0131l yapaca\u011f\u0131z? 50 tane elektrik dire\u011fi dikece\u011fiz, 10 tane parke koyaca\u011f\u0131z, 20 tane park bank\u0131 koyaca\u011f\u0131z ve \u00c7aml\u0131bel canlanacak. Allah a\u015fk\u0131na, 21. y\u00fczy\u0131l d\u00fcnyas\u0131nda, bilimin \u00f6nderli\u011finde \u00fclkelerin ar\u015fa \u00e7\u0131kt\u0131\u011f\u0131 bu d\u00f6nemde insana g\u00fclerler. \u2018Hay\u0131r\u2019 dedik. \u00c7aml\u0131bel arzu etti\u011fimiz noktalara eri\u015fecekse bunu ak\u0131l yoluyla, bilim yoluyla ve uzmanlar yoluyla yapmam\u0131z laz\u0131m. Onun i\u00e7in yar\u0131\u015fmaya \u00e7\u0131kal\u0131m, \u00e7ok de\u011ferli \u00fcyelerine davet \u00e7\u0131karal\u0131m. Say\u0131n Tamer Hocam\u0131n da s\u00f6yledi\u011fi gibi. Hem \u00fclkemizin en de\u011ferli, en m\u00fcstesna kentimizde bulunan buradaki \u00fcniversitelerimizden Mersin \u00dcniversitesi&#8217;nden, di\u011fer \u00fcniversitelerden \u00e7ok de\u011ferli bu konuda otoriteleri s\u00f6yleyecek s\u00f6z\u00fc olanlar\u0131 dahil edelim. Yap\u0131lacak \u00e7al\u0131\u015fmalar\u0131 onlar de\u011ferlendirsin\u201d ifadelerini kulland\u0131.<\/p>\n<p>Fiziksel yap\u0131n\u0131n de\u011fi\u015fmesi her \u015feyi de\u011fi\u015ftirecek<\/p>\n<p>Yar\u0131\u015fmaya toplam 40 projenin kat\u0131ld\u0131\u011f\u0131n\u0131 s\u00f6zlerine ekleyen Se\u00e7er, bunun \u00f6nemine ve de\u011ferine de\u011finerek, \u201cDemek ki bu \u00e7a\u011fr\u0131m\u0131z kar\u015f\u0131l\u0131k bulmu\u015f. Dereceye giren projeleri g\u00f6rd\u00fcn\u00fcz ama bir tanesi bu b\u00f6lge i\u00e7in en uygun proje olarak de\u011ferlendirildi. Bu bir tasar\u0131m. Hen\u00fcz i\u015fin ba\u015f\u0131nday\u0131z. Evet tasar\u0131m\u0131m\u0131z bu, bunu ete kemi\u011fe b\u00fcr\u00fcnd\u00fcrece\u011fiz. Uygulama projeleri yap\u0131lacak. Art\u0131k burada fiili olarak bir \u00e7al\u0131\u015fma ba\u015flayacak. Buran\u0131n fiziksel yap\u0131s\u0131 de\u011fi\u015fecek. Buran\u0131n fiziksel yap\u0131s\u0131n\u0131n de\u011fi\u015fmesi, buran\u0131n havas\u0131n\u0131, sosyalitesini de\u011fi\u015ftirecek, ticaretini de\u011fi\u015ftirecek, ekonomisini de\u011fi\u015ftirecek, buran\u0131n bak\u0131\u015f a\u00e7\u0131s\u0131n\u0131 de\u011fi\u015ftirecek\u201d diye konu\u015ftu.<\/p>\n<p>\u201cHer dakikam\u0131z bir \u00e7al\u0131\u015fma, her dakikam\u0131z bir de\u011fi\u015fim\u201d<\/p>\n<p>Metro Projesi\u2019nin de \u00c7aml\u0131bel\u2019in de canlanmas\u0131na faydas\u0131 olaca\u011f\u0131n\u0131 ifade eden Ba\u015fkan Se\u00e7er, \u015funlar\u0131 s\u00f6yledi:<\/p>\n<p>\u201cOysa ki biz o projeyi \u00c7aml\u0131bel canlans\u0131n diye yapmad\u0131k. Tamam toplu ta\u015f\u0131ma projesi ama i\u015fte onun \u00d6zg\u00fcr \u00c7ocuk Park\u0131\u2019ndaki istasyonu \u00c7aml\u0131bel\u2019in bundan sonraki s\u00fcre\u00e7te canlanmas\u0131na sebebiyet verecek en \u00f6nemli \u00e7al\u0131\u015fma diye g\u00f6r\u00fcyorum. \u00c7\u00fcnk\u00fc binlerce insan 8 dakikada, 10 dakikada Mezitli\u2019den \u00c7aml\u0131bel\u2019e burada al\u0131\u015fveri\u015f yapmak i\u00e7in, zaman\u0131n\u0131 ge\u00e7irmek i\u00e7in ula\u015fabilecek. Bizim burada yapt\u0131\u011f\u0131m\u0131z bir\u00e7ok \u00e7al\u0131\u015fma, merkezi h\u00fck\u00fcmetin yapt\u0131\u011f\u0131 Millet Bah\u00e7esi \u00e7al\u0131\u015fmas\u0131 buraya tesir edecek, e\u011fer ger\u00e7ekle\u015firse. Bal\u0131k\u00e7\u0131 Bar\u0131na\u011f\u0131\u2019na bir proje \u00e7al\u0131\u015f\u0131l\u0131yor. Bunu B\u00fcy\u00fck\u015fehir Belediyesi talep etti. Her \u015feyde oldu\u011fu gibi bu talep reddedildi. Biz yapaca\u011f\u0131z dediler. \u0130n\u015fallah buyursunlar yaps\u0131nlar. Merkezi h\u00fck\u00fcmettir, para gani, para onlarda, yaps\u0131nlar, yeter ki Mersin&#8217;e yaps\u0131nlar. Her yapan\u0131 alk\u0131\u015flar\u0131z, \u00e7ok konu\u015fan\u0131 de\u011fil de yapan\u0131 alk\u0131\u015flar\u0131z. Biz de Mersin B\u00fcy\u00fck\u015fehir Belediyesi\u2019nin b\u00fct\u00e7esiyle, g\u00fcc\u00fcyle, yap\u0131s\u0131yla zaten Mersin\u2019e olmas\u0131 gerekeni yap\u0131yoruz. Yapmaya \u00e7al\u0131\u015fm\u0131yoruz, yap\u0131yoruz. Bak\u0131n bunu iddia ile s\u00f6yl\u00fcyorum. Zaten yap\u0131yoruz bo\u015f durmuyoruz. Her dakikam\u0131z bir \u00e7al\u0131\u015fma, her dakikam\u0131z bir de\u011fi\u015fim, bu iddiay\u0131 ortaya koyuyoruz.\u201d<\/p>\n<p>\u201cBizlerin buraya gelmesi \u00c7aml\u0131bel\u2019in canlanmas\u0131na art\u0131 bir \u00f6nem, de\u011fer katacak\u201d<\/p>\n<p>Marinavista\u2019y\u0131 kiralad\u0131klar\u0131n\u0131 duyuran Se\u00e7er, bunun i\u00e7in Cumhurba\u015fkanl\u0131\u011f\u0131\u2019ndan imza beklediklerini s\u00f6yledi. Se\u00e7er, K\u0131rm\u0131z\u0131 Lacivert \u0130\u015fhan\u0131\u2019n\u0131 y\u0131k\u0131p kent meydan\u0131 yapacaklar\u0131n\u0131, Ta\u015f Bina\u2019y\u0131 bo\u015falt\u0131p Kent M\u00fczesi yapacaklar\u0131n\u0131, Ak Kahve\u2019yi yeniden hayata ge\u00e7ireceklerini ifade ederek, \u201cKentimizde ekonomik olarak at\u0131l duran bu binalar\u0131 de\u011ferlendirece\u011fiz. Akl\u0131n yolu bir. Bizlerin buraya gelmesi \u00c7aml\u0131bel&#8217;in canlanmas\u0131na art\u0131 bir \u00f6nem ve de\u011fer katacak. Ta\u015f Bina\u2019n\u0131n restore edilmesi buraya bir de\u011fer katacak. \u015eu anda 380 ara\u00e7l\u0131k, 20 motosiklet, 380 otomobil park edilebilen 2 katl\u0131 yer alt\u0131 Tevfik S\u0131rr\u0131 G\u00fcr Lisesi\u2019nin yan\u0131ndaki ve \u00d6zg\u00fcr \u00c7ocuk Park\u0131 Metro \u0130stasyonu\u2019na yer alt\u0131ndan ba\u011flanacak olan otopark\u0131n bitmesi \u00c7aml\u0131bel&#8217;in canlanmas\u0131na yarar sa\u011flayacak\u201d dedi.<\/p>\n<p>4.9 hektar yenileme alan\u0131 \u00e7al\u0131\u015fmalar\u0131 oldu\u011funu aktaran Se\u00e7er, \u201cBunu \u0130stanbul B\u00fcy\u00fck\u015fehir Belediyesi\u2019nin bir \u015firketi ihaleye girdi ald\u0131. Fedakarl\u0131k da yapt\u0131. Te\u015fekk\u00fcr ediyoruz \u0130stanbul B\u00fcy\u00fck\u015fehir Belediye Ba\u015fkan\u0131\u2019na, onun \u00e7al\u0131\u015fma arkada\u015flar\u0131na. Mersin\u2019e bir katk\u0131 yapmaya \u00e7al\u0131\u015f\u0131yorlar. D\u00fcn de arkada\u015flar\u0131m geldi bana sunum yapt\u0131lar. Orada \u0130stiklal Caddesi\u2019nde, Uray Caddesi\u2019nde, Atat\u00fcrk Caddesi\u2019nde yapaca\u011f\u0131m\u0131z her dokunu\u015f, orada Azakan\u2019da, Ta\u015fhan\u2019da yapaca\u011f\u0131m\u0131z her dokunu\u015f; Uray Caddesi&#8217;nde Karamanc\u0131lar Kona\u011f\u0131\u2019nda g\u00fc\u00e7lendirme \u00e7al\u0131\u015fmalar\u0131n\u0131 bitirdik, \u015fimdi restorasyonuna giriyoruz; yapaca\u011f\u0131m\u0131z her \u00e7al\u0131\u015fma, Bal\u0131k Pazar\u0131 esnaf\u0131na s\u00f6z verdim, d\u00fckkanlar\u0131n\u0131n giydirmesini ben yapaca\u011f\u0131m, proje \u00e7al\u0131\u015f\u0131l\u0131yor. Oradaki \u00e7al\u0131\u015fma buraya yans\u0131yacak. Kasaplar \u00c7ar\u015f\u0131s\u0131\u2019n\u0131 kamula\u015ft\u0131r\u0131yoruz. Oralar\u0131 insanlar\u0131n ak\u015famlar\u0131 ho\u015f\u00e7a vakit ge\u00e7irecekleri mekan haline getirece\u011fiz. \u00c7aml\u0131bel&#8217;in canlanmas\u0131na yarayacak\u201d diye konu\u015ftu.<\/p>\n<p>\u201cKentte yapt\u0131\u011f\u0131m\u0131z her dokunu\u015f kentin her noktas\u0131n\u0131 ihya eder\u201d<\/p>\n<p>Bisiklet yolu \u00e7al\u0131\u015fmalar\u0131n\u0131n da \u00c7aml\u0131bel\u2019in canlanmas\u0131na \u00e7ok b\u00fcy\u00fck katk\u0131s\u0131n\u0131n oldu\u011fundan bahseden Se\u00e7er, Atat\u00fcrk Park\u0131\u2019n\u0131n tahsisi ile ilgili sorunlar ya\u015fad\u0131klar\u0131n\u0131 hat\u0131rlatt\u0131. Se\u00e7er, \u201cHerkes zannediyor ki burada ku\u015ftan, kurttan, her \u015feyden B\u00fcy\u00fck\u015fehir Belediyesi sorumlu. Yasalar kar\u015f\u0131s\u0131nda de\u011filiz ama vicdanen, aklen Mersin sevgisi devreye girdi\u011fi zaman biz her \u015feyden kendimizi de sorumlu addediyoruz, bizim i\u00e7in hi\u00e7bir s\u0131k\u0131nt\u0131 yok. Her yere ula\u015fmaya \u00e7al\u0131\u015f\u0131yoruz. Gittik yalvard\u0131k, \u2018buran\u0131n bize tahsisini verin, ihaleye \u00e7\u0131kam\u0131yoruz\u2019. Ald\u0131k 2 y\u0131ll\u0131k \u00f6n tahsis, orada d\u00fczenlemeler yapt\u0131k. Bak\u0131n Atat\u00fcrk Park\u0131\u2019na gece giremiyordunuz, geceyi b\u0131rak\u0131n g\u00fcnd\u00fcz giremiyordunuz. \u015eimdi bisiklet yolu ge\u00e7iyor. Bu bisiklet yolunun dahi \u00c7aml\u0131bel&#8217;in canlanmas\u0131nda \u00e7ok b\u00fcy\u00fck \u00f6nemi, katk\u0131s\u0131 oldu\u011funu bilmenizi istiyorum. Demek ki kentte yapt\u0131\u011f\u0131m\u0131z her dokunu\u015f kentin her noktas\u0131n\u0131 ihya eder. Yeter ki ak\u0131ll\u0131, mant\u0131kl\u0131, do\u011fru, d\u00fczg\u00fcn, bilimin \u0131\u015f\u0131\u011f\u0131nda dokunu\u015flar yap\u0131n\u201d dedi.<\/p>\n<p>\u201c\u00c7aml\u0131bel canlanacaksa \u00f6nce \u00c7aml\u0131bel ahalisinin buna sahip \u00e7\u0131kmas\u0131 laz\u0131m\u201d<\/p>\n<p>Yar\u0131\u015fmaya 40 projenin kat\u0131ld\u0131\u011f\u0131n\u0131 ve en uygun olan\u0131n\u0131n se\u00e7ildi\u011fini s\u00f6zlerine ekleyen Ba\u015fkan Se\u00e7er, eme\u011fi ge\u00e7enlere te\u015fekk\u00fcr ederek, \u00c7aml\u0131bel\u2019in canlanmas\u0131 i\u00e7in \u00c7aml\u0131bel ahalisinin de sahip \u00e7\u0131kmas\u0131 gerekti\u011fini vurgulad\u0131. Ba\u015fkan Se\u00e7er, \u015funlar\u0131 s\u00f6yledi:<\/p>\n<p>\u201cE\u011fer \u00c7aml\u0131bel ihya olacaksa, \u00c7aml\u0131bel&#8217;e yeni bir format atacaksak, \u00c7aml\u0131bel canlanacaksa belediye ba\u015fkan\u0131ndan \u00f6nce, belediye \u00e7al\u0131\u015fanlardan \u00f6nce \u00c7aml\u0131bel ahalisinin buna sahip \u00e7\u0131kmas\u0131 laz\u0131m. Herkesin bu \u00e7al\u0131\u015fmalara katk\u0131 sunmas\u0131 laz\u0131m. Buradaki \u00e7al\u0131\u015fmalar, haz\u0131rlanan proje kutsal bir metin de\u011fil, de\u011fi\u015femez de\u011fil. Elbette ki makul bir tak\u0131m fikirlerle, ufak tefek tabii ki teknik anlamda sorumlu ya da yetkili olan karde\u015flerimiz bunun \u00fczerinde \u00e7al\u0131\u015fmalar yapabilirler. Ben tekrar \u00c7aml\u0131bel&#8217;de ya\u015fayan, burada ticari mekanlar\u0131 i\u015fleten vatanda\u015flar\u0131m\u0131 sorumluluk almaya, katk\u0131 sunmaya davet ediyorum. Her ge\u00e7en g\u00fcn umut ediyorum, diliyorum, Mersin i\u00e7in \u00e7ok daha g\u00fczel, \u00e7ok daha yar\u0131nlara d\u00f6n\u00fck, \u00e7ok daha \u00e7ocuklar\u0131m\u0131za miras olarak, bir de\u011fer olarak iyi \u015feyler b\u0131rakal\u0131m onun ad\u0131 miras olsun, onlar bu b\u0131rakt\u0131klar\u0131m\u0131zla \u00f6v\u00fcns\u00fcn. \u00c7ok daha g\u00fczel i\u015fler olacak.\u201d<\/p>\n<p>Ba\u015fkan Se\u00e7er konu\u015fmas\u0131n\u0131n ard\u0131ndan projenin ekip temsilcisi Mimar Cemil Hamdi Okumu\u015f\u2019a ve proje ekibi ile ekip ortaklar\u0131na plaket takdim etti. T\u00f6ren toplu hat\u0131ra foto\u011fraf\u0131 \u00e7ektirilmesi ile sona erdi.<\/p>\n","protected":false},"excerpt":{"rendered":"<p>Mersin B\u00fcy\u00fck\u015fehir Belediyesi\u2019nin \u2018\u00c7aml\u0131bel Kentsel Yenileme Projesi Yar\u0131\u015fmas\u0131\u2019 sonu\u00e7land\u0131. Mersin B\u00fcy\u00fck\u015fehir Belediye Ba\u015fkan\u0131 Vahap Se\u00e7er, B\u00fcy\u00fck\u015fehir Belediyesi Et\u00fct ve Projeler Dairesi taraf\u0131ndan d\u00fczenlenen \u2018\u00c7aml\u0131bel Kentsel Yenileme Projesi\u2019 tan\u0131t\u0131m\u0131na kat\u0131ld\u0131. \u00c7aml\u0131bel\u2019i &hellip; <a href=\"https:\/\/akdenizolaygazetesi.com\/?p=13317\" class=\"more-link\">Devam\u0131n\u0131 Oku&#8230;<\/a><\/p>\n","protected":false},"author":2,"featured_media":13318,"comment_status":"open","ping_status":"open","sticky":false,"template":"","format":"standard","meta":[],"categories":[34,1,3,5],"tags":[],"_links":{"self":[{"href":"https:\/\/akdenizolaygazetesi.com\/index.php?rest_route=\/wp\/v2\/posts\/13317"}],"collection":[{"href":"https:\/\/akdenizolaygazetesi.com\/index.php?rest_route=\/wp\/v2\/posts"}],"about":[{"href":"https:\/\/akdenizolaygazetesi.com\/index.php?rest_route=\/wp\/v2\/types\/post"}],"author":[{"embeddable":true,"href":"https:\/\/akdenizolaygazetesi.com\/index.php?rest_route=\/wp\/v2\/users\/2"}],"replies":[{"embeddable":true,"href":"https:\/\/akdenizolaygazetesi.com\/index.php?rest_route=%2Fwp%2Fv2%2Fcomments&post=13317"}],"version-history":[{"count":1,"href":"https:\/\/akdenizolaygazetesi.com\/index.php?rest_route=\/wp\/v2\/posts\/13317\/revisions"}],"predecessor-version":[{"id":13319,"href":"https:\/\/akdenizolaygazetesi.com\/index.php?rest_route=\/wp\/v2\/posts\/13317\/revisions\/13319"}],"wp:featuredmedia":[{"embeddable":true,"href":"https:\/\/akdenizolaygazetesi.com\/index.php?rest_route=\/wp\/v2\/media\/13318"}],"wp:attachment":[{"href":"https:\/\/akdenizolaygazetesi.com\/index.php?rest_route=%2Fwp%2Fv2%2Fmedia&parent=13317"}],"wp:term":[{"taxonomy":"category","embeddable":true,"href":"https:\/\/akdenizolaygazetesi.com\/index.php?rest_route=%2Fwp%2Fv2%2Fcategories&post=13317"},{"taxonomy":"post_tag","embeddable":true,"href":"https:\/\/akdenizolaygazetesi.com\/index.php?rest_route=%2Fwp%2Fv2%2Ftags&post=13317"}],"curies":[{"name":"wp","href":"https:\/\/api.w.org\/{rel}","templated":true}]}}