{"id":1332,"date":"2020-11-04T18:21:54","date_gmt":"2020-11-04T15:21:54","guid":{"rendered":"http:\/\/mersinekonomipolitikagazetesi.com\/?p=1332"},"modified":"2020-11-04T18:21:54","modified_gmt":"2020-11-04T15:21:54","slug":"meski-genel-kurulunun-birinci-birlesimi-yapildi","status":"publish","type":"post","link":"https:\/\/akdenizolaygazetesi.com\/?p=1332","title":{"rendered":"MESK\u0130 Genel Kurulunun birinci birle\u015fimi yap\u0131ld\u0131"},"content":{"rendered":"<p>Mersin Su ve Kanalizasyon \u0130daresi (MESK\u0130) Genel M\u00fcd\u00fcrl\u00fc\u011f\u00fc\u2019n\u00fcn May\u0131s Ay\u0131 Ola\u011fan Genel Kurulu\u2019nun birinci birle\u015fimi, Mersin B\u00fcy\u00fck\u015fehir Belediye Ba\u015fkan\u0131 Burhanettin Kocamaz ba\u015fkanl\u0131\u011f\u0131nda yap\u0131ld\u0131.<\/p>\n<p>Kongre ve Sergi Saray\u0131nda ger\u00e7ekle\u015ftirilen genel kurulda Denet\u00e7i Raporu oy birli\u011fi ile kabul edilirken, Cengiz Han B\u00fcy\u00fckekiz ve Serdar G\u00fc\u00e7l\u00fc \u00dclger de MESK\u0130 denet\u00e7isi se\u00e7ildi. Genel kurulda, Kadro Derece De\u011fi\u015fiklik Cetvelleri ile ilgili teklif ile 2016 Mali Y\u0131l\u0131 Kesin Hesap Cetvelleri, \u0130\u00e7mesuyu Dairesi Ba\u015fkanl\u0131\u011f\u0131na ek \u00f6denek verilmesi ile ilgili maddeler de \u00fcyelerin oylar\u0131 ile Plan ve B\u00fct\u00e7e Komisyonuna havale edildi. 2016 Mali Y\u0131l\u0131 Faaliyet Raporu ise oy birli\u011fi ile kabul edildi.<br \/>\nDilek ve temineler b\u00f6l\u00fcm\u00fcnde konu\u015fan MESK\u0130 Genel M\u00fcd\u00fcr\u00fc Baha G\u00fcnhan G\u00fcng\u00f6rd\u00fc, Genel Kurul \u00fcyelerine MESK\u0130 Genel M\u00fcd\u00fcrl\u00fc\u011f\u00fc taraf\u0131ndan yap\u0131lan faaliyetler ve Ramazan ay\u0131 i\u00e7erisinde temeli at\u0131lacak ve hizmete a\u00e7\u0131lacak tesislerle ile altyap\u0131 yat\u0131r\u0131mlar\u0131 hakk\u0131nda bilgiler verdi.<br \/>\nMESK\u0130 Genel Kurulunun May\u0131s ay\u0131 ikinci birle\u015fimi ise 31 May\u0131s 2017 tarihinde yap\u0131lacak.<\/p>\n","protected":false},"excerpt":{"rendered":"<p>Mersin Su ve Kanalizasyon \u0130daresi (MESK\u0130) Genel M\u00fcd\u00fcrl\u00fc\u011f\u00fc\u2019n\u00fcn May\u0131s Ay\u0131 Ola\u011fan Genel Kurulu\u2019nun birinci birle\u015fimi, Mersin B\u00fcy\u00fck\u015fehir Belediye Ba\u015fkan\u0131 Burhanettin Kocamaz ba\u015fkanl\u0131\u011f\u0131nda yap\u0131ld\u0131. Kongre ve Sergi Saray\u0131nda ger\u00e7ekle\u015ftirilen genel kurulda &hellip; <a href=\"https:\/\/akdenizolaygazetesi.com\/?p=1332\" class=\"more-link\">Devam\u0131n\u0131 Oku&#8230;<\/a><\/p>\n","protected":false},"author":1,"featured_media":0,"comment_status":"open","ping_status":"open","sticky":false,"template":"","format":"standard","meta":[],"categories":[],"tags":[],"_links":{"self":[{"href":"https:\/\/akdenizolaygazetesi.com\/index.php?rest_route=\/wp\/v2\/posts\/1332"}],"collection":[{"href":"https:\/\/akdenizolaygazetesi.com\/index.php?rest_route=\/wp\/v2\/posts"}],"about":[{"href":"https:\/\/akdenizolaygazetesi.com\/index.php?rest_route=\/wp\/v2\/types\/post"}],"author":[{"embeddable":true,"href":"https:\/\/akdenizolaygazetesi.com\/index.php?rest_route=\/wp\/v2\/users\/1"}],"replies":[{"embeddable":true,"href":"https:\/\/akdenizolaygazetesi.com\/index.php?rest_route=%2Fwp%2Fv2%2Fcomments&post=1332"}],"version-history":[{"count":0,"href":"https:\/\/akdenizolaygazetesi.com\/index.php?rest_route=\/wp\/v2\/posts\/1332\/revisions"}],"wp:attachment":[{"href":"https:\/\/akdenizolaygazetesi.com\/index.php?rest_route=%2Fwp%2Fv2%2Fmedia&parent=1332"}],"wp:term":[{"taxonomy":"category","embeddable":true,"href":"https:\/\/akdenizolaygazetesi.com\/index.php?rest_route=%2Fwp%2Fv2%2Fcategories&post=1332"},{"taxonomy":"post_tag","embeddable":true,"href":"https:\/\/akdenizolaygazetesi.com\/index.php?rest_route=%2Fwp%2Fv2%2Ftags&post=1332"}],"curies":[{"name":"wp","href":"https:\/\/api.w.org\/{rel}","templated":true}]}}