{"id":13320,"date":"2021-07-14T12:59:14","date_gmt":"2021-07-14T09:59:14","guid":{"rendered":"http:\/\/akdenizolaygazetesi.com\/?p=13320"},"modified":"2021-07-14T12:59:14","modified_gmt":"2021-07-14T09:59:14","slug":"milletimizin-iradesinin-ustunde-bir-irade-olmamistir-olmayacaktir","status":"publish","type":"post","link":"https:\/\/akdenizolaygazetesi.com\/?p=13320","title":{"rendered":"\u201cMilletimizin iradesinin \u00fcst\u00fcnde bir irade olmam\u0131\u015ft\u0131r, olmayacakt\u0131r\u201d"},"content":{"rendered":"<p>Akdeniz Belediye Ba\u015fkan\u0131 G\u00fcltak; FET\u00d6 Ter\u00f6r \u00d6rg\u00fct\u00fc mensuplar\u0131n\u0131n, 15 Temmuz 2016 y\u0131l\u0131nda ger\u00e7ekle\u015ftirmek istedi\u011fi hain darbe kalk\u0131\u015fmas\u0131n\u0131n y\u0131ld\u00f6n\u00fcm\u00fc nedeniyle bir mesaj yay\u0131nlad\u0131. Ba\u015fkan G\u00fcltak; \u201cAziz Milletimiz, devleti, egemenli\u011fi ve gelece\u011fine can\u0131 pahas\u0131na sahip \u00e7\u0131karak hain darbecilere unutamayacaklar\u0131 bir ders vermi\u015f; tarihte \u00f6rne\u011fine az rastlanan bir kahramanl\u0131k \u00f6rne\u011fi sergilemi\u015ftir\u201d dedi.<br \/>\n\u00c7anakkale ruhunun 15 Temmuz 2016 gecesi adeta yeniden canland\u0131\u011f\u0131n\u0131 ve aziz T\u00fcrk milletinin bir kahramanl\u0131k hik\u00e2yesi, bir destan yazd\u0131\u011f\u0131n\u0131n alt\u0131n\u0131 \u00e7izen Ba\u015fkan M. Mustafa G\u00fcltak; \u201cBu tarihi direni\u015f ve zafer, T\u00fcrk Milleti\u2019nin, d\u00fc\u015fmanlar\u0131na hi\u00e7bir zaman boyun e\u011fmedi\u011finin ve asla e\u011fmeyece\u011finin yeg\u00e2ne g\u00f6stergesidir. Zira tarih boyunca h\u00fcr ya\u015fam\u0131\u015f bu b\u00fcy\u00fck milletin mensuplar\u0131 olarak vatan ve bayrak sevgisi daima her \u015feyden \u00f6nce gelmi\u015ftir. Fedak\u00e2r ve korkusuz milletimiz, elinde \u015fanl\u0131 bayra\u011f\u0131m\u0131z ve dilinde dualar ile hainlere kar\u015f\u0131 direnmi\u015f ve onlara asla unutamayacaklar\u0131 bir ders vermi\u015ftir\u201d ifadelerini kulland\u0131.<br \/>\n\u201cMilletimizin iradesinin \u00fcst\u00fcnde bir irade olmam\u0131\u015ft\u0131r, olmayacakt\u0131r\u201d<br \/>\nMesaj\u0131nda; darbeye kalk\u0131\u015fan hainlerin, 15 Temmuz 2016 gecesinde; T\u00fcrk milletini b\u00f6lmek ve demokrasiyi yok etmek gibi bir gaflete d\u00fc\u015ft\u00fcklerini kaydeden Ba\u015fkan G\u00fcltak, \u015fu ifadeleri kaydetti; \u201cEllerinde a\u011f\u0131r silahlar ile masum insanlar\u0131m\u0131z\u0131 hedef alarak hain emellerine ula\u015faca\u011f\u0131n\u0131 sanan darbecilere, aziz milletimiz asla unutamayacaklar\u0131 bir ders vermi\u015ftir. \u00c7\u00fcnk\u00fc T\u00fcrk Milleti, ge\u00e7mi\u015fte oldu\u011fu gibi d\u00fcn de istiklali ve istikbaline g\u00f6z koyanlara kar\u015f\u0131 can\u0131 ve kan\u0131 pahas\u0131na m\u00fccadele etmi\u015f ve bu onurlu m\u00fccadelesinden de zaferle ayr\u0131lm\u0131\u015ft\u0131r.<br \/>\nMilletimizin iradesinin \u00fcst\u00fcnde ba\u015fka hi\u00e7bir irade olmam\u0131\u015ft\u0131r, bundan sonra da olmayacakt\u0131r. Birli\u011fimize, karde\u015fli\u011fimize ve demokrasimize kast edenler yenilmeye daima mahk\u00fbmdur. Bu duygu ve d\u00fc\u015f\u00fcncelerle; \u00fclkemize, demokrasimize ve aziz milletimizin y\u00fcce iradesine kar\u015f\u0131 hain FET\u00d6 ter\u00f6r \u00f6rg\u00fct\u00fc ve yanda\u015flar\u0131 taraf\u0131ndan yap\u0131lan kalk\u0131\u015fma giri\u015fimini lanetliyorum. \u00c7anakkale ruhuyla direni\u015fe ge\u00e7erek vatan i\u00e7in \u00e7ekinmeden canlar\u0131n\u0131 veren \u015fehitlerimize Allah\u2019tan rahmet diliyor, gazilerimize minnetlerimi sunuyorum. 15 Temmuz Milli Birlik ve Demokrasi G\u00fcn\u00fc\u2019n\u00fc kutluyor, bu destan\u0131 elbirli\u011fiyle yazan aziz milletimizi g\u00f6n\u00fclden selaml\u0131yor, en derin sayg\u0131lar\u0131m\u0131 arz ediyorum.\u201d<\/p>\n","protected":false},"excerpt":{"rendered":"<p>Akdeniz Belediye Ba\u015fkan\u0131 G\u00fcltak; FET\u00d6 Ter\u00f6r \u00d6rg\u00fct\u00fc mensuplar\u0131n\u0131n, 15 Temmuz 2016 y\u0131l\u0131nda ger\u00e7ekle\u015ftirmek istedi\u011fi hain darbe kalk\u0131\u015fmas\u0131n\u0131n y\u0131ld\u00f6n\u00fcm\u00fc nedeniyle bir mesaj yay\u0131nlad\u0131. Ba\u015fkan G\u00fcltak; \u201cAziz Milletimiz, devleti, egemenli\u011fi ve gelece\u011fine &hellip; <a href=\"https:\/\/akdenizolaygazetesi.com\/?p=13320\" class=\"more-link\">Devam\u0131n\u0131 Oku&#8230;<\/a><\/p>\n","protected":false},"author":2,"featured_media":13321,"comment_status":"open","ping_status":"open","sticky":false,"template":"","format":"standard","meta":[],"categories":[1,3,5],"tags":[],"_links":{"self":[{"href":"https:\/\/akdenizolaygazetesi.com\/index.php?rest_route=\/wp\/v2\/posts\/13320"}],"collection":[{"href":"https:\/\/akdenizolaygazetesi.com\/index.php?rest_route=\/wp\/v2\/posts"}],"about":[{"href":"https:\/\/akdenizolaygazetesi.com\/index.php?rest_route=\/wp\/v2\/types\/post"}],"author":[{"embeddable":true,"href":"https:\/\/akdenizolaygazetesi.com\/index.php?rest_route=\/wp\/v2\/users\/2"}],"replies":[{"embeddable":true,"href":"https:\/\/akdenizolaygazetesi.com\/index.php?rest_route=%2Fwp%2Fv2%2Fcomments&post=13320"}],"version-history":[{"count":1,"href":"https:\/\/akdenizolaygazetesi.com\/index.php?rest_route=\/wp\/v2\/posts\/13320\/revisions"}],"predecessor-version":[{"id":13322,"href":"https:\/\/akdenizolaygazetesi.com\/index.php?rest_route=\/wp\/v2\/posts\/13320\/revisions\/13322"}],"wp:featuredmedia":[{"embeddable":true,"href":"https:\/\/akdenizolaygazetesi.com\/index.php?rest_route=\/wp\/v2\/media\/13321"}],"wp:attachment":[{"href":"https:\/\/akdenizolaygazetesi.com\/index.php?rest_route=%2Fwp%2Fv2%2Fmedia&parent=13320"}],"wp:term":[{"taxonomy":"category","embeddable":true,"href":"https:\/\/akdenizolaygazetesi.com\/index.php?rest_route=%2Fwp%2Fv2%2Fcategories&post=13320"},{"taxonomy":"post_tag","embeddable":true,"href":"https:\/\/akdenizolaygazetesi.com\/index.php?rest_route=%2Fwp%2Fv2%2Ftags&post=13320"}],"curies":[{"name":"wp","href":"https:\/\/api.w.org\/{rel}","templated":true}]}}