{"id":13325,"date":"2021-07-15T11:24:09","date_gmt":"2021-07-15T08:24:09","guid":{"rendered":"http:\/\/akdenizolaygazetesi.com\/?p=13325"},"modified":"2021-07-15T11:24:09","modified_gmt":"2021-07-15T08:24:09","slug":"baskan-yilmazin-demokrasi-ve-milli-birlik-gunu-mesaji","status":"publish","type":"post","link":"https:\/\/akdenizolaygazetesi.com\/?p=13325","title":{"rendered":"BA\u015eKAN YILMAZ&#8217;IN, DEMOKRAS\u0130 VE M\u0130LL\u0130 B\u0130RL\u0130K G\u00dcN\u00dc MESAJI"},"content":{"rendered":"<p>Toroslar Belediye Ba\u015fkan\u0131 Ats\u0131z Af\u015f\u0131n Y\u0131lmaz, 15 Temmuz Demokrasi ve Milli Birlik G\u00fcn\u00fc dolay\u0131s\u0131yla bir mesaj yay\u0131nlad\u0131.<\/p>\n<p>&#8220;Bundan 5 y\u0131l \u00f6nce 15 Temmuz g\u00fcn\u00fc devletimize ve milletimize kar\u015f\u0131 ger\u00e7ekle\u015ftirilen hain darbe giri\u015fimi, aziz milletimizin destans\u0131 direni\u015fiyle etkisiz hale getirilmi\u015ftir&#8221; diyen Ba\u015fkan Y\u0131lmaz; &#8220;Vatan\u0131m\u0131z ve bayra\u011f\u0131m\u0131z s\u00f6z konusuysa bizler millet olmaktan da \u00f6te tek y\u00fcrek ve tek v\u00fccut oluruz&#8221; dedi.<\/p>\n<p>&#8220;T\u00fcrkiye Cumhuriyeti\u2019nin Omurgas\u0131 Milli Kimliktir&#8221;<\/p>\n<p>Milletin iradesinin kar\u015f\u0131s\u0131nda hi\u00e7bir g\u00fcc\u00fcn duramayaca\u011f\u0131n\u0131 belirten Ba\u015fkan Y\u0131lmaz, 15 Temmuz g\u00fcn\u00fcn\u00fcn, halk\u0131n demokrasiye ba\u011fl\u0131l\u0131\u011f\u0131n\u0131n ve her \u015fartta sahip \u00e7\u0131kaca\u011f\u0131n\u0131n en b\u00fcy\u00fck ispat\u0131 oldu\u011funu da kaydederek; &#8220;T\u00fcrk milleti,  bu \u00fclkeyi b\u00f6lmek isteyenlere kar\u015f\u0131 Dumlup\u0131nar&#8217;da, \u00c7anakkale&#8217;de nas\u0131l cevap vermi\u015fse 15 Temmuz gecesi de ayn\u0131 cevab\u0131 vermi\u015f ve t\u00fcm d\u00fcnyaya demokrasiye nas\u0131l sahip \u00e7\u0131k\u0131ld\u0131\u011f\u0131n\u0131 g\u00f6stermi\u015ftir. Unutulmamal\u0131d\u0131r ki, T\u00fcrkiye Cumhuriyeti\u2019nin omurgas\u0131 milli kimliktir, egemenlik ve irade ebediyen T\u00fcrk milletine aittir. Milli iradenin \u00fczerinde hi\u00e7bir g\u00fc\u00e7 yoktur. Bu duygu ve d\u00fc\u015f\u00fcncelerle 15 Temmuz Demokrasi ve Milli Birlik G\u00fcn\u00fc&#8217;n\u00fcn y\u0131l d\u00f6n\u00fcm\u00fcnde y\u00fcre\u011fi vatan ve millet a\u015fk\u0131yla atan t\u00fcm hem\u015fehrilerimi sevgi ve sayg\u0131yla selaml\u0131yor, \u00fclkemizin birli\u011fi ve devletimizin bekas\u0131 i\u00e7in canlar\u0131n\u0131 feda ederek \u015fahadet \u015ferbeti i\u00e7en aziz \u015fehitlerimizi ve gazilerimizi bir kez daha rahmet ve minnetle an\u0131yorum. Kahramanlar\u0131m\u0131z\u0131 ve destan\u0131m\u0131z\u0131 unutmayaca\u011f\u0131z, unutturmayaca\u011f\u0131z&#8221; diye konu\u015ftu.<\/p>\n<p>Toroslar&#8217;da Pedallar, Demokrasi i\u00e7in \u00c7evrilecek<\/p>\n<p>Toroslar Belediyesi, 15 Temmuz Demokrasi ve Milli Birlik G\u00fcn\u00fc&#8217;ne \u00f6zel \u00f6d\u00fcll\u00fc Bisiklet Yar\u0131\u015flar\u0131 d\u00fczenliyor.<\/p>\n<p>Mersin Gen\u00e7lik ve Spor \u0130l M\u00fcd\u00fcrl\u00fc\u011f\u00fc ile birlikte yap\u0131lacak yar\u0131\u015flar, halka ve lisansl\u0131 sporculara a\u00e7\u0131k olacak.Yar\u0131\u015flar, 15 Temmuz Per\u015fembe g\u00fcn\u00fc saat 09.00&#8217;da Halkkent Mahallesi&#8217;nde bulunan 1000 Ki\u015filik Spor Salonu ve Bocce Tesisi \u00f6n\u00fcndeki parkur al\u0131ndan ba\u015flayacak. Yar\u0131\u015flara kat\u0131lmak isteyenler kay\u0131tlar\u0131n\u0131, yine ayn\u0131 g\u00fcn 15 Temmuz&#8217;da saat 08.00&#8217;da Bocce Tesisi Bisiklet Odas\u0131nda yapt\u0131rabilecek.<\/p>\n","protected":false},"excerpt":{"rendered":"<p>Toroslar Belediye Ba\u015fkan\u0131 Ats\u0131z Af\u015f\u0131n Y\u0131lmaz, 15 Temmuz Demokrasi ve Milli Birlik G\u00fcn\u00fc dolay\u0131s\u0131yla bir mesaj yay\u0131nlad\u0131. &#8220;Bundan 5 y\u0131l \u00f6nce 15 Temmuz g\u00fcn\u00fc devletimize ve milletimize kar\u015f\u0131 ger\u00e7ekle\u015ftirilen hain &hellip; <a href=\"https:\/\/akdenizolaygazetesi.com\/?p=13325\" class=\"more-link\">Devam\u0131n\u0131 Oku&#8230;<\/a><\/p>\n","protected":false},"author":2,"featured_media":13326,"comment_status":"open","ping_status":"open","sticky":false,"template":"","format":"standard","meta":[],"categories":[34,1,3],"tags":[],"_links":{"self":[{"href":"https:\/\/akdenizolaygazetesi.com\/index.php?rest_route=\/wp\/v2\/posts\/13325"}],"collection":[{"href":"https:\/\/akdenizolaygazetesi.com\/index.php?rest_route=\/wp\/v2\/posts"}],"about":[{"href":"https:\/\/akdenizolaygazetesi.com\/index.php?rest_route=\/wp\/v2\/types\/post"}],"author":[{"embeddable":true,"href":"https:\/\/akdenizolaygazetesi.com\/index.php?rest_route=\/wp\/v2\/users\/2"}],"replies":[{"embeddable":true,"href":"https:\/\/akdenizolaygazetesi.com\/index.php?rest_route=%2Fwp%2Fv2%2Fcomments&post=13325"}],"version-history":[{"count":1,"href":"https:\/\/akdenizolaygazetesi.com\/index.php?rest_route=\/wp\/v2\/posts\/13325\/revisions"}],"predecessor-version":[{"id":13327,"href":"https:\/\/akdenizolaygazetesi.com\/index.php?rest_route=\/wp\/v2\/posts\/13325\/revisions\/13327"}],"wp:featuredmedia":[{"embeddable":true,"href":"https:\/\/akdenizolaygazetesi.com\/index.php?rest_route=\/wp\/v2\/media\/13326"}],"wp:attachment":[{"href":"https:\/\/akdenizolaygazetesi.com\/index.php?rest_route=%2Fwp%2Fv2%2Fmedia&parent=13325"}],"wp:term":[{"taxonomy":"category","embeddable":true,"href":"https:\/\/akdenizolaygazetesi.com\/index.php?rest_route=%2Fwp%2Fv2%2Fcategories&post=13325"},{"taxonomy":"post_tag","embeddable":true,"href":"https:\/\/akdenizolaygazetesi.com\/index.php?rest_route=%2Fwp%2Fv2%2Ftags&post=13325"}],"curies":[{"name":"wp","href":"https:\/\/api.w.org\/{rel}","templated":true}]}}