{"id":13333,"date":"2021-07-15T11:29:29","date_gmt":"2021-07-15T08:29:29","guid":{"rendered":"http:\/\/akdenizolaygazetesi.com\/?p=13333"},"modified":"2021-07-15T11:29:29","modified_gmt":"2021-07-15T08:29:29","slug":"mersin-buyuksehirin-tarsus-genclik-kampinda-halk-gunleri-basladi","status":"publish","type":"post","link":"https:\/\/akdenizolaygazetesi.com\/?p=13333","title":{"rendered":"MERS\u0130N B\u00dcY\u00dcK\u015eEH\u0130R\u2019\u0130N TARSUS GEN\u00c7L\u0130K KAMPI\u2019NDA HALK G\u00dcNLER\u0130 BA\u015eLADI"},"content":{"rendered":"<p>Mersin B\u00fcy\u00fck\u015fehir Belediyesi Kad\u0131n ve Aile Hizmetleri Dairesi taraf\u0131ndan yeniden d\u00fczenlenen Tarsus Gen\u00e7lik Kamp\u0131, normalle\u015fme ad\u0131mlar\u0131n\u0131n at\u0131lmas\u0131yla birlikte hizmete a\u00e7\u0131ld\u0131. Pandemi nedeniyle etkinliklere ara verilen Gen\u00e7lik Kamp\u0131 i\u00e7erisinde bulunan bir\u00e7ok etkinlik alan\u0131yla yeniden hizmete sunularak, Mersin halk\u0131n\u0131 a\u011f\u0131rlamaya ba\u015flad\u0131. Halk G\u00fcn\u00fc olarak belirlenen cumartesi g\u00fcnleri vatanda\u015flar Gen\u00e7lik Kamp\u0131\u2019n\u0131n hizmetlerinden \u00fccretsiz olarak yararlanabilecek.<\/p>\n<p>Cumartesi g\u00fcnleri b\u00fct\u00fcn etkinlikler \u00fccretsiz<\/p>\n<p>Pandemi sonras\u0131 ilk Halk G\u00fcn\u00fc\u2019n\u00fcn ger\u00e7ekle\u015fti\u011fi Tarsus Gen\u00e7lik Kamp\u0131\u2019nda, K\u00fcrk\u00e7\u00fc Mahallesi\u2019nden yat\u0131l\u0131 68 ki\u015fi, Tarsus ve Mersin\u2019den g\u00fcn\u00fcbirlik kat\u0131lanlarla yakla\u015f\u0131k 250 ki\u015fi a\u011f\u0131rland\u0131. Yo\u011funlukla \u00e7ocuklu ailelerin tercih etti\u011fi Gen\u00e7lik Kamp\u0131\u2019nda sabah kahvalt\u0131s\u0131yla ba\u015flanan g\u00fcnde \u00e7ocuklar survivor parkurunda g\u00f6n\u00fcllerince e\u011flendi, anne ve babalar\u0131yla su f\u0131skiyesi alt\u0131nda m\u00fczik e\u015fli\u011finde dans etti. Vatanda\u015flara sabah kahvalt\u0131s\u0131, \u00f6\u011fle yeme\u011fi, ara \u00f6\u011f\u00fcn ve so\u011fuk i\u00e7ecekler ikram edildi.  <\/p>\n<p>Tarsus Gen\u00e7lik Kamp\u0131 adeta bir tatil k\u00f6y\u00fc hizmeti veriyor<\/p>\n<p>Yat\u0131l\u0131 ya da g\u00fcnl\u00fck misafir a\u011f\u0131rlanan kamp merkezinde, bungalov evler, survivor oyun parkuru, kamp, kano, su f\u0131skiyesi alt\u0131nda e\u011flence alan\u0131, ku\u015f g\u00f6zlem evi, yapay t\u0131rmanma da\u011f\u0131, deniz bisikleti ve ailelerin piknik yapabilece\u011fi alanlar bulunuyor. Vatanda\u015flar, Mersin Forum AVM ba\u011flant\u0131 k\u00f6pr\u00fcs\u00fc alt\u0131ndan saat 09.00\u2019da kalkacak servisle Gen\u00e7lik Kamp\u0131\u2019na ula\u015fabiliyor. Hafta i\u00e7i ise dezavantajl\u0131 aileler, \u00e7ocuklar, gen\u00e7ler veya di\u011fer ya\u015f guruplar\u0131na yat\u0131l\u0131 konaklama imkan\u0131 ile sosyalle\u015fme imkan\u0131 sunularak, e\u011flenceli bir\u00e7ok aktivite ger\u00e7ekle\u015ftiriliyor.<\/p>\n<p>Tarsus Gen\u00e7lik Kamp\u0131\u2019nda bulunan Geri D\u00f6n\u00fc\u015f\u00fcm At\u00f6lyesi\u2019nde ise hurda malzemelerden yap\u0131lan masa, sandalye, ku\u015f g\u00f6zlem evi, bank, kent mobilyalar\u0131 gibi e\u015fyalar \u00fcretilerek, B\u00fcy\u00fck\u015fehir Belediyesi\u2019ne veya ihtiya\u00e7 duyulan birimlere ula\u015ft\u0131r\u0131lmaya devam ediliyor.<\/p>\n<p>\u201cHerkesi bekliyoruz\u201d<\/p>\n<p>Tarsus Gen\u00e7lik Kamp\u0131 antren\u00f6r\u00fc Berivan Altun, normalle\u015fme ad\u0131mlar\u0131n\u0131n at\u0131lmas\u0131yla birlikte aktivitelere ba\u015flad\u0131klar\u0131n\u0131 belirterek, \u201cPandemiden \u00f6nce halk\u0131m\u0131z Cumartesi g\u00fcnleri geliyordu. Pandemiden sonra her Cumartesi saat 09:00\u2019da Mersin olsun, Tarsus olsun bizim belli noktalar\u0131m\u0131zdan halk\u0131m\u0131z i\u00e7in otob\u00fcslerimiz kalkacak. Burada halk\u0131m\u0131zla kano, survivor parkurumuz, ku\u015f g\u00f6zlem evimiz, ailelerle piknik her \u015fey dahil. E\u011fitimcilerimizle birlikte buraday\u0131z. Herkesi bekliyoruz\u201d dedi. <\/p>\n<p>\u201cBeraber dans ettik, e\u011flendik, \u0131sland\u0131k \u00e7ok g\u00fczel ge\u00e7ti\u201d<\/p>\n<p>Tarsus\u2019tan gelen Bahar Ertem, hem \u00e7ocuklar i\u00e7in hem de kendileri i\u00e7in g\u00fczel bir de\u011fi\u015fiklik oldu\u011funu ifade ederek, \u201c3 y\u0131ld\u0131r Tarsus\u2019ta oturuyoruz. Bug\u00fcnk\u00fc etkinlik i\u00e7in buraya kat\u0131ld\u0131k. \u00c7ocuklarla beraber \u00e7ok g\u00fczel kahvalt\u0131 yapt\u0131k. Daha sonra survivor park\u0131nda, ayn\u0131 zamanda f\u0131skiye alt\u0131nda dans edildi. Beraber dans ettik, e\u011flendik, \u0131sland\u0131k \u00e7ok g\u00fczel ge\u00e7ti. Te\u015fekk\u00fcr ederiz. \u00c7ok g\u00fczel bir d\u00fc\u015f\u00fcnce, \u00e7ocuklar i\u00e7in, bizler i\u00e7in farkl\u0131l\u0131k oldu. \u00c7\u00fcnk\u00fc bu s\u00fcre\u00e7te evde oturduklar\u0131 i\u00e7in \u00e7ocuklar \u00e7ok s\u0131k\u0131l\u0131yorlar ve g\u00f6t\u00fcrebilece\u011fimiz bir yer fazla olmuyor maalesef. A\u00e7\u0131k alan, a\u00e7\u0131k ortam \u00e7ok g\u00fczel, hizmet \u00e7ok g\u00fczel\u201d  diye konu\u015ftu.<\/p>\n","protected":false},"excerpt":{"rendered":"<p>Mersin B\u00fcy\u00fck\u015fehir Belediyesi Kad\u0131n ve Aile Hizmetleri Dairesi taraf\u0131ndan yeniden d\u00fczenlenen Tarsus Gen\u00e7lik Kamp\u0131, normalle\u015fme ad\u0131mlar\u0131n\u0131n at\u0131lmas\u0131yla birlikte hizmete a\u00e7\u0131ld\u0131. Pandemi nedeniyle etkinliklere ara verilen Gen\u00e7lik Kamp\u0131 i\u00e7erisinde bulunan bir\u00e7ok &hellip; <a href=\"https:\/\/akdenizolaygazetesi.com\/?p=13333\" class=\"more-link\">Devam\u0131n\u0131 Oku&#8230;<\/a><\/p>\n","protected":false},"author":2,"featured_media":13334,"comment_status":"open","ping_status":"open","sticky":false,"template":"","format":"standard","meta":[],"categories":[1,2,3,5,10],"tags":[],"_links":{"self":[{"href":"https:\/\/akdenizolaygazetesi.com\/index.php?rest_route=\/wp\/v2\/posts\/13333"}],"collection":[{"href":"https:\/\/akdenizolaygazetesi.com\/index.php?rest_route=\/wp\/v2\/posts"}],"about":[{"href":"https:\/\/akdenizolaygazetesi.com\/index.php?rest_route=\/wp\/v2\/types\/post"}],"author":[{"embeddable":true,"href":"https:\/\/akdenizolaygazetesi.com\/index.php?rest_route=\/wp\/v2\/users\/2"}],"replies":[{"embeddable":true,"href":"https:\/\/akdenizolaygazetesi.com\/index.php?rest_route=%2Fwp%2Fv2%2Fcomments&post=13333"}],"version-history":[{"count":1,"href":"https:\/\/akdenizolaygazetesi.com\/index.php?rest_route=\/wp\/v2\/posts\/13333\/revisions"}],"predecessor-version":[{"id":13335,"href":"https:\/\/akdenizolaygazetesi.com\/index.php?rest_route=\/wp\/v2\/posts\/13333\/revisions\/13335"}],"wp:featuredmedia":[{"embeddable":true,"href":"https:\/\/akdenizolaygazetesi.com\/index.php?rest_route=\/wp\/v2\/media\/13334"}],"wp:attachment":[{"href":"https:\/\/akdenizolaygazetesi.com\/index.php?rest_route=%2Fwp%2Fv2%2Fmedia&parent=13333"}],"wp:term":[{"taxonomy":"category","embeddable":true,"href":"https:\/\/akdenizolaygazetesi.com\/index.php?rest_route=%2Fwp%2Fv2%2Fcategories&post=13333"},{"taxonomy":"post_tag","embeddable":true,"href":"https:\/\/akdenizolaygazetesi.com\/index.php?rest_route=%2Fwp%2Fv2%2Ftags&post=13333"}],"curies":[{"name":"wp","href":"https:\/\/api.w.org\/{rel}","templated":true}]}}