{"id":13336,"date":"2021-07-15T11:31:02","date_gmt":"2021-07-15T08:31:02","guid":{"rendered":"http:\/\/akdenizolaygazetesi.com\/?p=13336"},"modified":"2021-07-15T11:31:02","modified_gmt":"2021-07-15T08:31:02","slug":"secer-biz-her-zaman-onlarin-yaninda-dimdik-olacagiz","status":"publish","type":"post","link":"https:\/\/akdenizolaygazetesi.com\/?p=13336","title":{"rendered":"SE\u00c7ER: \u201cB\u0130Z HER ZAMAN ONLARIN YANINDA D\u0130MD\u0130K OLACA\u011eIZ\u201d"},"content":{"rendered":"<p>Mersin B\u00fcy\u00fck\u015fehir Belediye Ba\u015fkan\u0131 Vahap Se\u00e7er, K\u0131br\u0131s Bar\u0131\u015f Harekat\u0131\u2019n\u0131n 47. y\u0131l d\u00f6n\u00fcm\u00fc m\u00fcnasebetiyle B\u00fcy\u00fck\u015fehir Belediyesi taraf\u0131ndan \u015fehit yak\u0131nlar\u0131 ve gaziler onuruna d\u00fczenlenen yeme\u011fe kat\u0131ld\u0131. Yemekte konu\u015fan Ba\u015fkan Se\u00e7er, \u201cHerkesin bug\u00fcn K\u0131br\u0131s halk\u0131n\u0131n ba\u011f\u0131ms\u0131z ya\u015fam\u0131nda katk\u0131s\u0131 oldu\u011funu d\u00fc\u015f\u00fcn\u00fcyorum ama en \u00e7ok katk\u0131y\u0131 canlar\u0131 ile bu bedeli \u00f6deyenler, orada m\u00fccadele eden gazilerimiz verdiler. Umut ediyorum daha nice 47 y\u0131llar K\u0131br\u0131s halk\u0131 ba\u011f\u0131ms\u0131z bir \u015fekilde ya\u015fam\u0131n\u0131 sa\u011flar\u201d dedi.<\/p>\n<p>Kongre ve Sergi Saray\u0131\u2019nda verilen yeme\u011fe Ba\u015fkan Se\u00e7er\u2019in yan\u0131 s\u0131ra Mersin Vali Yard\u0131mc\u0131s\u0131 S\u00fcleyman Deniz, Kuzey K\u0131br\u0131s T\u00fcrk Cumhuriyeti (KKTC) Mersin Ba\u015fkonsolosu Zalihe Mendeli, Mersin \u0130l M\u00fcft\u00fcs\u00fc Dr. \u015eaban Kondi, Cumhuriyet Halk Partisi (CHP) Mersin \u0130l Ba\u015fkan\u0131 Adil Aktay, \u0130Y\u0130 Parti Mersin \u0130l Ba\u015fkan\u0131 Mehmet Dutar, gaziler, gazi ve \u015fehit aileleri yer ald\u0131.  Yemek ba\u015flamadan \u00f6nce Kuran-\u0131 Kerim Tilaveti yap\u0131ld\u0131.<\/p>\n<p>\u201cBiz anavatan olarak her zaman oldu\u011fu gibi bug\u00fcn de onlar\u0131n yan\u0131nda dimdik duruyoruz\u201d<\/p>\n<p>Ba\u015fkan Se\u00e7er, K\u0131br\u0131s Bar\u0131\u015f Harekat\u0131\u2019n\u0131n 47. y\u0131l d\u00f6n\u00fcm\u00fcnde bu vatan\u0131 vatan yapan, can\u0131n\u0131 feda eden de\u011ferli \u015fehitler ve gazilerin aileleri ile beraber olduklar\u0131n\u0131 ifade ederek, \u201cK\u0131br\u0131s T\u00fcrk Halk\u0131 y\u00fczy\u0131llard\u0131r adada ya\u015fayan ve hakk\u0131 olan ba\u011f\u0131ms\u0131z ya\u015fama m\u00fccadelesini bug\u00fcne kadar s\u00fcrd\u00fcren ama bu u\u011furda da \u00e7ok bedeller \u00f6deyen, \u00e7ok m\u00fccadeleler veren, cefalar \u00e7eken bir halk. Onlar bizim soyda\u015flar\u0131m\u0131z, onlar bizim karde\u015flerimiz. Biz anavatan olarak, T\u00fcrkiye olarak her zaman oldu\u011fu gibi bug\u00fcn de onlar\u0131n yan\u0131nda dimdik durmaktay\u0131z. Bu onlara mutlaka \u00e7ok b\u00fcy\u00fck bir motivasyon sa\u011fl\u0131yor, \u00e7ok b\u00fcy\u00fck bir moral sa\u011fl\u0131yor, g\u00fcven sa\u011fl\u0131yor. Bu da bizi ziyadesiyle mutlu ediyor. Orada 47 y\u0131l \u00f6nce \u015fehit d\u00fc\u015fen, yavru vatan K\u0131br\u0131s\u2019ta soyda\u015flar\u0131m\u0131z\u0131n ba\u011f\u0131ms\u0131zl\u0131k m\u00fccadelesini desteklemek i\u00e7in vurulan, m\u00fccadele edip bug\u00fcn aram\u0131zda gazi olarak bizlerle beraber olan herkese m\u00fcte\u015fekkiriz. Onlar\u0131 sayg\u0131 ile an\u0131yoruz her \u015feyden \u00f6nemlisi\u201d diye konu\u015ftu.<\/p>\n<p>\u201cUmut ediyorum daha nice 47 y\u0131llar K\u0131br\u0131s halk\u0131 ba\u011f\u0131ms\u0131z bir \u015fekilde ya\u015fam\u0131n\u0131 sa\u011flar\u201d<\/p>\n<p>Anadolu topraklar\u0131n\u0131n ac\u0131lar\u0131, mutluluklar\u0131, g\u00fczellikleri ba\u011fr\u0131nda ta\u015f\u0131yan insanlar\u0131n ya\u015fad\u0131\u011f\u0131 bir co\u011frafya oldu\u011fundan s\u00f6z eden Se\u00e7er, \u00f6zellikle bu co\u011frafyan\u0131n vatan olurken bu \u00fclkedeki kad\u0131nlar\u0131n\u0131n katk\u0131lar\u0131n\u0131n ve desteklerinin asla unutulamayaca\u011f\u0131n\u0131 dile getirdi. Ba\u015fkan Se\u00e7er, k\u00fc\u00e7\u00fckken annesi ile ya\u015fad\u0131\u011f\u0131 bir an\u0131s\u0131n\u0131 \u015fu s\u00f6zlerle anlatt\u0131:<\/p>\n<p>\u201cBundan 47 y\u0131l \u00f6nce, bu tarihler, bu mevsimler. K\u00fc\u00e7\u00fck bir \u00e7ocuktum. Tarsus&#8217;ta ya\u015f\u0131yoruz. Ben biliyorsunuz Tarsus&#8217;ta do\u011fmu\u015f bir Mersinliyim ve evimiz istasyona \u00e7ok yak\u0131nd\u0131. Yani ko\u015fma, y\u00fcr\u00fcme mesafesi maksimum 1 dakika, 1.5 dakikada ula\u015fabilirdiniz. Annem bana dedi ki \u2018Vahap\u2019 dedi, \u2018askerler geldi, K\u0131br\u0131s\u2019a gidecek askerler\u2019. \u2018Onlara \u00e7\u00f6rek yapt\u0131m, onlar\u0131 \u00e7abuk yeti\u015ftir\u2019. Evet elime sepeti verdi, g\u00f6t\u00fcrd\u00fcm. Tek tek o k\u00fc\u00e7\u00fck pencerelerden askerlere ben o \u00e7\u00f6rekleri; sar\u0131 \u00e7\u00f6rekler vard\u0131r Tarsus&#8217;ta, Tarsus \u00e7\u00f6re\u011fi.  Onlar bayatlad\u0131\u011f\u0131 zaman da yenebilir, \u00e7aya band\u0131r\u0131l\u0131r yenebilir, yani asker i\u00e7in \u00e7ok ideal bir besin kayna\u011f\u0131d\u0131r ve ger\u00e7ekten birka\u00e7 g\u00fcn s\u00fcrd\u00fc \u00e7\u00fcnk\u00fc sevkiyat. San\u0131r\u0131m Kayseri&#8217;den o zaman komando tugay\u0131ndan K\u0131br\u0131s&#8217;a gitmek \u00fczere askerler geliyordu. Annemin yapt\u0131\u011f\u0131 o \u00e7\u00f6rekleri ben o k\u00fc\u00e7\u00fck Vahap askerlere pencereden da\u011f\u0131tt\u0131m. \u0130\u015fte T\u00fcrk kad\u0131n\u0131, bu co\u011frafyada ya\u015fayan kad\u0131nlar\u0131m\u0131z, analar\u0131m\u0131z b\u00f6yle insanlar. Herkesin bug\u00fcn K\u0131br\u0131s halk\u0131n\u0131n ba\u011f\u0131ms\u0131z ya\u015fam\u0131nda katk\u0131s\u0131 oldu\u011funu d\u00fc\u015f\u00fcn\u00fcyorum ama en \u00e7ok katk\u0131y\u0131 canlar\u0131 ile bu bedeli \u00f6deyenler, orada m\u00fccadele eden gazilerimiz verdiler. Herkese \u015f\u00fckranlar\u0131m\u0131 sunuyorum. Umut ediyorum daha nice 47 y\u0131llar K\u0131br\u0131s halk\u0131 ba\u011f\u0131ms\u0131z bir \u015fekilde ya\u015fam\u0131n\u0131 sa\u011flar. Daha m\u00fcreffeh, daha geli\u015fmi\u015f bir toplum haline gelir, daha ayaklar\u0131n\u0131n \u00fczerinde durabilen, d\u00fcnyada sayg\u0131nl\u0131\u011f\u0131 olabilen bir devlet, bir ulus haline gelirler. Biz de anavatanda onlar\u0131n karde\u015fleri olarak onlar\u0131n bu hakl\u0131 m\u00fccadelesinde, bu sayg\u0131n m\u00fccadelesinde de her zaman onlar\u0131n yan\u0131nda dimdik olaca\u011f\u0131z.\u201d<\/p>\n<p>Mendeli: \u201cBug\u00fcn Kuzey K\u0131br\u0131s T\u00fcrk Cumhuriyeti varsa kahraman gazilerimiz sayesinde\u201d<\/p>\n<p>KKTC Mersin Ba\u015fkonsolosu Zalihe Mendeli K\u0131br\u0131s Bar\u0131\u015f Harekat\u0131\u2019n\u0131n 47. y\u0131l d\u00f6n\u00fcm\u00fcn\u00fc kentte \u00e7e\u015fitli etkinlikler ve \u015f\u00fckran ziyaretleriyle kutlad\u0131klar\u0131n\u0131 ifade ederek, \u015funlar\u0131 s\u00f6yledi:<\/p>\n<p>\u201cMersin\u2019de sabah t\u00f6renimiz vard\u0131, \u00f6\u011fleden sonra da Silifke&#8217;de t\u00f6renlerimiz olacak. \u00c7e\u015fitli etkinliklerle kutluyoruz. Bug\u00fcn de burada bu yeme\u011fi bizlere sa\u011flayan B\u00fcy\u00fck\u015fehir Belediye Ba\u015fkan\u0131m\u0131z\u2019a i\u00e7tenlikle te\u015fekk\u00fcr etmek istiyorum. Bizler g\u00f6reve geldi\u011fimiz ilk g\u00fcnden beri s\u00fcrekli bizim yan\u0131m\u0131zda, bizlere her daim destek olmaktad\u0131r. Kendilerine buradan bir kez daha \u00e7ok te\u015fekk\u00fcr ediyorum Say\u0131n Belediye Ba\u015fkan\u0131m. K\u0131br\u0131s deyince akan sular\u0131n durdu\u011funu bizler her zaman hissediyoruz burada sizlerle birlikte. Bug\u00fcn Kuzey K\u0131br\u0131s T\u00fcrk Cumhuriyeti varsa, K\u0131br\u0131s T\u00fcrk halk\u0131 varsa, elbette ki bu sizlerin sayesindedir. Kahraman gazilerimiz, m\u00fccahitlerimizin sayesindedir. \u0130yi ki vars\u0131n\u0131z, Allah sizlere uzun, sa\u011fl\u0131kl\u0131 \u00f6m\u00fcrler versin. Baz\u0131 \u015feylere sahip olmak i\u00e7in fedakarl\u0131k etmek gerekiyor, m\u00fccadele etmek gerekiyor. Devlet gibi, ba\u011f\u0131ms\u0131zl\u0131k gibi, \u00f6zg\u00fcrl\u00fck gibi ve bir kere bir halk, devlet sahibi ba\u011f\u0131ms\u0131z bir halk olmu\u015fsa, bunu kimse bir daha kendisinden alamaz. T\u0131pk\u0131 K\u0131br\u0131s T\u00fcrk halk\u0131 gibi, Kuzey K\u0131br\u0131s T\u00fcrk Cumhuriyeti gibi. Daha nice nice bar\u0131\u015f harekatlar\u0131n\u0131n y\u0131l d\u00f6n\u00fcmlerini hep birlikte daha sa\u011fl\u0131kl\u0131 ortamlarda kutlamak \u00fcmidiyle.\u201d<\/p>\n","protected":false},"excerpt":{"rendered":"<p>Mersin B\u00fcy\u00fck\u015fehir Belediye Ba\u015fkan\u0131 Vahap Se\u00e7er, K\u0131br\u0131s Bar\u0131\u015f Harekat\u0131\u2019n\u0131n 47. y\u0131l d\u00f6n\u00fcm\u00fc m\u00fcnasebetiyle B\u00fcy\u00fck\u015fehir Belediyesi taraf\u0131ndan \u015fehit yak\u0131nlar\u0131 ve gaziler onuruna d\u00fczenlenen yeme\u011fe kat\u0131ld\u0131. Yemekte konu\u015fan Ba\u015fkan Se\u00e7er, \u201cHerkesin bug\u00fcn &hellip; <a href=\"https:\/\/akdenizolaygazetesi.com\/?p=13336\" class=\"more-link\">Devam\u0131n\u0131 Oku&#8230;<\/a><\/p>\n","protected":false},"author":2,"featured_media":13337,"comment_status":"open","ping_status":"open","sticky":false,"template":"","format":"standard","meta":[],"categories":[1,3,5],"tags":[],"_links":{"self":[{"href":"https:\/\/akdenizolaygazetesi.com\/index.php?rest_route=\/wp\/v2\/posts\/13336"}],"collection":[{"href":"https:\/\/akdenizolaygazetesi.com\/index.php?rest_route=\/wp\/v2\/posts"}],"about":[{"href":"https:\/\/akdenizolaygazetesi.com\/index.php?rest_route=\/wp\/v2\/types\/post"}],"author":[{"embeddable":true,"href":"https:\/\/akdenizolaygazetesi.com\/index.php?rest_route=\/wp\/v2\/users\/2"}],"replies":[{"embeddable":true,"href":"https:\/\/akdenizolaygazetesi.com\/index.php?rest_route=%2Fwp%2Fv2%2Fcomments&post=13336"}],"version-history":[{"count":1,"href":"https:\/\/akdenizolaygazetesi.com\/index.php?rest_route=\/wp\/v2\/posts\/13336\/revisions"}],"predecessor-version":[{"id":13338,"href":"https:\/\/akdenizolaygazetesi.com\/index.php?rest_route=\/wp\/v2\/posts\/13336\/revisions\/13338"}],"wp:featuredmedia":[{"embeddable":true,"href":"https:\/\/akdenizolaygazetesi.com\/index.php?rest_route=\/wp\/v2\/media\/13337"}],"wp:attachment":[{"href":"https:\/\/akdenizolaygazetesi.com\/index.php?rest_route=%2Fwp%2Fv2%2Fmedia&parent=13336"}],"wp:term":[{"taxonomy":"category","embeddable":true,"href":"https:\/\/akdenizolaygazetesi.com\/index.php?rest_route=%2Fwp%2Fv2%2Fcategories&post=13336"},{"taxonomy":"post_tag","embeddable":true,"href":"https:\/\/akdenizolaygazetesi.com\/index.php?rest_route=%2Fwp%2Fv2%2Ftags&post=13336"}],"curies":[{"name":"wp","href":"https:\/\/api.w.org\/{rel}","templated":true}]}}