{"id":13339,"date":"2021-07-15T11:33:04","date_gmt":"2021-07-15T08:33:04","guid":{"rendered":"http:\/\/akdenizolaygazetesi.com\/?p=13339"},"modified":"2021-07-15T11:33:04","modified_gmt":"2021-07-15T08:33:04","slug":"ahkibden-2021in-ilk-yarisinda-167-milyon-dolarlik-ihracat","status":"publish","type":"post","link":"https:\/\/akdenizolaygazetesi.com\/?p=13339","title":{"rendered":"AHK\u0130B\u2019DEN 2021\u2019\u0130N \u0130LK YARISINDA 167 M\u0130LYON DOLARLIK \u0130HRACAT"},"content":{"rendered":"<p>Akdeniz Haz\u0131r Giyim ve Konfeksiyon \u0130hracat\u00e7\u0131lar\u0131 Birli\u011fi (AHK\u0130B) Y\u00f6netim Kurulu Ba\u015fkan\u0131 G\u00fcrkan Tekin, 2021 y\u0131l\u0131n\u0131n Ocak-Haziran aylar\u0131 aras\u0131nda 167 milyon dolarl\u0131k ihracat ger\u00e7ekle\u015ftirdiklerini a\u00e7\u0131klarken b\u00f6lgedeki firmalar\u0131n moda, end\u00fcstriyel tasar\u0131m ve inovasyon kapasitelerini art\u0131rmas\u0131 ve Avrupa Ye\u015fil Mutabakat\u0131 \u00e7er\u00e7evesinde s\u00fcrd\u00fcr\u00fclebilir \u00fcretim ve ihracat i\u00e7in \u00e7al\u0131\u015fmalar\u0131 yo\u011funla\u015ft\u0131rd\u0131klar\u0131n\u0131 s\u00f6yledi.<\/p>\n<p>Son aylarda ham madde maliyetlerindeki art\u0131\u015flar, d\u00f6viz kurundaki dalgalanmalar, Covid-19 vir\u00fcs\u00fcn\u00fcn varyantlar\u0131, navlun fiyatlar\u0131ndaki y\u00fckseli\u015f ve konteyner bulamama sorununun di\u011fer sekt\u00f6rlerde oldu\u011fu gibi haz\u0131r giyim ve konfeksiyon sekt\u00f6r\u00fcn\u00fc de negatif y\u00f6nde etkiledi\u011fini kaydeden Ba\u015fkan G\u00fcrkan Tekin, \u201c2021 y\u0131l\u0131n\u0131n ilk yar\u0131s\u0131nda 167 milyon dolarl\u0131k ihracat ger\u00e7ekle\u015ftirdik. Ocak-Haziran d\u00f6neminde 21 bin 40 ton \u00fcr\u00fcn\u00fc ihra\u00e7 pazarlar\u0131nda de\u011ferlendiren Birli\u011fimiz, en fazla bayan d\u0131\u015f giyim, di\u011fer haz\u0131r e\u015fya ve bay d\u0131\u015f giyim ihra\u00e7 etti. Bayan d\u0131\u015f giyim 76,7 milyon dolar de\u011fer ile birinci, di\u011fer haz\u0131r e\u015fya 25,5 milyon dolar de\u011fer ile ikinci, bay d\u0131\u015f giyim 24,7 milyon dolar de\u011fer \u00fc\u00e7\u00fcnc\u00fc s\u0131rada yer ald\u0131. S\u00f6z konusu d\u00f6nemde AHK\u0130B olarak en y\u00fcksek ihracat art\u0131\u015f\u0131n\u0131 suni-sentetik yatak k\u0131yafetlerinde yakalad\u0131k. Suni-sentetik yatak k\u0131yafetleri ihracat\u0131m\u0131z y\u00fczde 5 bin 418\u2019lik rekor art\u0131\u015fla 1,6 milyon dolara ula\u015ft\u0131.\u201d dedi.<\/p>\n<p>\u2018Modaya y\u00f6n veren \u0130spanya\u2019da y\u00fczde 72 art\u0131\u015f sa\u011flad\u0131k\u2019<br \/>\nAHK\u0130B\u2019in Ocak-Haziran aylar\u0131 aras\u0131ndaki ihracat\u0131n\u0131 \u00fclkelere g\u00f6re de\u011ferlendiren Ba\u015fkan G\u00fcrkan Tekin, uluslararas\u0131 moda toplulu\u011funun merkezi olan \u0130spanya\u2019n\u0131n bu d\u00f6nemde en b\u00fcy\u00fck pazar oldu\u011funu ve bu \u00fclkede y\u00fczde 72 art\u0131\u015f sa\u011flad\u0131klar\u0131n\u0131 vurgulad\u0131. Ba\u015fkan G\u00fcrkan Tekin, \u201c2021\u2019in ilk yar\u0131s\u0131ndaki ihracat\u0131m\u0131zda y\u00fczde 29 pay ve 48,1 milyon dolar de\u011fer ile \u0130spanya birinci, y\u00fczde 17 pay ve 27,9 milyon dolar de\u011fer ile Almanya ikinci, y\u00fczde 11 pay ve 18,6 milyon dolar de\u011fer ile Hollanda \u00fc\u00e7\u00fcnc\u00fc s\u0131rada yer ald\u0131. AHK\u0130B olarak y\u0131l\u0131n ilk 6 ay\u0131nda ihracat hacminde en y\u00fcksek performans\u0131 y\u00fczde 2 bin 88 art\u0131\u015f ve 4,6 milyon dolar de\u011fer ile Bulgaristan pazar\u0131nda elde ettik. Bu \u00fclkeyi y\u00fczde 292 art\u0131\u015f ve 7,5 milyon dolar de\u011fer ile Polonya, y\u00fczde 163 art\u0131\u015f ve 3,2 milyon dolar de\u011fer ile \u0130talya izledi. Hedef pazarlar\u0131m\u0131z\u0131n ba\u015f\u0131nda gelen Birle\u015fik Devletler\u2019e y\u00f6nelik y\u00fczde 28 art\u0131\u015f ve 5,6 milyon dolarl\u0131k ihracat performans\u0131m\u0131z\u0131 da anlaml\u0131 buluyorum.\u201d diye konu\u015ftu.<\/p>\n<p>\u2018T\u0130M Marka Konseyi\u2019nin kurulmas\u0131 \u00e7ok \u00f6nemli bir hamle\u2019<br \/>\nUluslararas\u0131 ticaretin y\u00f6n\u00fcn\u00fc tayin eden pek \u00e7ok fakt\u00f6r olsa da markala\u015fman\u0131n \u00f6ne \u00e7\u0131kt\u0131\u011f\u0131na dikkati \u00e7eken Ba\u015fkan G\u00fcrkan Tekin, T\u00fcrkiye \u0130hracat\u00e7\u0131lar Meclisi\u2019nin markal\u0131 ihracat\u0131 ve ihracattaki katma de\u011feri art\u0131rmak amac\u0131yla kurdu\u011fu T\u0130M Marka Konseyi\u2019nin ihracat birim de\u011ferini 2 dolar\u0131n \u00fczerine \u00e7\u0131karma hedefinde \u00e7ok \u00f6nemli bir hamle oldu\u011funu dile getirdi. T\u0130M Ba\u015fkan\u0131 \u0130smail G\u00fclle ve Marka Konseyi\u2019nde yer alan g\u00fc\u00e7l\u00fc firmalar\u0131n y\u00f6neticilerini tebrik eden Ba\u015fkan G\u00fcrkan Tekin \u015funlar\u0131 s\u00f6yledi: \u201cT\u0130M Marka Konseyi\u2019nin ger\u00e7ekle\u015ftirece\u011fi \u00e7al\u0131\u015fmalardan en fazla tekstil, haz\u0131r giyim ve konfeksiyon sekt\u00f6r\u00fcm\u00fcz\u00fcn faydalanaca\u011f\u0131na inan\u0131yorum. AHK\u0130B olarak bizlerin de \u00f6nceli\u011fi markala\u015fma ve pazar \u00e7e\u015fitlili\u011fidir. B\u00f6lgemizde KOB\u0130 \u00f6l\u00e7e\u011findeki firmalar\u0131m\u0131z\u0131n geli\u015fip d\u00fcnya pazarlar\u0131nda hak ettikleri yeri almalar\u0131 i\u00e7in g\u00fcncel geli\u015fmelerden h\u0131zl\u0131ca haberdar olmalar\u0131na ve devlet desteklerinden daha etkin yararlanmalar\u0131na kadar vermi\u015f oldu\u011fumuz hizmetleri art\u0131rarak devam ettiriyoruz. \u201c<\/p>\n<p>\u2018S\u00fcrd\u00fcr\u00fclebilirlik tercih de\u011fil art\u0131k zorunluluk haline geldi\u2019<br \/>\nHaz\u0131r giyim ve konfeksiyon sekt\u00f6r\u00fcn\u00fcn g\u00fcndemindeki en \u00f6nemli konulardan birinin de s\u00fcrd\u00fcr\u00fclebilirlik ve ye\u015fil d\u00f6n\u00fc\u015f\u00fcm oldu\u011funu kaydeden Ba\u015fkan G\u00fcrkan Tekin, \u201c\u0130hracat\u0131m\u0131z\u0131n y\u00fczde 71\u2019ini ger\u00e7ekle\u015ftirdi\u011fimiz Avrupa Birli\u011fi, sanayiden tar\u0131ma, ula\u015ft\u0131rmadan enerjiye karbonsuz bir ekonomi modelini hayata ge\u00e7irmeye haz\u0131rlan\u0131yor. Bu kapsamda s\u00fcrd\u00fcr\u00fclebilirlik sekt\u00f6r\u00fcm\u00fcz i\u00e7in bir tercih de\u011fil, zorunluluk haline gelmi\u015f durumdad\u0131r. S\u00fcrd\u00fcr\u00fclebilir bir yap\u0131ya sahip olma hedeflerine y\u00f6nelik \u00fcyelerimizin kurumsal ve \u00e7evresel alanda d\u00f6n\u00fc\u015f\u00fcm sa\u011flayabilmesi i\u00e7in bir dizi \u00e7al\u0131\u015fma planl\u0131yoruz. Haz\u0131r giyim ve konfeksiyon firmalar\u0131m\u0131z\u0131n faaliyet s\u00fcre\u00e7lerinin \u00e7evresel etkilerinin belirlenmesi, emisyonlar\u0131n uluslararas\u0131 standartlara g\u00f6re raporlanmas\u0131, enerji et\u00fcd\u00fc uygulamalar\u0131yla enerji verimlili\u011finin art\u0131r\u0131lmas\u0131 gibi konularda \u00e7al\u0131\u015fmalar\u0131m\u0131z\u0131 yo\u011funla\u015ft\u0131raca\u011f\u0131z. Ancak burada \u00f6zel sekt\u00f6r olarak sadece bizim \u00e7abalar\u0131m\u0131z yeterli olmayacakt\u0131r. Kamu \u00f6zel sekt\u00f6r i\u015fbirli\u011fini mutlaka hayata ge\u00e7irmemiz ve kamunun g\u00fcc\u00fcn\u00fc yan\u0131m\u0131zda hissetmemiz gerekiyor. Bu i\u015fleri ve s\u00fcre\u00e7leri daha h\u0131zl\u0131 tamamlamam\u0131z\u0131 sa\u011flayacakt\u0131r.\u201d dedi.<\/p>\n","protected":false},"excerpt":{"rendered":"<p>Akdeniz Haz\u0131r Giyim ve Konfeksiyon \u0130hracat\u00e7\u0131lar\u0131 Birli\u011fi (AHK\u0130B) Y\u00f6netim Kurulu Ba\u015fkan\u0131 G\u00fcrkan Tekin, 2021 y\u0131l\u0131n\u0131n Ocak-Haziran aylar\u0131 aras\u0131nda 167 milyon dolarl\u0131k ihracat ger\u00e7ekle\u015ftirdiklerini a\u00e7\u0131klarken b\u00f6lgedeki firmalar\u0131n moda, end\u00fcstriyel tasar\u0131m ve &hellip; <a href=\"https:\/\/akdenizolaygazetesi.com\/?p=13339\" class=\"more-link\">Devam\u0131n\u0131 Oku&#8230;<\/a><\/p>\n","protected":false},"author":2,"featured_media":13340,"comment_status":"open","ping_status":"open","sticky":false,"template":"","format":"standard","meta":[],"categories":[8,2,3],"tags":[],"_links":{"self":[{"href":"https:\/\/akdenizolaygazetesi.com\/index.php?rest_route=\/wp\/v2\/posts\/13339"}],"collection":[{"href":"https:\/\/akdenizolaygazetesi.com\/index.php?rest_route=\/wp\/v2\/posts"}],"about":[{"href":"https:\/\/akdenizolaygazetesi.com\/index.php?rest_route=\/wp\/v2\/types\/post"}],"author":[{"embeddable":true,"href":"https:\/\/akdenizolaygazetesi.com\/index.php?rest_route=\/wp\/v2\/users\/2"}],"replies":[{"embeddable":true,"href":"https:\/\/akdenizolaygazetesi.com\/index.php?rest_route=%2Fwp%2Fv2%2Fcomments&post=13339"}],"version-history":[{"count":1,"href":"https:\/\/akdenizolaygazetesi.com\/index.php?rest_route=\/wp\/v2\/posts\/13339\/revisions"}],"predecessor-version":[{"id":13341,"href":"https:\/\/akdenizolaygazetesi.com\/index.php?rest_route=\/wp\/v2\/posts\/13339\/revisions\/13341"}],"wp:featuredmedia":[{"embeddable":true,"href":"https:\/\/akdenizolaygazetesi.com\/index.php?rest_route=\/wp\/v2\/media\/13340"}],"wp:attachment":[{"href":"https:\/\/akdenizolaygazetesi.com\/index.php?rest_route=%2Fwp%2Fv2%2Fmedia&parent=13339"}],"wp:term":[{"taxonomy":"category","embeddable":true,"href":"https:\/\/akdenizolaygazetesi.com\/index.php?rest_route=%2Fwp%2Fv2%2Fcategories&post=13339"},{"taxonomy":"post_tag","embeddable":true,"href":"https:\/\/akdenizolaygazetesi.com\/index.php?rest_route=%2Fwp%2Fv2%2Ftags&post=13339"}],"curies":[{"name":"wp","href":"https:\/\/api.w.org\/{rel}","templated":true}]}}