{"id":1334,"date":"2020-11-04T18:21:54","date_gmt":"2020-11-04T15:21:54","guid":{"rendered":"http:\/\/mersinekonomipolitikagazetesi.com\/?p=1334"},"modified":"2020-11-04T18:21:54","modified_gmt":"2020-11-04T15:21:54","slug":"tarsusta-aksemsettin-camiinin-temeli-dualarla-atildi","status":"publish","type":"post","link":"https:\/\/akdenizolaygazetesi.com\/?p=1334","title":{"rendered":"Tarsus&#8217;ta Ak\u015femsettin Camii&#8217;nin temeli dualarla at\u0131ld\u0131"},"content":{"rendered":"<p>Mersin\u2019in Tarsus il\u00e7esinde belediye 11 ay\u0131n sultan\u0131 ramazan arifesinde Ak\u015femsettin Mahallesi\u2019nde yapt\u0131raca\u011f\u0131 caminin temelini t\u00f6renle att\u0131.<\/p>\n<p>Program \u0130lahi sanat\u00e7\u0131s\u0131 Hasan \u00d6nal\u2019\u0131n verdi\u011fi mini konser ile ba\u015flad\u0131. A\u00e7\u0131l\u0131\u015f konu\u015fmas\u0131n\u0131 yapan Mahalle Muhtar\u0131 Adnan \u00d6zg\u00fcr, yap\u0131lan hizmetler i\u00e7in te\u015fekk\u00fcr etti. \u00d6zg\u00fcr, \u201cMahallemizin geli\u015fi ve fiziki yap\u0131s\u0131 gere\u011fi bir camiye daha ihtiyac\u0131m\u0131z oldu\u011funu tespit ettik. Bu durumu ba\u015fkan\u0131m\u0131za ilettik. Kendileri sa\u011folsun, bu a\u015famaya geldik. Mahallemize hay\u0131rl\u0131 u\u011furlu olsun\u201d dedi.<br \/>\n\u00d6z kaynaklar\u0131 en iyi \u015fekilde de\u011ferlendirdiklerini belirten Tarsus Belediye Ba\u015fkan\u0131 \u015eevket Can ise, b\u00f6lgenin ihtiyac\u0131na g\u00f6re hizmetleri ger\u00e7ekle\u015ftirdiklerini s\u00f6yledi.<br \/>\nTarsus\u2019un her mahallesine e\u015fit hizmet verdiklerini ifade eden Ba\u015fkan Can, \u201c\u00dcretken belediyecilik anlay\u0131\u015f\u0131, ayn\u0131 zamanda b\u00fct\u00fcnc\u00fcl yakla\u015f\u0131m\u0131 ve birlikte y\u00f6netimi benimsemektir. Se\u00e7ildi\u011fimiz andan itibaren herkese e\u015fit yak\u0131nl\u0131kta durmay\u0131 hat\u0131rda tutmay\u0131, vazge\u00e7ilmez ilke edindik. Kap\u0131m\u0131z\u0131n ve g\u00f6nl\u00fcm\u00fcz\u00fcn 24 saat s\u00fcreyle sizlere a\u00e7\u0131k oldu\u011fu, sizlere daha iyi hizmet edebilme \u00e7abas\u0131yla \u00e7al\u0131\u015fman\u0131n hakl\u0131 gururunu ya\u015f\u0131yoruz. Belediyelerimiz her daim \u00e7al\u0131\u015f\u0131yor, \u015fehrimiz g\u00fczelle\u015fiyor. Biz b\u00fcy\u00fck bir aileyiz. Y\u00f6n verdi\u011fimiz kaynaklar\u0131n emanet\u00e7isi oldu\u011fumuzu, bu kaynaklar\u0131n as\u0131l sahibinin sizler oldu\u011funu hi\u00e7 unutmuyoruz\u201d dedi.<br \/>\nRamazan ay\u0131 arifesinde hay\u0131rl\u0131 bir hizmet ger\u00e7ekle\u015ftirdiklerini alt\u0131n\u0131 \u00e7izen Ba\u015fkan Can, \u015f\u00f6yle devam etti:<br \/>\n\u201cAk\u015femsettin Mahallesi camisinin bir \u00f6yk\u00fcs\u00fc var. Belediye meclis \u00fcyemiz Mehmet Sab\u0131rl\u0131, \u015fu anki cami yerinin arkas\u0131nda bulunan cami alan\u0131n\u0131n yakla\u015f\u0131k 70 hissedar\u0131n\u0131n 50 tanesine ula\u015ft\u0131. Sa\u011f olsun bunu da cebinden para harcayarak yapt\u0131. \u0130l\u00e7e M\u00fcft\u00fcm\u00fczde ger\u00e7ekten b\u00fcy\u00fck bir destek verdi. Mahallemiz baraja kadar uzanan bir alana sahip. B\u00fcy\u00fck ve b\u00fcy\u00fcyen bir mahallemiz. \u00dc\u00e7\u00fcnc\u00fc cami ihtiyac\u0131 ve iste\u011fi vard\u0131. Eme\u011fi ge\u00e7en herkese \u015f\u00fckranlar\u0131m\u0131 sunuyorum. Cenab-\u0131 Allah hepsinden raz\u0131 olsun. \u0130n\u015fallah bu camimiz 2018 Eyl\u00fcl ay\u0131nda bitecek. Bodrumunda 1500 m2 alana sahip taziye evi var. \u00c7ifte minareli ve yakla\u015f\u0131k 1000 ki\u015finin namaz k\u0131labilece\u011fi yer olacak in\u015fallah. Bu cami in\u015faat\u0131m\u0131z 5\u2019nci cami in\u015faat\u0131m\u0131z oluyor. \u015eu anda Barbaros, Kemalpa\u015fa, Ergenekon Mahallemizde, yeni adliye yan\u0131 yani Tozkoparan Zahit Mahallemizde olmak \u00fczere 5 camii in\u015faat\u0131na ba\u015flad\u0131k. \u0130n\u015fallah 6\u2019nc\u0131 cami in\u015faat\u0131m\u0131z\u0131n da ihale tarihi ald\u0131k. 6\u2019nc\u0131 camimizi Ba\u011flar mahallemizde, 7 Haziran\u2019da ihalesini ger\u00e7ekle\u015ftirip, Temmuz ay\u0131 i\u00e7erisinde de temelini ataca\u011f\u0131z. 8\u2019nci cami in\u015faat\u0131m\u0131z An\u0131t Mahallesinde Turgut \u0130\u00e7g\u00f6ren ilk\u00f6\u011fretim ilkokulu arkas\u0131nda kamula\u015ft\u0131rmak i\u00e7in ad\u0131n\u0131 koyduk. Resmiyete ba\u015flad\u0131k. Oraya 4 milyon 200 bin TL. belediye b\u00fct\u00e7emizden para aktararak hem cami hem de pazar yeri yapaca\u011f\u0131z in\u015fallah. 9\u2019uncu cami in\u015faat\u0131m\u0131z\u0131 da b\u00fcy\u00fcyen Barbaros Mahallemizde ger\u00e7ekle\u015ftirece\u011fiz.\u201d<br \/>\nMersin Milletvekili Baki \u015eim\u015fek ise Tarsus Belediyesi&#8217;nin her hafta bir hizmeti vatanda\u015flar\u0131n hizmetine sundu\u011funu belirterek,<br \/>\n\u201cHer Cuma memleketime geliyorum. Ma\u015fallah hemen hemen her geldi\u011fimde bo\u015f ge\u00e7ilmiyor. Ramazan ay\u0131n\u0131n ba\u015flang\u0131c\u0131 ve hay\u0131rl\u0131 bir hizmetin ba\u015flang\u0131c\u0131 yap\u0131l\u0131yor. Tabi baz\u0131lar\u0131 ele\u015ftiriyor cami yap\u0131yorsunuz, taziye evi yap\u0131yorsunuz diyorlar. Camide yap\u0131yoruz, cem evi de yap\u0131yoruz, taziye evi de yap\u0131yoruz. Y\u00fczde 99\u2019u M\u00fcsl\u00fcman olan bir \u00fclkede hi\u00e7 kimsenin bundan rahats\u0131z olmamas\u0131 gerekiyor. Bug\u00fcn belediyemiz Tarsus\u2019un her bir mahallesine e\u015fit olarak hizmet g\u00f6t\u00fcr\u00fcyor. \u0130nsanlar\u0131m\u0131z\u0131n neye ihtiyac\u0131 varsa bunu yap\u0131yor. Ben belediye ba\u015fkan\u0131m\u0131za te\u015fekk\u00fcr ediyorum. Allah\u2019\u0131m bizleri ezans\u0131z, bayraks\u0131z, vatans\u0131z b\u0131rakma diyorum\u201d diye konu\u015ftu.<br \/>\nKonu\u015fmalar\u0131n ard\u0131ndan M\u00fcft\u00fc Hayri Erenay\u2019\u0131n yapt\u0131\u011f\u0131 dua ve kesile kurban ile caminin temeli at\u0131ld\u0131.<\/p>\n","protected":false},"excerpt":{"rendered":"<p>Mersin\u2019in Tarsus il\u00e7esinde belediye 11 ay\u0131n sultan\u0131 ramazan arifesinde Ak\u015femsettin Mahallesi\u2019nde yapt\u0131raca\u011f\u0131 caminin temelini t\u00f6renle att\u0131. Program \u0130lahi sanat\u00e7\u0131s\u0131 Hasan \u00d6nal\u2019\u0131n verdi\u011fi mini konser ile ba\u015flad\u0131. A\u00e7\u0131l\u0131\u015f konu\u015fmas\u0131n\u0131 yapan Mahalle &hellip; <a href=\"https:\/\/akdenizolaygazetesi.com\/?p=1334\" class=\"more-link\">Devam\u0131n\u0131 Oku&#8230;<\/a><\/p>\n","protected":false},"author":1,"featured_media":0,"comment_status":"open","ping_status":"open","sticky":false,"template":"","format":"standard","meta":[],"categories":[],"tags":[],"_links":{"self":[{"href":"https:\/\/akdenizolaygazetesi.com\/index.php?rest_route=\/wp\/v2\/posts\/1334"}],"collection":[{"href":"https:\/\/akdenizolaygazetesi.com\/index.php?rest_route=\/wp\/v2\/posts"}],"about":[{"href":"https:\/\/akdenizolaygazetesi.com\/index.php?rest_route=\/wp\/v2\/types\/post"}],"author":[{"embeddable":true,"href":"https:\/\/akdenizolaygazetesi.com\/index.php?rest_route=\/wp\/v2\/users\/1"}],"replies":[{"embeddable":true,"href":"https:\/\/akdenizolaygazetesi.com\/index.php?rest_route=%2Fwp%2Fv2%2Fcomments&post=1334"}],"version-history":[{"count":0,"href":"https:\/\/akdenizolaygazetesi.com\/index.php?rest_route=\/wp\/v2\/posts\/1334\/revisions"}],"wp:attachment":[{"href":"https:\/\/akdenizolaygazetesi.com\/index.php?rest_route=%2Fwp%2Fv2%2Fmedia&parent=1334"}],"wp:term":[{"taxonomy":"category","embeddable":true,"href":"https:\/\/akdenizolaygazetesi.com\/index.php?rest_route=%2Fwp%2Fv2%2Fcategories&post=1334"},{"taxonomy":"post_tag","embeddable":true,"href":"https:\/\/akdenizolaygazetesi.com\/index.php?rest_route=%2Fwp%2Fv2%2Ftags&post=1334"}],"curies":[{"name":"wp","href":"https:\/\/api.w.org\/{rel}","templated":true}]}}