{"id":13345,"date":"2021-07-16T12:39:10","date_gmt":"2021-07-16T09:39:10","guid":{"rendered":"http:\/\/akdenizolaygazetesi.com\/?p=13345"},"modified":"2021-07-16T12:39:10","modified_gmt":"2021-07-16T09:39:10","slug":"buyuksehirden-yogun-kurban-bayrami-mesaisi","status":"publish","type":"post","link":"https:\/\/akdenizolaygazetesi.com\/?p=13345","title":{"rendered":"B\u00dcY\u00dcK\u015eEH\u0130R\u2019DEN YO\u011eUN KURBAN BAYRAMI MESA\u0130S\u0130"},"content":{"rendered":"<p>B\u00fcy\u00fck\u015fehir Belediyesi, Kurban Bayram\u0131 \u00f6ncesi hizmetlerini s\u0131kla\u015ft\u0131rarak Mersin\u2019i bayrama haz\u0131r hale getirdi. Kurban Bayram\u0131\u2019nda da Mersinli vatanda\u015flar\u0131n rahat ve huzurlu olabilmesi i\u00e7in t\u00fcm birimleri ve ekipleri ile g\u00f6rev yapacak olan B\u00fcy\u00fck\u015fehir Belediyesi, \u00fccretsiz ula\u015f\u0131m hizmetinden kurban kesim noktalar\u0131, mezarl\u0131klar, ibadethaneler ve kurban sat\u0131\u015f noktalar\u0131n\u0131n ila\u00e7lanmas\u0131 ve dezenfekte edilmesine kadar bir\u00e7ok alanda hizmetlerini s\u00fcrd\u00fcrecek.<\/p>\n<p>23 mobil kesim \u00fcnitesi ve 8 mezbaha vatanda\u015flar\u0131n hizmetinde<\/p>\n<p>B\u00fcy\u00fck\u015fehir, bayram \u00f6ncesi y\u00fcr\u00fctt\u00fc\u011f\u00fc titiz \u00e7al\u0131\u015fmayla modern mezbahalar\u0131 ve mobil kesim \u00fcnitelerini vatanda\u015flar\u0131n kullan\u0131m\u0131 i\u00e7in haz\u0131rlad\u0131. Tar\u0131msal ve Veteriner Hizmetleri Dairesi ekipleri, kesim yerlerinin bak\u0131m ve dezenfeksiyon \u00e7al\u0131\u015fmalar\u0131n\u0131 ger\u00e7ekle\u015ftirdi. B\u00fcy\u00fck\u015fehir, Yakak\u00f6y, Tarsus, \u00c7aml\u0131yayla, Erdemli, Mut, G\u00fclnar, Silifke ve yer alan 8 mezbahaya ek olarak Mersin merkezde 7, Tarsus\u2019ta 5, Erdemli\u2019de 4, Silifke\u2019de 2, Mut, Ayd\u0131nc\u0131k, Bozyaz\u0131, G\u00fclnar ve \u00c7aml\u0131yayla\u2019da 1\u2019er adet olmak \u00fczere toplam 23 mobil kesim \u00fcnitesi ile bayramda hizmet verecek.<\/p>\n<p>Kesimler 250 sertifikal\u0131 kasap taraf\u0131ndan yap\u0131lacak<\/p>\n<p>Mobil kesim \u00fcniteleri bayram\u0131n 1. g\u00fcn\u00fc, mezbahalar ise Kurban Bayram\u0131 boyunca faaliyette olacak. Mobil kesim \u00fcnitelerindeki kesimler 07:00-18:00 saatleri aras\u0131nda yap\u0131lacak. Kesimler, 250 sertifikal\u0131 kasap, 110 yard\u0131mc\u0131 personel ve her kesimhanede g\u00f6revli bir veteriner hekim ile veteriner sa\u011fl\u0131k teknikerleri g\u00f6zetmenli\u011finde yap\u0131lacak.<\/p>\n<p>Mobil kesimhaneler \u00c7aml\u0131yayla\u2019da Sebil, Tarsus\u2019ta G\u00fclek, Yenice, Turkuaz, Ba\u011flar ve 82 Evler, Akdeniz\u2019de 3 Ocak Mahallesi, Mezitli\u2019de Menderes Mahallesi, Yeni\u015fehir\u2019de Macit \u00d6zcan Spor Kompleksi Kar\u015f\u0131s\u0131, Toroslar\u2019da Korukent, Arslank\u00f6y, G\u00f6zne ve Ayvagedi\u011fi, Erdemli\u2019de Otopark Kar\u015f\u0131s\u0131, Karg\u0131p\u0131nar\u0131, Arslanl\u0131 ve Sar\u0131kaya, Silifke\u2019de Kapal\u0131 Pazar Yeri ve G\u00f6kbelen, Mut\u2019ta Sertavul, G\u00fclnar\u2019da Kesimhane Yan\u0131 ile Ayd\u0131nc\u0131k ve Bozyaz\u0131\u2019da merkezde yer al\u0131yor.<\/p>\n<p>Bayramda ula\u015f\u0131m Mersinliler i\u00e7in \u00fccretsiz olacak<\/p>\n<p>Ula\u015f\u0131m Dairesi Ba\u015fkanl\u0131\u011f\u0131, vatanda\u015flar\u0131n Kurban Bayram\u0131\u2019nda ula\u015f\u0131mlar\u0131n\u0131 huzurlu, rahat ve sorunsuz bir \u015fekilde ge\u00e7irebilmesi i\u00e7in seferlerini aral\u0131ks\u0131z s\u00fcrd\u00fcrecek. Kurban Bayram\u0131\u2019n\u0131n 1. g\u00fcn\u00fcnden itibaren bayram s\u00fcresi boyunca vatanda\u015flar toplu ta\u015f\u0131ma ara\u00e7lar\u0131n\u0131 \u00fccretsiz kullanabilecek.<\/p>\n<p>Yakak\u00f6y Mezbahas\u0131 ve mezarl\u0131klar i\u00e7in de \u00fccretsiz servis<\/p>\n<p>B\u00fcy\u00fck\u015fehir\u2019in \u00fccretsiz ula\u015f\u0131m hizmeti Yakak\u00f6y Mezbahas\u0131 i\u00e7in de ge\u00e7erli olacak. Yakak\u00f6y mezbahas\u0131nda kurban kesmek isteyen vatanda\u015flar\u0131n ula\u015f\u0131m s\u0131k\u0131nt\u0131s\u0131 \u00e7ekmemesi i\u00e7in olu\u015fturulan \u00fccretsiz servisler, bayram boyunca Ta\u015f Bina \u00f6n\u00fcnden 07.00-15.00 saatleri aras\u0131, Yakak\u00f6y\u2019den de 08.00-16.00 saatleri aras\u0131nda iki saatte bir kalkacak.<\/p>\n<p>Akbelen ve G\u00fcneykent Mezarl\u0131klar\u0131n\u0131 ziyaret etmek isteyen vatanda\u015flar da 19, 20 ve 21 Temmuz\u2019da \u00fccretsiz ring seferlerinden faydalanabilecek. Makine \u0130kmal\u2019den kalkacak olan mezarl\u0131k ring servisi Toros Devlet Hastanesi, \u0130stasyon, Ta\u015f Bina, \u0130stiklal Caddesi, \u00c7ankaya, Akbelen Bulvar\u0131 istikameti \u00fczerinden Akbelen Mezarl\u0131\u011f\u0131\u2019na, ard\u0131ndan da G\u00fcneykent Mezarl\u0131\u011f\u0131\u2019na gidecek. Ring seferleri, Makine \u0130kmal\u2019den 08.00-16.00 saatleri aras\u0131nda her saat ba\u015f\u0131, G\u00fcneykent Mezarl\u0131\u011f\u0131\u2019ndan da 08.00-17.00 saatleri aras\u0131nda her saat ba\u015f\u0131 yap\u0131lacak.<\/p>\n<p>\u0130tfaiye ekiplerinin mesaisi devam edecek<\/p>\n<p>\u0130tfaiye Dairesi Ba\u015fkanl\u0131\u011f\u0131, Kurban Bayram\u0131 s\u00fcresince olu\u015fabilecek trafik kazalar\u0131, arama-kurtarma operasyonlar\u0131 ve yang\u0131n gibi afetlere kar\u015f\u0131 7\/24 g\u00f6rev ba\u015f\u0131nda olacak. Her t\u00fcrl\u00fc acil duruma kar\u015f\u0131 gerekli e\u011fitim ve donan\u0131ma sahip olan itfaiye ekipleri, bayram boyunca ya\u015fanan t\u00fcm sorunlara cevap verecek. Zab\u0131ta Dairesi Ba\u015fkanl\u0131\u011f\u0131na ba\u011fl\u0131 ekipler de g\u00f6rev ba\u015f\u0131nda olacak ve Kurban Bayram\u0131 boyunca rutin denetimlerini s\u00fcrd\u00fcrecek. Yol Yap\u0131m Bak\u0131m ve Onar\u0131m Dairesi Ba\u015fkanl\u0131\u011f\u0131 ekipleri ise ihtiya\u00e7 dahilinde kentin farkl\u0131 noktalar\u0131nda \u00e7al\u0131\u015fmalar\u0131n\u0131 s\u00fcrd\u00fcrecek.<\/p>\n<p>\u0130badethaneler bayram i\u00e7in haz\u0131r<\/p>\n<p>Mezarl\u0131klar Dairesi Ba\u015fkanl\u0131\u011f\u0131, vatanda\u015flar\u0131n sa\u011fl\u0131kl\u0131 ve hijyenik ortamlarda ibadetlerini yapabilmeleri i\u00e7in Mersin genelindeki camii, cemevi, kilise, t\u00fcrbeler, resmi kurumlar\u0131n mescitleri gibi ibadethanelerin rutin temizlikleri bayram \u00f6ncesi s\u0131kla\u015ft\u0131rd\u0131. Vatanda\u015flar\u0131n ibadetlerini g\u00f6n\u00fcl rahatl\u0131\u011f\u0131yla hijyenik bir \u015fekilde ger\u00e7ekle\u015ftirmesi i\u00e7in \u00e7al\u0131\u015fan B\u00fcy\u00fck\u015fehir Belediyesi, kutsal alanlar\u0131n temizli\u011fini de titizlikle s\u00fcrd\u00fcr\u00fcyor.<\/p>\n<p>Mezarl\u0131klar, ziyaretler i\u00e7in tertemiz yap\u0131l\u0131yor<\/p>\n<p>Mersin merkez ve il\u00e7elerde bulunan mezarl\u0131klarda Kurban Bayram\u0131 haz\u0131rl\u0131klar\u0131n\u0131 s\u00fcrd\u00fcren B\u00fcy\u00fck\u015fehir Belediyesi ekipleri, vatanda\u015flar\u0131n mezarl\u0131k ziyaretlerini Kurban Bayram\u0131\u2019na yak\u0131\u015f\u0131r \u015fekilde yapabilmelerini sa\u011flamak amac\u0131yla \u00e7al\u0131\u015fmalar\u0131n\u0131 bu noktada da yo\u011funla\u015ft\u0131rd\u0131. Mersin merkez ve il\u00e7e mezarl\u0131klar\u0131ndaki t\u00fcm temizlik i\u015flemlerini s\u00fcrd\u00fcren ekipler, daha estetik ve temiz bir g\u00f6r\u00fcn\u00fcm i\u00e7in gece g\u00fcnd\u00fcz \u00e7al\u0131\u015f\u0131yor.<\/p>\n<p>Temizlik ve ila\u00e7lama ekipleri tertemiz bir Mersin i\u00e7in \u00e7al\u0131\u015f\u0131yor<\/p>\n<p>\u00c7evre Koruma ve Kontrol Dairesi\u2019ne ba\u011fl\u0131 ekipler de bayram \u00f6ncesi yo\u011fun mesai yapan birimler aras\u0131nda yer al\u0131yor. Bayramda olu\u015fabilecek \u00e7evre ve g\u00f6r\u00fcnt\u00fc kirliliklerinin \u00f6n\u00fcne ge\u00e7meyi ama\u00e7layan ekipler gerekli t\u00fcm tedbirleri alacak. Kentin farkl\u0131 noktalar\u0131nda e\u015f zamanl\u0131 olarak temizli\u011fine devam eden ekipler, ayn\u0131 zamanda mobil kesim \u00fcniteleri, mezbahalar, kurbanl\u0131k sat\u0131\u015f yerleri, \u00e7\u00f6p konteynerlerinin temizlik, ha\u015fere ila\u00e7lama ve dezenfeksiyonlar\u0131n\u0131 ger\u00e7ekle\u015ftirecek. Ekipler b\u00f6ylece \u00e7evrede olu\u015fabilecek g\u00f6r\u00fcnt\u00fc ve koku kirlili\u011finin \u00f6n\u00fcne ge\u00e7mi\u015f olacak.<\/p>\n<p>Park ve Bah\u00e7eler Dairesi de mesaide<\/p>\n<p>Kentin peyzaj\u0131 ve ye\u015fil alanlar\u0131ndan sorumlu Park ve Bah\u00e7eler ekipleri de sorumlu olduklar\u0131 alanlarda \u00e7im bi\u00e7me, temizlik, bak\u0131m, tesviye ve budama \u00e7al\u0131\u015fmalar\u0131n\u0131 rutin bir \u015fekilde s\u00fcrd\u00fcrecek.<\/p>\n","protected":false},"excerpt":{"rendered":"<p>B\u00fcy\u00fck\u015fehir Belediyesi, Kurban Bayram\u0131 \u00f6ncesi hizmetlerini s\u0131kla\u015ft\u0131rarak Mersin\u2019i bayrama haz\u0131r hale getirdi. Kurban Bayram\u0131\u2019nda da Mersinli vatanda\u015flar\u0131n rahat ve huzurlu olabilmesi i\u00e7in t\u00fcm birimleri ve ekipleri ile g\u00f6rev yapacak olan &hellip; <a href=\"https:\/\/akdenizolaygazetesi.com\/?p=13345\" class=\"more-link\">Devam\u0131n\u0131 Oku&#8230;<\/a><\/p>\n","protected":false},"author":2,"featured_media":13346,"comment_status":"open","ping_status":"open","sticky":false,"template":"","format":"standard","meta":[],"categories":[34,2,3],"tags":[],"_links":{"self":[{"href":"https:\/\/akdenizolaygazetesi.com\/index.php?rest_route=\/wp\/v2\/posts\/13345"}],"collection":[{"href":"https:\/\/akdenizolaygazetesi.com\/index.php?rest_route=\/wp\/v2\/posts"}],"about":[{"href":"https:\/\/akdenizolaygazetesi.com\/index.php?rest_route=\/wp\/v2\/types\/post"}],"author":[{"embeddable":true,"href":"https:\/\/akdenizolaygazetesi.com\/index.php?rest_route=\/wp\/v2\/users\/2"}],"replies":[{"embeddable":true,"href":"https:\/\/akdenizolaygazetesi.com\/index.php?rest_route=%2Fwp%2Fv2%2Fcomments&post=13345"}],"version-history":[{"count":1,"href":"https:\/\/akdenizolaygazetesi.com\/index.php?rest_route=\/wp\/v2\/posts\/13345\/revisions"}],"predecessor-version":[{"id":13347,"href":"https:\/\/akdenizolaygazetesi.com\/index.php?rest_route=\/wp\/v2\/posts\/13345\/revisions\/13347"}],"wp:featuredmedia":[{"embeddable":true,"href":"https:\/\/akdenizolaygazetesi.com\/index.php?rest_route=\/wp\/v2\/media\/13346"}],"wp:attachment":[{"href":"https:\/\/akdenizolaygazetesi.com\/index.php?rest_route=%2Fwp%2Fv2%2Fmedia&parent=13345"}],"wp:term":[{"taxonomy":"category","embeddable":true,"href":"https:\/\/akdenizolaygazetesi.com\/index.php?rest_route=%2Fwp%2Fv2%2Fcategories&post=13345"},{"taxonomy":"post_tag","embeddable":true,"href":"https:\/\/akdenizolaygazetesi.com\/index.php?rest_route=%2Fwp%2Fv2%2Ftags&post=13345"}],"curies":[{"name":"wp","href":"https:\/\/api.w.org\/{rel}","templated":true}]}}