{"id":1335,"date":"2020-11-04T18:21:54","date_gmt":"2020-11-04T15:21:54","guid":{"rendered":"http:\/\/mersinekonomipolitikagazetesi.com\/?p=1335"},"modified":"2020-11-04T18:21:54","modified_gmt":"2020-11-04T15:21:54","slug":"mezitli-belediyesi-ortu-alti-uzum-festivali-duzenledi","status":"publish","type":"post","link":"https:\/\/akdenizolaygazetesi.com\/?p=1335","title":{"rendered":"Mezitli Belediyesi, \u00d6rt\u00fc Alt\u0131 \u00dcz\u00fcm Festivali d\u00fczenledi"},"content":{"rendered":"<p>Mersin\u2019in merkez il\u00e7e Mezitli Belediyesi, yeni bir festivale daha imza atarak, \u00d6rt\u00fc Alt\u0131 \u00dcz\u00fcm Festivali d\u00fczenledi. Festivalde y\u0131l\u0131n en iyi \u00fcz\u00fcm\u00fcn\u00fc yeti\u015ftiren \u00fc\u00e7 \u00fcretici alt\u0131nla \u00f6d\u00fcllendirildi.<\/p>\n<p>Eski Mezitli Mahallesi\u2019nde bu y\u0131l ilki d\u00fczenlenen ve \u00fcreticilerin birbirinden lezzetli \u00fcr\u00fcnlerini yar\u0131\u015ft\u0131rd\u0131\u011f\u0131 festivalde, tar\u0131msal sorunlara dikkat \u00e7ekildi. Festivale, Mezitli Kaymakam\u0131 Emin Sait Karahalilo\u011flu ve Mezitli Belediye Ba\u015fkan\u0131 Ne\u015fet Tarhan\u2019\u0131n yan\u0131 s\u0131ra Mersin Ziraat M\u00fchendisleri Odas\u0131 Ba\u015fkan\u0131 Mustafa Kemal Karao\u011flu, Mezitli \u0130l\u00e7e G\u0131da, Tar\u0131m ve Hayvanc\u0131l\u0131k M\u00fcd\u00fcr\u00fc Kerim K\u00f6ken, meclis \u00fcyeleri, muhtarlar ve vatanda\u015flar kat\u0131ld\u0131.<br \/>\nY\u0131l\u0131n en iyi \u00fcz\u00fcm\u00fcn\u00fcn se\u00e7ildi\u011fi festivalde, derece alan \u00fcreticilere Mezitli Belediyesi taraf\u0131ndan tam, yar\u0131m ve \u00e7eyrek alt\u0131n \u00f6d\u00fclleri verildi. Festivale katk\u0131 sunanlara te\u015fekk\u00fcr plaketinin verildi\u011fi etkinlikte, mehter tak\u0131m\u0131n\u0131n yan\u0131 s\u0131ra yerel sanat\u00e7\u0131lar Dilara ve Burhan Ate\u015f de konser verdi. Festivale kat\u0131lanlar, b\u00f6lgede yeti\u015fen \u00fcz\u00fcm, kays\u0131, \u015feftali gibi meyvelerin tad\u0131na bakma \u015fans\u0131 yakalad\u0131lar.<br \/>\n\u00dcreticilerin sorunlar\u0131 hakk\u0131nda k\u0131sa bir konu\u015fma yapan Eski Mezitli Mahallesi Muhtar\u0131 Veysel G\u0131l\u0131\u00e7o\u011flu, \u00fcretilen \u00fcr\u00fcnlerin 10 y\u0131l \u00f6ncesiyle ayn\u0131 olmas\u0131na kar\u015f\u0131n ba\u015fta ila\u00e7 ve g\u00fcbre olmak \u00fczere t\u00fcm maliyetin kat kat artt\u0131\u011f\u0131n\u0131 s\u00f6yledi.<br \/>\n\u201cSorunun \u00e7\u00f6z\u00fcm\u00fc kooperatifle\u015fmeden ge\u00e7iyor\u201d<br \/>\nBa\u015fkan Tarhan ise her alanda oldu\u011fu gibi tar\u0131msal alanda da b\u00fcy\u00fck hizmetler \u00fcrettiklerini ifade ederek, ya\u015fanan sorunlar\u0131 a\u015fman\u0131n ancak \u00f6rg\u00fctlenme ve kooperatifle\u015fme ile \u00e7\u00f6z\u00fclebilece\u011fini belirtti. Uygulanan tar\u0131m politikalar\u0131n\u0131n \u00e7ift\u00e7iyi kaosa do\u011fru s\u00fcr\u00fckledi\u011fini \u00f6ne s\u00fcren Tarhan, \u201cMesle\u011fimin de ziraat m\u00fchendisli\u011fi olmas\u0131ndan dolay\u0131 \u00e7ift\u00e7inin sorunlar\u0131n\u0131 \u00e7ok iyi biliyorum. Bu konuda \u00e7ok \u00f6nemli ara\u015ft\u0131rmalar yapt\u0131m. Sorunun \u00e7\u00f6z\u00fcm\u00fc kooperatifle\u015fmeden ge\u00e7iyor. Biz de gerek T\u00fcrkiye\u2019ye mal olmu\u015f Kad\u0131n \u00dcretici Pazar\u0131m\u0131zda gerekse \u00e7ift\u00e7ilerimize bu konuda telkinlerde bulunuyor, bu y\u00f6ndeki \u00e7al\u0131\u015fmalar\u0131n\u0131 destekliyoruz\u201d dedi.<br \/>\nFestivalin ilk kez d\u00fczenlenmesine kar\u015f\u0131n b\u00fcy\u00fck bir ba\u015far\u0131 sa\u011flad\u0131\u011f\u0131na dile getiren Tarhan, \u201c\u00d6nceki y\u0131llarda planlamam\u0131za kar\u015f\u0131n ya\u015fanan ter\u00f6r olaylar\u0131 nedeniyle ger\u00e7ekle\u015ftirememi\u015ftik. Buradaki co\u015fku ve sahiplenme g\u00f6steriyor ki, gelecek y\u0131llarda bu festivalimiz daha da b\u00fcy\u00fcyecek. Katk\u0131 veren herkese \u00e7ok te\u015fekk\u00fcr ediyorum\u201d diye konu\u015ftu.<br \/>\nKaymakam Karahalilo\u011flu da T\u00fcrk halk\u0131n\u0131n tar\u0131m alt yap\u0131s\u0131ndan geldi\u011fini belirterek, \u201c\u00dcz\u00fcm \u00fczerine bir festival d\u00fczenlenece\u011fini duyunca \u00e7ok memnun oldum. \u00dcreticinin her zaman yan\u0131nda olmak istiyorum. \u00c7\u00fcnk\u00fc bu \u00e7ok zor bir sekt\u00f6r ve bu insanlar topraktan \u00fcreterek de\u011fer kazand\u0131rmaya \u00e7al\u0131\u015f\u0131yorlar\u201d ifadelerini kulland\u0131.<\/p>\n","protected":false},"excerpt":{"rendered":"<p>Mersin\u2019in merkez il\u00e7e Mezitli Belediyesi, yeni bir festivale daha imza atarak, \u00d6rt\u00fc Alt\u0131 \u00dcz\u00fcm Festivali d\u00fczenledi. Festivalde y\u0131l\u0131n en iyi \u00fcz\u00fcm\u00fcn\u00fc yeti\u015ftiren \u00fc\u00e7 \u00fcretici alt\u0131nla \u00f6d\u00fcllendirildi. Eski Mezitli Mahallesi\u2019nde bu &hellip; <a href=\"https:\/\/akdenizolaygazetesi.com\/?p=1335\" class=\"more-link\">Devam\u0131n\u0131 Oku&#8230;<\/a><\/p>\n","protected":false},"author":1,"featured_media":0,"comment_status":"open","ping_status":"open","sticky":false,"template":"","format":"standard","meta":[],"categories":[],"tags":[],"_links":{"self":[{"href":"https:\/\/akdenizolaygazetesi.com\/index.php?rest_route=\/wp\/v2\/posts\/1335"}],"collection":[{"href":"https:\/\/akdenizolaygazetesi.com\/index.php?rest_route=\/wp\/v2\/posts"}],"about":[{"href":"https:\/\/akdenizolaygazetesi.com\/index.php?rest_route=\/wp\/v2\/types\/post"}],"author":[{"embeddable":true,"href":"https:\/\/akdenizolaygazetesi.com\/index.php?rest_route=\/wp\/v2\/users\/1"}],"replies":[{"embeddable":true,"href":"https:\/\/akdenizolaygazetesi.com\/index.php?rest_route=%2Fwp%2Fv2%2Fcomments&post=1335"}],"version-history":[{"count":0,"href":"https:\/\/akdenizolaygazetesi.com\/index.php?rest_route=\/wp\/v2\/posts\/1335\/revisions"}],"wp:attachment":[{"href":"https:\/\/akdenizolaygazetesi.com\/index.php?rest_route=%2Fwp%2Fv2%2Fmedia&parent=1335"}],"wp:term":[{"taxonomy":"category","embeddable":true,"href":"https:\/\/akdenizolaygazetesi.com\/index.php?rest_route=%2Fwp%2Fv2%2Fcategories&post=1335"},{"taxonomy":"post_tag","embeddable":true,"href":"https:\/\/akdenizolaygazetesi.com\/index.php?rest_route=%2Fwp%2Fv2%2Ftags&post=1335"}],"curies":[{"name":"wp","href":"https:\/\/api.w.org\/{rel}","templated":true}]}}