{"id":13351,"date":"2021-07-16T12:42:59","date_gmt":"2021-07-16T09:42:59","guid":{"rendered":"http:\/\/akdenizolaygazetesi.com\/?p=13351"},"modified":"2021-07-16T12:43:20","modified_gmt":"2021-07-16T09:43:20","slug":"baskan-yilmaz-start-verdi","status":"publish","type":"post","link":"https:\/\/akdenizolaygazetesi.com\/?p=13351","title":{"rendered":"Ba\u015fkan Y\u0131lmaz Start Verdi"},"content":{"rendered":"<p>Toroslar Belediyesi&#8217;nin, 15 Temmuz Demokrasi ve Milli Birlik G\u00fcn\u00fc dolay\u0131s\u0131yla d\u00fczenledi\u011fi bisiklet yar\u0131\u015flar\u0131, 16 kategoride 145 sporcunun kat\u0131l\u0131m\u0131yla ger\u00e7ekle\u015ftirildi.<\/p>\n<p>Lisansl\u0131 sporculara ve halka a\u00e7\u0131k olan yar\u0131\u015flar, Halkkent Mahallesi&#8217;nde bulunan 1000 Ki\u015filik Spor Salonu ve Bocce Tesisi \u00f6n\u00fcndeki parkur al\u0131ndan ba\u015flad\u0131.<\/p>\n<p>Ba\u015fkan Y\u0131lmaz Start Verdi<\/p>\n<p>15 Temmuz \u015eehitleri an\u0131s\u0131na yap\u0131lan ve parkur uzunlu\u011funun kategorilere g\u00f6re belirlendi\u011fi yar\u0131\u015flar\u0131n start\u0131n\u0131 Toroslar Belediye Ba\u015fkan\u0131 Ats\u0131z Af\u015f\u0131n Y\u0131lmaz verdi.<\/p>\n<p>Ba\u015fkan Y\u0131lmaz, sporculara tek tek ba\u015far\u0131lar dileyerek; &#8220;Sporun merkezi Toroslar&#8217;da hedefimiz, daha sa\u011fl\u0131kl\u0131 ve vizyon sahibi bir nesil yeti\u015ftirmektir.  Hem\u015fehrilerimizi sportif faaliyetlerle bulu\u015fturmaya devam edece\u011fiz. 15 Temmuz \u015fehitleri an\u0131s\u0131na organize etti\u011fimiz bu yar\u0131\u015flara kat\u0131lan t\u00fcm sporcular\u0131m\u0131za te\u015fekk\u00fcr ederim&#8221; dedi.<\/p>\n<p>&#8220;Bisiklet Kullan\u0131m\u0131n\u0131 Yayg\u0131nla\u015ft\u0131raca\u011f\u0131z&#8221;<\/p>\n<p>Sa\u011fl\u0131kl\u0131 ve \u00e7evreci ula\u015f\u0131m \u015fekli olan bisiklet kullan\u0131m\u0131n\u0131 daha da yayg\u0131nla\u015ft\u0131rmak ad\u0131na bu t\u00fcr spor organizasyonlar\u0131na \u00f6nem verdiklerini ve bisiklet sporunda Mersin&#8217;den yeni \u015fampiyonlar\u0131n \u00e7\u0131kmas\u0131n\u0131 istediklerini belirten Ba\u015fkan Y\u0131lmaz; &#8220;15 Temmuz Demokrasi ve Milli Birlik G\u00fcn\u00fc dolay\u0131s\u0131yla d\u00fczenledi\u011fimiz yar\u0131\u015flar\u0131m\u0131z\u0131n yap\u0131ld\u0131\u011f\u0131 bu parkuru antrenman sahas\u0131 yapmay\u0131 ve di\u011fer sportif etkinliklerimizde, okullar aras\u0131 ve uluslararas\u0131 \u015fampiyonlarda da kullanmay\u0131 planl\u0131yoruz. Amac\u0131m\u0131z, bisiklet k\u00fclt\u00fcr\u00fcn\u00fc yayg\u0131nla\u015ft\u0131rmak&#8221; \u015feklinde konu\u015ftu.<\/p>\n<p>&#8220;Birincilik Derecesini 15 Temmuz \u015eehitlerine \u0130thaf Etti&#8221;<\/p>\n<p>Yar\u0131\u015flarda,Y\u0131ld\u0131z Erkekler kategorisinde birincili\u011fi elde eden lisansl\u0131 sporcu Arda Kaplan, Toroslar Belediye Ba\u015fkan\u0131 Ats\u0131z Af\u015f\u0131n Y\u0131lmaz&#8217;a bu organizasyonu d\u00fczenledi\u011fi i\u00e7in te\u015fekk\u00fcr ederek, devam\u0131n\u0131 diledi.  Kaplan; &#8220;Bisiklet yar\u0131\u015flar\u0131nda Y\u0131ld\u0131z Erkekler kategorisinde birinci oldum. Bu birincili\u011fimi 15 Temmuz \u015eehitlerine ithaf ediyorum&#8221; ifadelerini kulland\u0131.<\/p>\n<p>Yar\u0131\u015flar\u0131n ard\u0131ndan kategorilerinde dereceye giren sporculara \u00f6d\u00fclleri, d\u00fczenlenen bir t\u00f6renle takdim edildi.<\/p>\n","protected":false},"excerpt":{"rendered":"<p>Toroslar Belediyesi&#8217;nin, 15 Temmuz Demokrasi ve Milli Birlik G\u00fcn\u00fc dolay\u0131s\u0131yla d\u00fczenledi\u011fi bisiklet yar\u0131\u015flar\u0131, 16 kategoride 145 sporcunun kat\u0131l\u0131m\u0131yla ger\u00e7ekle\u015ftirildi. Lisansl\u0131 sporculara ve halka a\u00e7\u0131k olan yar\u0131\u015flar, Halkkent Mahallesi&#8217;nde bulunan 1000 &hellip; <a href=\"https:\/\/akdenizolaygazetesi.com\/?p=13351\" class=\"more-link\">Devam\u0131n\u0131 Oku&#8230;<\/a><\/p>\n","protected":false},"author":2,"featured_media":13352,"comment_status":"open","ping_status":"open","sticky":false,"template":"","format":"standard","meta":[],"categories":[3,10],"tags":[],"_links":{"self":[{"href":"https:\/\/akdenizolaygazetesi.com\/index.php?rest_route=\/wp\/v2\/posts\/13351"}],"collection":[{"href":"https:\/\/akdenizolaygazetesi.com\/index.php?rest_route=\/wp\/v2\/posts"}],"about":[{"href":"https:\/\/akdenizolaygazetesi.com\/index.php?rest_route=\/wp\/v2\/types\/post"}],"author":[{"embeddable":true,"href":"https:\/\/akdenizolaygazetesi.com\/index.php?rest_route=\/wp\/v2\/users\/2"}],"replies":[{"embeddable":true,"href":"https:\/\/akdenizolaygazetesi.com\/index.php?rest_route=%2Fwp%2Fv2%2Fcomments&post=13351"}],"version-history":[{"count":2,"href":"https:\/\/akdenizolaygazetesi.com\/index.php?rest_route=\/wp\/v2\/posts\/13351\/revisions"}],"predecessor-version":[{"id":13354,"href":"https:\/\/akdenizolaygazetesi.com\/index.php?rest_route=\/wp\/v2\/posts\/13351\/revisions\/13354"}],"wp:featuredmedia":[{"embeddable":true,"href":"https:\/\/akdenizolaygazetesi.com\/index.php?rest_route=\/wp\/v2\/media\/13352"}],"wp:attachment":[{"href":"https:\/\/akdenizolaygazetesi.com\/index.php?rest_route=%2Fwp%2Fv2%2Fmedia&parent=13351"}],"wp:term":[{"taxonomy":"category","embeddable":true,"href":"https:\/\/akdenizolaygazetesi.com\/index.php?rest_route=%2Fwp%2Fv2%2Fcategories&post=13351"},{"taxonomy":"post_tag","embeddable":true,"href":"https:\/\/akdenizolaygazetesi.com\/index.php?rest_route=%2Fwp%2Fv2%2Ftags&post=13351"}],"curies":[{"name":"wp","href":"https:\/\/api.w.org\/{rel}","templated":true}]}}