{"id":13356,"date":"2021-07-17T15:28:39","date_gmt":"2021-07-17T12:28:39","guid":{"rendered":"http:\/\/akdenizolaygazetesi.com\/?p=13356"},"modified":"2021-07-17T15:28:39","modified_gmt":"2021-07-17T12:28:39","slug":"baglarbasinda-yilin-ilk-siyah-incir-hasadi-basladi","status":"publish","type":"post","link":"https:\/\/akdenizolaygazetesi.com\/?p=13356","title":{"rendered":"BA\u011eLARBA\u015eI\u2019NDA YILIN \u2018\u0130LK S\u0130YAH \u0130NC\u0130R HASADI\u2019 BA\u015eLADI"},"content":{"rendered":"<p>T\u00fcrkiye\u2019de, siyah incir \u00fcretimi ve ihracat\u0131nda \u00f6nde gelen Akdeniz il\u00e7esine ba\u011fl\u0131 Ba\u011flarba\u015f\u0131 Mahallesinde, y\u0131l\u0131n ilk siyah incir hasad\u0131 ba\u015flad\u0131. Hasat bulu\u015fmas\u0131nda incir \u015feklinde pasta kesildi, konuklara ve bas\u0131n mensuplar\u0131na incir pestili, incir re\u00e7eli ve siyah incirden \u00fcretilen dondurma ikram edildi.<br \/>\nAkdeniz \u0130l\u00e7e Tar\u0131m M\u00fcd\u00fcrl\u00fc\u011f\u00fc taraf\u0131ndan Ba\u011flarba\u015f\u0131 Mahallesi\u2019nde ger\u00e7ekle\u015fen \u2018Siyah \u0130ncir Hasad\u0131\u2019na; Akdeniz Belediye Ba\u015fkan\u0131 M. Mustafa G\u00fcltak\u2019\u0131n yan\u0131 s\u0131ra, Akdeniz \u0130l\u00e7e Kaymakam\u0131 Muhittin Pamuk, Akdeniz \u0130l\u00e7e Tar\u0131m ve Orman M\u00fcd\u00fcr\u00fc Mehmet Din\u00e7er G\u00f6\u00e7men, belediye ba\u015fkan yard\u0131mc\u0131lar\u0131 ve meclis \u00fcyeleri, Ba\u011flarba\u015f\u0131 Mahalle Muhtar\u0131 Alikutsal Mete, Mersin Muhtarlar Dernek Ba\u015fkan\u0131-Kiremithane Mahalle Muhtar\u0131 Ali G\u00fclgen, Akdeniz\u2019e ba\u011fl\u0131 muhtarlar, \u00fcreticiler ve Ba\u011flarba\u015f\u0131 sakinleri kat\u0131ld\u0131.<br \/>\nG\u00fcltak; \u201cBa\u011flarba\u015f\u0131 incirini t\u00fcm T\u00fcrkiye\u2019ye tan\u0131taca\u011f\u0131z\u201d<br \/>\nEtkinlikte konu\u015fan Ba\u015fkan G\u00fcltak, b\u00f6lgede yeti\u015fen siyah incirin kaliteli oldu\u011funun alt\u0131n\u0131 \u00e7izerek sahip \u00e7\u0131kmak gerekti\u011fini vurgulad\u0131. \u0130hsaniye (Melemez) Mahallesi\u2019nde, gurme turizmi \u00fczerine Youtuber\u2019lar g\u00f6t\u00fcrd\u00fcklerini, bir g\u00fcnde 500 bin ki\u015finin k\u00f6y\u00fc tan\u0131d\u0131\u011f\u0131n\u0131 s\u00f6yleyen Ba\u015fkan G\u00fcltak; \u201cBug\u00fcn burada ger\u00e7ekle\u015ftirdi\u011fimiz ve televizyonlar\u0131m\u0131zdan da canl\u0131 yay\u0131nlanan etkinlik ve belediyemizin de imkanlar\u0131n\u0131 kullanarak, Ba\u011flarba\u015f\u0131\u2019n\u0131n siyah incirini t\u00fcm T\u00fcrkiye\u2019ye tan\u0131taca\u011f\u0131m\u0131zdan hi\u00e7bir \u015f\u00fcpheniz olmas\u0131n\u201d dedi.<br \/>\n\u201cD\u00f6k\u00fclme sorununu \u00e7\u00f6zmek i\u00e7in \u00fcreticiye demo-arazi sa\u011flad\u0131k\u201d<br \/>\nBa\u015fkan G\u00fcltak; \u00fcretim a\u015famas\u0131nda d\u00f6k\u00fclen incir sorununu ortadan kald\u0131rmak i\u00e7in de \u00fcreticilere destek verdiklerini kaydetti; b\u00f6lgede, belediyeye ait 6 d\u00f6n\u00fcml\u00fck arazinin 2 bu\u00e7uk d\u00f6n\u00fcm\u00fcn\u00fcn erkek incir \u00fcretilmesi amac\u0131yla demo-arazi olarak kullan\u0131laca\u011f\u0131n\u0131 ifade etti. B\u00f6lgede, 400 hektar\u0131n \u00fczerinde ger\u00e7ekle\u015fen 125 ila 150 ton aras\u0131ndaki siyah incir \u00fcretiminin, ciddi bir ekonomik kazan\u00e7 oldu\u011funun da alt\u0131n\u0131 \u00e7izen Ba\u015fkan G\u00fcltak; s\u00f6zlerini \u015f\u00f6yle s\u00fcrd\u00fcrd\u00fc; \u201c\u0130ki bu\u00e7uk d\u00f6n\u00fcml\u00fck demo araziden ve erkek incirin yeti\u015fmesinden sonra bu tonaj \u00e7ok daha fazla artacakt\u0131r. \u0130ncirimizin \u00e7o\u011fu yurtd\u0131\u015f\u0131na gidiyor. Ama ne kadar \u00e7ok \u00fcretirsek, mahallemize, il\u00e7emize ve kentimize daha fazla ekonomik katk\u0131 sa\u011flanm\u0131\u015f olur. Kilosu 25 ila 30 lira, kimi zaman 40 liraya kadar \u00e7\u0131kan bir \u00fcr\u00fcn. Burada yeti\u015fen siyah inciri t\u00fcm T\u00fcrkiye\u2019ye tan\u0131tmak ve \u00f6ne \u00e7\u0131karma i\u00e7in \u00e7al\u0131\u015faca\u011f\u0131z. Hasad\u0131n\u0131z hay\u0131rl\u0131, bereketli olsun.\u201d<br \/>\nAkdeniz Belediyesi b\u00fcnyesinde kurulacak olan s\u0131cak ve so\u011fuk asfalt tesisleri sayesinde, Akdenizli \u00fcreticilerin nakliye s\u0131k\u0131nt\u0131s\u0131n\u0131 tamamen ortadan kald\u0131racaklar\u0131n\u0131 da s\u00f6yleyen Ba\u015fkan G\u00fcltak, b\u00f6lgeye bir hal\u0131 saha yap\u0131lmas\u0131 i\u00e7in gerekli \u00e7al\u0131\u015fmalar\u0131n da bayramdan sonra ba\u015flayaca\u011f\u0131 m\u00fcjdesini verdi.<br \/>\nPamuk; \u201cMarkala\u015fma, en az \u00fcretim kadar \u00f6nemli\u201d<br \/>\nAkdeniz \u0130l\u00e7e Kaymakam\u0131 Muhittin Pamuk da konu\u015fmas\u0131nda, \u201cPandemi s\u00fcreci; tar\u0131m sekt\u00f6r\u00fcn\u00fcn \u00e7ok stratejik ve \u00e7ok \u00f6nemli bir sekt\u00f6r oldu\u011funu g\u00f6sterdi. Bizler, petrols\u00fcz ya\u015fayabiliriz ama ekmeksiz ya\u015fayamay\u0131z. Pandemi s\u00fcreci, bir kez daha bize bu ger\u00e7e\u011fi hat\u0131rlatt\u0131\u201d dedi. Akdeniz\u2019in; tar\u0131msal \u00fcretim ve \u00e7e\u015fitlilik a\u00e7\u0131s\u0131ndan \u015fansl\u0131 bir il\u00e7e oldu\u011funu kaydeden Kaymakam Pamuk, \u201cBu \u00fcretim ve \u00e7e\u015fitlili\u011fin daha \u00fcst noktalara \u00e7\u0131kar\u0131lmas\u0131 son derece \u00f6nemli. Bu da kamu-\u00fcretici, yerel y\u00f6netim-\u00fcreticinin i\u015fbirli\u011fi ve koordinasyonuyla ancak ger\u00e7ekle\u015febiliyor\u201d diye konu\u015ftu. Ba\u011flarba\u015f\u0131\u2019na ayr\u0131 bir parantez a\u00e7an Akdeniz \u0130l\u00e7e Kaymakam\u0131 Pamuk; \u015f\u00f6yle konu\u015ftu; \u201cBa\u011flarba\u015f\u0131\u2019nda, incir \u00fcretimi konusunda \u00e7ok \u00f6nemli bilgi birikimi ve potansiyel var. Y\u0131ll\u0131k 150 ton civar\u0131nda bir \u00fcretim ger\u00e7ekle\u015fiyor. \u00dcretim \u00f6nemli ama markala\u015fma, \u00fcretti\u011fimiz \u00fcr\u00fcn\u00fcn \u00f6nce b\u00f6lgede, daha sonra da t\u00fcm T\u00fcrkiye\u2019de, hatta d\u00fcnyada tan\u0131nmas\u0131, marka haline gelmesi, en az \u00fcretim kadar \u00f6nemli. \u0130\u015fte bug\u00fcn de burada, Ba\u011flarba\u015f\u0131 siyah incirinin markala\u015fmas\u0131 noktas\u0131nda bir birliktelik ve \u00e7aba i\u00e7indeyiz. Bu noktada bizlere destek ve katk\u0131 veren Akdeniz Belediye Ba\u015fkan\u0131m\u0131za \u00e7ok te\u015fekk\u00fcr ediyoruz.\u201d<br \/>\n\u201cSiyah incirimiz marka de\u011feri olarak t\u00fcketilmeli\u201d<br \/>\nAkdeniz \u0130l\u00e7e Tar\u0131m ve Orman M\u00fcd\u00fcr\u00fc G\u00f6\u00e7men ise, T\u00fcrkiye\u2019de siyah incirin ilk hasat edildi\u011fi b\u00f6lgenin Ba\u011flarba\u015f\u0131 oldu\u011funa dikkat \u00e7ekti\u011fi konu\u015fmas\u0131nda; \u201cBundan dolay\u0131 siyah incirimizin katma de\u011feri y\u00fcksek olmakla birlikte, hen\u00fcz istenilen noktada de\u011filiz. Biz istiyoruz ki gerek \u00fclkemizde, gerek yurtd\u0131\u015f\u0131nda, hasat edilen Ba\u011flarba\u015f\u0131 siyah incirinin bir marka de\u011feri olarak t\u00fcketilmesidir. Bunun i\u00e7in de \u00e7abal\u0131yoruz. Bug\u00fcn 400 dekarl\u0131k bir \u00fcretim alan\u0131m\u0131z var. Di\u011fer bir amac\u0131m\u0131z da hem \u00fcretim sahas\u0131n\u0131 hem de verimi artt\u0131rmak\u201d dedi.<br \/>\nKonu\u015fmalar\u0131n ard\u0131ndan Akdeniz Belediye Ba\u015fkan\u0131 Mustafa G\u00fcltak ve Akdeniz \u0130l\u00e7e Kaymakam\u0131 Muhittin Pamuk, belediye taraf\u0131ndan tahsis edilen siyah incir ilek ar\u0131c\u0131\u011f\u0131 \u00e7o\u011faltma sahas\u0131nda ekim yap\u0131p can suyu verdiler. Etkinlikte, Dikilita\u015f Mahalle muhtar\u0131 Mahmut Yaman da siyah incirden \u00fcretti\u011fi dondurmay\u0131 konuklara ikram etti.<\/p>\n","protected":false},"excerpt":{"rendered":"<p>T\u00fcrkiye\u2019de, siyah incir \u00fcretimi ve ihracat\u0131nda \u00f6nde gelen Akdeniz il\u00e7esine ba\u011fl\u0131 Ba\u011flarba\u015f\u0131 Mahallesinde, y\u0131l\u0131n ilk siyah incir hasad\u0131 ba\u015flad\u0131. Hasat bulu\u015fmas\u0131nda incir \u015feklinde pasta kesildi, konuklara ve bas\u0131n mensuplar\u0131na incir &hellip; <a href=\"https:\/\/akdenizolaygazetesi.com\/?p=13356\" class=\"more-link\">Devam\u0131n\u0131 Oku&#8230;<\/a><\/p>\n","protected":false},"author":2,"featured_media":13357,"comment_status":"open","ping_status":"open","sticky":false,"template":"","format":"standard","meta":[],"categories":[1,2,3,5],"tags":[],"_links":{"self":[{"href":"https:\/\/akdenizolaygazetesi.com\/index.php?rest_route=\/wp\/v2\/posts\/13356"}],"collection":[{"href":"https:\/\/akdenizolaygazetesi.com\/index.php?rest_route=\/wp\/v2\/posts"}],"about":[{"href":"https:\/\/akdenizolaygazetesi.com\/index.php?rest_route=\/wp\/v2\/types\/post"}],"author":[{"embeddable":true,"href":"https:\/\/akdenizolaygazetesi.com\/index.php?rest_route=\/wp\/v2\/users\/2"}],"replies":[{"embeddable":true,"href":"https:\/\/akdenizolaygazetesi.com\/index.php?rest_route=%2Fwp%2Fv2%2Fcomments&post=13356"}],"version-history":[{"count":1,"href":"https:\/\/akdenizolaygazetesi.com\/index.php?rest_route=\/wp\/v2\/posts\/13356\/revisions"}],"predecessor-version":[{"id":13358,"href":"https:\/\/akdenizolaygazetesi.com\/index.php?rest_route=\/wp\/v2\/posts\/13356\/revisions\/13358"}],"wp:featuredmedia":[{"embeddable":true,"href":"https:\/\/akdenizolaygazetesi.com\/index.php?rest_route=\/wp\/v2\/media\/13357"}],"wp:attachment":[{"href":"https:\/\/akdenizolaygazetesi.com\/index.php?rest_route=%2Fwp%2Fv2%2Fmedia&parent=13356"}],"wp:term":[{"taxonomy":"category","embeddable":true,"href":"https:\/\/akdenizolaygazetesi.com\/index.php?rest_route=%2Fwp%2Fv2%2Fcategories&post=13356"},{"taxonomy":"post_tag","embeddable":true,"href":"https:\/\/akdenizolaygazetesi.com\/index.php?rest_route=%2Fwp%2Fv2%2Ftags&post=13356"}],"curies":[{"name":"wp","href":"https:\/\/api.w.org\/{rel}","templated":true}]}}