{"id":13359,"date":"2021-07-17T15:30:34","date_gmt":"2021-07-17T12:30:34","guid":{"rendered":"http:\/\/akdenizolaygazetesi.com\/?p=13359"},"modified":"2021-07-17T15:30:34","modified_gmt":"2021-07-17T12:30:34","slug":"biz-buyuk-ve-guclu-bir-aileyiz","status":"publish","type":"post","link":"https:\/\/akdenizolaygazetesi.com\/?p=13359","title":{"rendered":"&#8220;Biz B\u00fcy\u00fck ve G\u00fc\u00e7l\u00fc Bir Aileyiz&#8221;"},"content":{"rendered":"<p>Toroslar Belediye Ba\u015fkan\u0131 Ats\u0131z Af\u015f\u0131n Y\u0131lmaz, m\u00fcbarek Kurban Bayram\u0131 \u00f6ncesi personeliyle bayramla\u015ft\u0131.<\/p>\n<p>Belediye hizmet binas\u0131ndaki personeliyle bayramla\u015fan Ba\u015fkan Y\u0131lmaz, daha sonra Yunus Emre K\u00fclt\u00fcr Merkezi&#8217;nde d\u00fczenlenen t\u00f6rende Temizlik \u0130\u015fleri, Fen \u0130\u015fleri, Park ve Bah\u00e7eler M\u00fcd\u00fcrl\u00fc\u011f\u00fc personelinin bayram\u0131n\u0131 kutlad\u0131.<\/p>\n<p>MHP Toroslar \u0130l\u00e7e Ba\u015fkan\u0131 H\u00fcsn\u00fc Do\u011fan, Toroslar \u00dclk\u00fc Ocaklar\u0131 Ba\u015fkan\u0131 Vural Koparan ve Belediye Meclis \u00dcyelerinin de haz\u0131r bulundu\u011fu bayramla\u015fma t\u00f6reninde Ba\u015fkan Y\u0131lmaz personeline seslenerek, aileleriyle birlikte sa\u011fl\u0131kl\u0131 ve huzurlu bir bayram ge\u00e7irmeleri temennisinde bulundu.<\/p>\n<p>&#8220;Biz B\u00fcy\u00fck ve G\u00fc\u00e7l\u00fc Bir Aileyiz&#8221;<\/p>\n<p>Toroslar&#8217;a en g\u00fczel hizmeti sunmak i\u00e7in fedakarca \u00e7al\u0131\u015fan t\u00fcm personeline te\u015fekk\u00fcr eden Ba\u015fkan Y\u0131lmaz; &#8220;Biz, b\u00fcy\u00fck bir aileyiz. Birlikte g\u00fc\u00e7l\u00fcy\u00fcz ve bir b\u00fct\u00fcn\u00fcn par\u00e7as\u0131y\u0131z. G\u00fc\u00e7lenerek, b\u00fcy\u00fcyerek, el ele, g\u00f6n\u00fcl g\u00f6n\u00fcle vatanda\u015flar\u0131m\u0131z\u0131n yan\u0131nda olmaya, en yeni ve en g\u00fczel hizmeti sunmaya devam edece\u011fiz&#8221; dedi.<\/p>\n<p>&#8220;Toroslar, Mersin&#8217;in Y\u00fckselen Y\u0131ld\u0131z\u0131&#8221;<\/p>\n<p>&#8220;Yapt\u0131\u011f\u0131m\u0131z her i\u015f g\u00f6z dolduruyor, vatanda\u015f\u0131 memnun ediyor ve bu da bizi mutlu ediyor&#8221; diyen Ba\u015fkan Y\u0131lmaz; &#8220;Yakla\u015f\u0131k 2,5 y\u0131ld\u0131r beraber \u00e7al\u0131\u015f\u0131yoruz. G\u00f6reve ba\u015flad\u0131\u011f\u0131m\u0131z g\u00fcn ile bug\u00fcn aras\u0131nda \u00e7ok b\u00fcy\u00fck fark var. Bunu \u00f6zellikle \u00e7al\u0131\u015fmalar\u0131m\u0131zla ve ileti\u015fimimizle g\u00f6r\u00fcyorum. Toroslar zaten Mersin&#8217;in y\u00fckselen y\u0131ld\u0131z\u0131yd\u0131, daha da parlatmak bize d\u00fc\u015f\u00fcyor. Bu konuda Toroslar&#8217;\u0131 devrald\u0131\u011f\u0131m\u0131z Hamit Tuna ba\u015fkan\u0131m\u0131z\u0131 alk\u0131\u015fl\u0131yoruz. Kendisinden devrald\u0131\u011f\u0131m\u0131z bayra\u011f\u0131 daha da yukar\u0131lara ta\u015f\u0131ma azmi, heyecan\u0131 ve iste\u011fiyle \u00e7al\u0131\u015f\u0131yoruz. Sizlerle bir b\u00fct\u00fcn\u00fcn par\u00e7as\u0131y\u0131z. Temizlik \u0130\u015fleri M\u00fcd\u00fcrl\u00fc\u011f\u00fcm\u00fczde \u00e7al\u0131\u015fan arkada\u015f\u0131m\u0131z soka\u011fa girdi\u011finde hem bizleri hem sizleri temsil ediyor. Al\u0131\u015f\u0131lm\u0131\u015f belediyecilik anlay\u0131\u015f\u0131n\u0131 bir kenara b\u0131rak yeni metotlar ar\u0131yoruz. Vatanda\u015f\u0131m\u0131za daha g\u00fczel hizmet g\u00f6t\u00fcrmek i\u00e7in sizlerle birlikte elimizden gelenin en iyisini yap\u0131yoruz. Biz, t\u0131rnak i\u00e7inde rutin i\u015fleri yapan belediyecilik anlay\u0131\u015f\u0131n\u0131 benimsemiyoruz. Bizim her g\u00fcn\u00fcm\u00fcz bir \u00f6nceki g\u00fcn\u00fcm\u00fczden daha farkl\u0131. Dinimizde ve \u00f6rf\u00fcm\u00fczde de b\u00f6yle olmas\u0131 gerekir. Daha g\u00fczelini bulmak, aramak ve yapmak. Bu a\u00e7\u0131dan hepinize ayr\u0131 ayr\u0131 te\u015fekk\u00fcr ediyorum y\u00fcz\u00fcm\u00fcz\u00fc a\u011fartmad\u0131\u011f\u0131n\u0131z i\u00e7in&#8221; diye konu\u015ftu.<\/p>\n<p>Bayramlar\u0131n, birlik ve beraberli\u011fin per\u00e7inlendi\u011fi, mutlulu\u011fun payla\u015f\u0131ld\u0131\u011f\u0131 \u00e7ok \u00f6zel g\u00fcnler oldu\u011funu da dile getiren Ba\u015fkan Y\u0131lmaz; &#8220;Toroslar, bin y\u0131ld\u0131r Anadolu&#8217;nun muhaf\u0131z\u0131d\u0131r, koruyucusudur, kalesidir. Bu kalenin muhaf\u0131zlar\u0131 da bizleriz ve sizlersiniz. \u0130n\u015fallah hep beraber daha g\u00fczel \u00e7al\u0131\u015fmalar yapmaya devam edece\u011fiz. Sizlerin ve ailenizin Kurban Bayram\u0131&#8217;n\u0131 ayr\u0131 ayr\u0131 kutluyorum&#8221; ifadelerini kulland\u0131.<\/p>\n","protected":false},"excerpt":{"rendered":"<p>Toroslar Belediye Ba\u015fkan\u0131 Ats\u0131z Af\u015f\u0131n Y\u0131lmaz, m\u00fcbarek Kurban Bayram\u0131 \u00f6ncesi personeliyle bayramla\u015ft\u0131. Belediye hizmet binas\u0131ndaki personeliyle bayramla\u015fan Ba\u015fkan Y\u0131lmaz, daha sonra Yunus Emre K\u00fclt\u00fcr Merkezi&#8217;nde d\u00fczenlenen t\u00f6rende Temizlik \u0130\u015fleri, Fen &hellip; <a href=\"https:\/\/akdenizolaygazetesi.com\/?p=13359\" class=\"more-link\">Devam\u0131n\u0131 Oku&#8230;<\/a><\/p>\n","protected":false},"author":2,"featured_media":13360,"comment_status":"open","ping_status":"open","sticky":false,"template":"","format":"standard","meta":[],"categories":[34,3,5],"tags":[],"_links":{"self":[{"href":"https:\/\/akdenizolaygazetesi.com\/index.php?rest_route=\/wp\/v2\/posts\/13359"}],"collection":[{"href":"https:\/\/akdenizolaygazetesi.com\/index.php?rest_route=\/wp\/v2\/posts"}],"about":[{"href":"https:\/\/akdenizolaygazetesi.com\/index.php?rest_route=\/wp\/v2\/types\/post"}],"author":[{"embeddable":true,"href":"https:\/\/akdenizolaygazetesi.com\/index.php?rest_route=\/wp\/v2\/users\/2"}],"replies":[{"embeddable":true,"href":"https:\/\/akdenizolaygazetesi.com\/index.php?rest_route=%2Fwp%2Fv2%2Fcomments&post=13359"}],"version-history":[{"count":1,"href":"https:\/\/akdenizolaygazetesi.com\/index.php?rest_route=\/wp\/v2\/posts\/13359\/revisions"}],"predecessor-version":[{"id":13361,"href":"https:\/\/akdenizolaygazetesi.com\/index.php?rest_route=\/wp\/v2\/posts\/13359\/revisions\/13361"}],"wp:featuredmedia":[{"embeddable":true,"href":"https:\/\/akdenizolaygazetesi.com\/index.php?rest_route=\/wp\/v2\/media\/13360"}],"wp:attachment":[{"href":"https:\/\/akdenizolaygazetesi.com\/index.php?rest_route=%2Fwp%2Fv2%2Fmedia&parent=13359"}],"wp:term":[{"taxonomy":"category","embeddable":true,"href":"https:\/\/akdenizolaygazetesi.com\/index.php?rest_route=%2Fwp%2Fv2%2Fcategories&post=13359"},{"taxonomy":"post_tag","embeddable":true,"href":"https:\/\/akdenizolaygazetesi.com\/index.php?rest_route=%2Fwp%2Fv2%2Ftags&post=13359"}],"curies":[{"name":"wp","href":"https:\/\/api.w.org\/{rel}","templated":true}]}}