{"id":13366,"date":"2021-07-17T15:34:36","date_gmt":"2021-07-17T12:34:36","guid":{"rendered":"http:\/\/akdenizolaygazetesi.com\/?p=13366"},"modified":"2021-07-17T15:34:36","modified_gmt":"2021-07-17T12:34:36","slug":"secer-benim-kapim-herkese-acik-basta-esnafa","status":"publish","type":"post","link":"https:\/\/akdenizolaygazetesi.com\/?p=13366","title":{"rendered":"SE\u00c7ER: \u201cBEN\u0130M KAPIM HERKESE A\u00c7IK, BA\u015eTA ESNAFA\u201d"},"content":{"rendered":"<p>Mersin B\u00fcy\u00fck\u015fehir Belediye Ba\u015fkan\u0131 Vahap Se\u00e7er, S.S. Mezitli Esnaf ve Sanatkarlar Kredi ve Kefalet Kooperatifi\u2019nin Ola\u011fan Genel Kurul Toplant\u0131s\u0131\u2019na kat\u0131ld\u0131. Ba\u015fkan Se\u00e7er, yeni d\u00f6nemde g\u00f6rev alacak y\u00f6netime ba\u015far\u0131lar dilerken, \u201cBenim kap\u0131m herkese a\u00e7\u0131k. Ba\u015fta esnafa\u201d dedi.<\/p>\n<p>\u201cBirbirimizin sesini i\u015fitmeliyiz, bu s\u00fcre\u00e7 bize bunu \u00f6\u011fretti\u201d<\/p>\n<p>2020 y\u0131l\u0131 ba\u015f\u0131ndan beri t\u00fcm d\u00fcnyada etkisini g\u00f6steren koronavir\u00fcs salg\u0131n\u0131n\u0131n insanlara nasihat niteli\u011fi ta\u015f\u0131mas\u0131 dile\u011finde bulunan Ba\u015fkan Se\u00e7er, sorumlulu\u011fun, dayan\u0131\u015fman\u0131n ve yard\u0131mla\u015fman\u0131n \u00f6nemine dikkat \u00e7ekerek, \u201cBundan sonraki ya\u015fam\u0131m\u0131z\u0131 ona g\u00f6re \u015fekillendiririz. Bir kere yard\u0131mla\u015fmay\u0131 \u00f6nemsememiz laz\u0131m. Birbirimizin elini s\u0131ms\u0131k\u0131 tutmam\u0131z laz\u0131m. Var olan, yok olana vermeli. Birbirimizin sesini i\u015fitmeliyiz. Kula\u011f\u0131m\u0131z\u0131 t\u0131kamamal\u0131y\u0131z. Bize bu s\u00fcre\u00e7 bunu \u00f6\u011fretti\u201d dedi.<\/p>\n<p>\u201cBenim kap\u0131m herkese a\u00e7\u0131k. Ba\u015fta esnafa\u201d<\/p>\n<p>Ahilik k\u00fclt\u00fcr\u00fcn\u00fcn bir tek Anadolu topraklar\u0131nda oldu\u011funu ve bunun da olduk\u00e7a de\u011ferli oldu\u011funu ifade eden Ba\u015fkan Se\u00e7er, \u201cD\u00fcnyan\u0131n hi\u00e7bir yerinde duymad\u0131m ben. Bu topraklarda, Anadolu topraklar\u0131nda ahilik k\u00fclt\u00fcr\u00fc var. Ahilik k\u00fclt\u00fcr\u00fc neyi \u00f6\u011fretti esnaflara? \u2018Do\u011fru olun\u2019 dedi. \u2018D\u00fcr\u00fcst olun\u2019 dedi. \u2018Payla\u015f\u0131n\u2019 dedi. \u2018Kimseyi aldatmay\u0131n\u2019 dedi. \u2018Ailenize, toplumunuza, \u00fclkenize sahip olun\u2019 dedi. B\u00f6yle bir erdem olabilir mi? Hangi topraklarda var b\u00f6yle bir k\u00fclt\u00fcr? Bizde var. Ben bir anlamda Ahilik k\u00fclt\u00fcr\u00fc ile asl\u0131nda ke\u015fke benze\u015ftirebilsem siyaset k\u00fclt\u00fcr\u00fcn\u00fc. Ama g\u00fcn\u00fcm\u00fcz d\u00fcnyas\u0131nda, g\u00fcn\u00fcm\u00fcz T\u00fcrkiye\u2019sinde \u00e7ok benze\u015fmiyor. Esnaf\u0131n siyaseti olmaz. Sen \u00e7olu\u011funun \u00e7ocu\u011funun r\u0131zk\u0131 i\u00e7in sabah g\u00fcn do\u011farken a\u00e7t\u0131\u011f\u0131n d\u00fckkana gelen m\u00fc\u015fteriye \u2018Sen AK Partilisin, CHP\u2019lisin, MHP\u2019lisin, HDP\u2019lisin, \u0130Y\u0130 Partilisin, Saadet Partilisin\u2019 diye ayr\u0131m yap\u0131lmaz. Azami \u00f6l\u00e7\u00fcde o insana hizmet verirsin, \u00e7\u00fcnk\u00fc \u00e7olu\u011funun \u00e7ocu\u011funun r\u0131zk\u0131 i\u00e7in \u00e7al\u0131\u015f\u0131yorsun. Ben de Belediye Ba\u015fkan\u0131y\u0131m. Elbette ki onurumla, \u015ferefimle Mustafa Kemal\u2019in kurdu\u011fu Cumhuriyet Halk Partisi\u2019nin Belediye Ba\u015fkan\u0131y\u0131m ama koltu\u011fuma oturdu\u011fum andan itibaren Mersin halk\u0131n\u0131n Belediye Ba\u015fkan\u0131y\u0131m. Bunun da b\u00f6yle bilinmesini isterim\u201d diye konu\u015ftu.<\/p>\n<p>Pandemi s\u00fcrecinde B\u00fcy\u00fck\u015fehir Belediyesi\u2019nin esnafa nefes ald\u0131rmak ad\u0131na y\u00fcr\u00fctt\u00fc\u011f\u00fc \u00e7al\u0131\u015fmalardan bahseden konu\u015fmac\u0131lara dikkat \u00e7eken Ba\u015fkan Se\u00e7er, \u201c\u0130ltifat marifete tabidir\u201d vurgusu yapt\u0131. Se\u00e7er, \u201cBenim kap\u0131m herkese a\u00e7\u0131k. Ba\u015fta esnafa. 60 bin esnaf, 60 bin ahi. \u00c7olu\u011funa \u00e7ocu\u011funa ekmek g\u00f6t\u00fcrmek i\u00e7in \u00e7al\u0131\u015fan namuslu, do\u011fru, d\u00fcr\u00fcst insan toplulu\u011fu\u201d ifadelerine yer verdi.<\/p>\n<p>\u201c\u00d6nemli bir kentte esnafl\u0131k yap\u0131yorsunuz\u201d<\/p>\n<p>B\u00fcy\u00fck\u015fehir Belediyesi olarak kentin lokomotifini olu\u015fturan esnafla s\u0131k s\u0131k bir araya geldiklerini hat\u0131rlatan Ba\u015fkan Se\u00e7er, Mersin\u2019deki t\u00fcm esnaf odalar\u0131na kap\u0131lar\u0131n\u0131n a\u00e7\u0131k oldu\u011funu yineleyerek, \u201c\u00c7\u00fcnk\u00fc kenti beraber y\u00f6netmek zorunday\u0131z. Mersin demek T\u00fcrkiye demek. Mersin\u2019in huzuru demek T\u00fcrkiye\u2019nin huzuru demek. Mersin\u2019in geli\u015fmesi T\u00fcrkiye\u2019nin geli\u015fmesi demek. Mersin\u2019in kalk\u0131nmas\u0131 T\u00fcrkiye\u2019nin kalk\u0131nmas\u0131 demek. Bu kadar \u00f6nemli, bu kadar stratejik bir kentte y\u00f6neticilik yap\u0131yoruz ve sizler ya\u015f\u0131yor, esnafl\u0131k yap\u0131yorsunuz\u201d dedi.<\/p>\n<p>\u201cMersin\u2019in yarar\u0131na olan, olacak kararlar\u0131n g\u00f6lgesine siyasi d\u00fc\u015f\u00fcnceleri d\u00fc\u015f\u00fcrmeyin\u201d<\/p>\n<p>Mersin\u2019in kent olarak gelece\u011finin \u00e7ok a\u00e7\u0131k oldu\u011funu da s\u00f6yleyen Ba\u015fkan Se\u00e7er, yerel y\u00f6neticilere, kent dinamiklerine g\u00f6revler d\u00fc\u015ft\u00fc\u011f\u00fcn\u00fc ve uyum i\u00e7erisinde \u00e7al\u0131\u015fman\u0131n gereklili\u011fini belirtti. Mersin B\u00fcy\u00fck\u015fehir Belediyesi Meclisi\u2019nin yap\u0131s\u0131na da de\u011finen Ba\u015fkan Se\u00e7er, esnafa \u015fu c\u00fcmlelerle \u00e7a\u011fr\u0131da bulundu; \u201cMeclis\u2019te al\u0131nan kararlarda Mersin\u2019in yarar\u0131na olan, olacak kararlar\u0131n g\u00f6lgesine siyasi d\u00fc\u015f\u00fcnceleri d\u00fc\u015f\u00fcrmeyin. \u0130deolojik d\u00fc\u015f\u00fcncelerin, siyasi bak\u0131\u015f a\u00e7\u0131s\u0131n\u0131n Ankara\u2019daki kavgalar\u0131n g\u00f6lgesinin bu Meclis\u2019e d\u00fc\u015fmemesini sa\u011flay\u0131n. Benim sizden istedi\u011fim bu. Bak\u0131n her birinizin ayr\u0131 g\u00f6n\u00fcl verdi\u011fi, oy verdi\u011fi bir siyasi parti var. Hepinize sayg\u0131 duyuyorum. Hepiniz bizim ba\u015f tac\u0131m\u0131zs\u0131n\u0131z. Bizim yurtta\u015f\u0131m\u0131zs\u0131n\u0131z. Ben de her birinizin Belediye Ba\u015fkan\u0131y\u0131m. Bu konuda bir b\u00fct\u00fcn olmak zorunlulu\u011fu var.\u201d<\/p>\n<p>Ge\u00e7en Meclis\u2019te bor\u00e7lanma yetkisi talebinin reddedildi\u011fini hat\u0131rlatan ve bundan en \u00e7ok etkilenecek kesimin Mersin esnaf\u0131 oldu\u011funu s\u00f6zlerine ekleyen Se\u00e7er, \u015funlar\u0131 s\u00f6yledi:<\/p>\n<p>\u201cGe\u00e7ti\u011fimiz son Meclis\u2019te Belediye Ba\u015fkan\u0131n\u0131n bor\u00e7lanma yetkisi talebi reddedildi. Ben orada dedim ki: \u2018Buna \u00e7ok \u00fcz\u00fcld\u00fcm\u2019. Bir \u00fcz\u00fclecek kesim var. \u2018\u00dcz\u00fclecek di\u011fer bir kesim de esnaf kesimi\u2019 dedim. Neden? Bu belediyenin MESK\u0130\u2019si ile beraber yakla\u015f\u0131k olarak 4 milyar lira b\u00fct\u00e7esi var. Bu 4 milyar b\u00fct\u00e7eyi nereye harc\u0131yor bu belediye? MESK\u0130, ba\u011fl\u0131 kurulu\u015flar. \u00d6nemli bir k\u0131sm\u0131n\u0131 \u00e7al\u0131\u015fanlar\u0131na maa\u015f olarak \u00f6d\u00fcyor. Onlar\u0131 zaman\u0131nda \u00f6demesi laz\u0131m. O esnafa gidecek. Al\u0131\u015fveri\u015f etti\u011fi esnafa taksit olarak \u00f6denecek. Yiyecek, i\u00e7ecek, \u00e7ocu\u011funun giderleri. Di\u011fer bir taraftan Belediye i\u015f yapt\u0131r\u0131yor. M\u00fcteahhit de yapt\u0131r\u0131yor. Esnaftan mal al\u0131yor, hizmet sat\u0131n al\u0131yor, oraya bedel \u00f6deyecek. Dolay\u0131s\u0131yla demek ki bu \u00f6nemli bir kaynak. Onun i\u00e7in \u2018Esnaf \u00fcz\u00fclecek\u2019 dedim. Kimse \u00fcz\u00fclmesin, herkes mutlu olsun. Belediye Ba\u015fkan\u0131 da mutlu olsun. Esnafa, m\u00fcteahhite, alacakl\u0131 olan\u0131na, \u00e7al\u0131\u015fan\u0131na \u00f6dentisini zaman\u0131nda yapt\u0131\u011f\u0131 i\u00e7in. Belediyeye satt\u0131\u011f\u0131 mal ve hizmetlerinden dolay\u0131 bedelini zaman\u0131nda alan esnaf da mutlu olsun. Kent halk\u0131 da ald\u0131\u011f\u0131 hizmetlerden mutlu olsun. Bu daha g\u00fczel olmaz m\u0131? Bu konuya dikkat \u00e7ekmek istedim.\u201d<\/p>\n","protected":false},"excerpt":{"rendered":"<p>Mersin B\u00fcy\u00fck\u015fehir Belediye Ba\u015fkan\u0131 Vahap Se\u00e7er, S.S. Mezitli Esnaf ve Sanatkarlar Kredi ve Kefalet Kooperatifi\u2019nin Ola\u011fan Genel Kurul Toplant\u0131s\u0131\u2019na kat\u0131ld\u0131. Ba\u015fkan Se\u00e7er, yeni d\u00f6nemde g\u00f6rev alacak y\u00f6netime ba\u015far\u0131lar dilerken, \u201cBenim &hellip; <a href=\"https:\/\/akdenizolaygazetesi.com\/?p=13366\" class=\"more-link\">Devam\u0131n\u0131 Oku&#8230;<\/a><\/p>\n","protected":false},"author":2,"featured_media":13367,"comment_status":"open","ping_status":"open","sticky":false,"template":"","format":"standard","meta":[],"categories":[34,1,3,5],"tags":[],"_links":{"self":[{"href":"https:\/\/akdenizolaygazetesi.com\/index.php?rest_route=\/wp\/v2\/posts\/13366"}],"collection":[{"href":"https:\/\/akdenizolaygazetesi.com\/index.php?rest_route=\/wp\/v2\/posts"}],"about":[{"href":"https:\/\/akdenizolaygazetesi.com\/index.php?rest_route=\/wp\/v2\/types\/post"}],"author":[{"embeddable":true,"href":"https:\/\/akdenizolaygazetesi.com\/index.php?rest_route=\/wp\/v2\/users\/2"}],"replies":[{"embeddable":true,"href":"https:\/\/akdenizolaygazetesi.com\/index.php?rest_route=%2Fwp%2Fv2%2Fcomments&post=13366"}],"version-history":[{"count":1,"href":"https:\/\/akdenizolaygazetesi.com\/index.php?rest_route=\/wp\/v2\/posts\/13366\/revisions"}],"predecessor-version":[{"id":13368,"href":"https:\/\/akdenizolaygazetesi.com\/index.php?rest_route=\/wp\/v2\/posts\/13366\/revisions\/13368"}],"wp:featuredmedia":[{"embeddable":true,"href":"https:\/\/akdenizolaygazetesi.com\/index.php?rest_route=\/wp\/v2\/media\/13367"}],"wp:attachment":[{"href":"https:\/\/akdenizolaygazetesi.com\/index.php?rest_route=%2Fwp%2Fv2%2Fmedia&parent=13366"}],"wp:term":[{"taxonomy":"category","embeddable":true,"href":"https:\/\/akdenizolaygazetesi.com\/index.php?rest_route=%2Fwp%2Fv2%2Fcategories&post=13366"},{"taxonomy":"post_tag","embeddable":true,"href":"https:\/\/akdenizolaygazetesi.com\/index.php?rest_route=%2Fwp%2Fv2%2Ftags&post=13366"}],"curies":[{"name":"wp","href":"https:\/\/api.w.org\/{rel}","templated":true}]}}