{"id":13369,"date":"2021-07-18T12:21:11","date_gmt":"2021-07-18T09:21:11","guid":{"rendered":"http:\/\/akdenizolaygazetesi.com\/?p=13369"},"modified":"2021-07-18T12:21:11","modified_gmt":"2021-07-18T09:21:11","slug":"secer-tv-100un-canli-yayin-konugu-oldu","status":"publish","type":"post","link":"https:\/\/akdenizolaygazetesi.com\/?p=13369","title":{"rendered":"SE\u00c7ER, TV 100\u2019\u00dcN CANLI YAYIN KONU\u011eU OLDU"},"content":{"rendered":"<p>Mersin B\u00fcy\u00fck\u015fehir Belediye Ba\u015fkan\u0131 Vahap Se\u00e7er, TV 100 kanal\u0131n\u0131n Haber B\u00fclteni\u2019ne Mersin\u2019den yap\u0131lan canl\u0131 yay\u0131nla konuk oldu. Kurban Bayram\u0131 \u00f6ncesi Mersin\u2019de ya\u015fanan yo\u011funlu\u011fu de\u011ferlendiren Ba\u015fkan Se\u00e7er, bayram boyunca sunacaklar\u0131 hizmetler konusunda da bilgiler payla\u015ft\u0131. Kurban Bayram\u0131\u2019n\u0131 kutlayan Se\u00e7er, \u201cBu bayram t\u00fcm insanl\u0131\u011fa in\u015fallah ba\u015fta sa\u011fl\u0131kl\u0131 g\u00fcnler getirsin\u201d temennisinde bulundu.<\/p>\n<p>\u201cAyd\u0131nc\u0131k\u2019taki orman yang\u0131n\u0131 kontrol alt\u0131na al\u0131nd\u0131\u201d<\/p>\n<p>Ayd\u0131nc\u0131k il\u00e7esinde ya\u015fanan orman yang\u0131n\u0131 ile ilgili de ge\u00e7mi\u015f olsun dileklerini ileten Ba\u015fkan Se\u00e7er, B\u00fcy\u00fck\u015fehir Belediyesi olarak b\u00f6lgeye gerekli deste\u011fi sa\u011flad\u0131klar\u0131n\u0131 belirterek,  \u201cAyd\u0131nc\u0131k\u2019ta bir orman yang\u0131n\u0131, \u00f6nceki g\u00fcnden bu yana devam ediyor. R\u00fczgar\u0131n da etkisiyle kontrol alt\u0131na almakta zorlan\u0131ld\u0131 ancak \u015fu anda kontrol alt\u0131na al\u0131nd\u0131. Biz de Mersin B\u00fcy\u00fck\u015fehir Belediyesi olarak gerekli katk\u0131lar\u0131 sunuyoruz. Antalya Belediyesi\u2019nden, di\u011fer belediyelerimizden de \u00f6nemli miktarda takviyeler yap\u0131ld\u0131. Orman Genel M\u00fcd\u00fcrl\u00fc\u011f\u00fc\u2019n\u00fcn, Valili\u011fin ve bakanl\u0131\u011f\u0131n uhdesinde de zaten bu \u00e7al\u0131\u015fmalar devam ediyor. \u015eu anda kontrol alt\u0131nda\u201d bilgisini payla\u015ft\u0131.<\/p>\n<p>\u201cBu s\u00fcreci vatanda\u015flar\u0131m\u0131z\u0131 susuz b\u0131rakmadan ge\u00e7irmek i\u00e7in u\u011fra\u015f veriyoruz\u201d<\/p>\n<p>Olas\u0131 olumsuzluklara kar\u015f\u0131 teyakkuz halinde olduklar\u0131n\u0131 belirten Ba\u015fkan Se\u00e7er, t\u00fcm T\u00fcrkiye\u2019de kurakl\u0131k ya\u015fand\u0131\u011f\u0131n\u0131 ve do\u011fal olarak Mersin\u2019in de bu durumdan nasibini ald\u0131\u011f\u0131n\u0131 ifade etti. Se\u00e7er, \u201cBurada da k\u0131\u015f\u0131n ya\u011f\u0131\u015f oran\u0131n\u0131n d\u00fc\u015f\u00fck olmas\u0131, \u00f6zellikle Toroslar\u2019a kar ya\u011f\u0131\u015f\u0131n\u0131n az olmas\u0131 bize su konusunda \u2018dikkatli olun\u2019 uyar\u0131s\u0131n\u0131 da beraberinde getirdi. Ben de bu vas\u0131tayla t\u00fcm Mersinlilere, hem\u015fehrilerime sesleniyorum; \u00f6zellikle 9 g\u00fcnl\u00fck uzun tatil g\u00fcnlerinde yaylal\u0131k b\u00f6lgelerde, sahillerde, sayfiye evlerinde, otellerde, pansiyonlarda konaklayan yurtta\u015flar\u0131m\u0131z\u0131n suyu \u00e7ok idareli kullanmalar\u0131 gerekiyor. Kaynaklar\u0131m\u0131zda \u00f6nemli su sorunu ya\u015f\u0131yoruz. Ama Mersin Su ve Kanalizasyon \u0130daresi 24 saat g\u00f6revinin ba\u015f\u0131nda. Bu s\u00fcreci, su krizi ya\u015fanmadan, vatanda\u015flar\u0131m\u0131z\u0131 susuz b\u0131rakmadan ge\u00e7irmek i\u00e7in u\u011fra\u015f veriyoruz ama vatanda\u015flar\u0131m\u0131z\u0131n da bize yard\u0131mc\u0131 olmas\u0131 gerekiyor\u201d dedi.<\/p>\n<p>\u201c13 il\u00e7emizde tedbirlerimizi ald\u0131k\u201d<\/p>\n<p>Kurban Bayram\u0131 dolay\u0131s\u0131yla ald\u0131klar\u0131 tedbirler ve bayram boyunca sunacaklar\u0131 hizmetler hakk\u0131nda da bilgilendirme yapan Ba\u015fkan Se\u00e7er, \u201cAnamur\u2019dan Tarsus\u2019a kadar 13 il\u00e7emizde tedbirlerimizi ald\u0131k. 23 mobil kesimhane kurduk. 250 kasap ve 110 da kasap yard\u0131mc\u0131s\u0131 vatanda\u015flar\u0131m\u0131z\u0131n kesim hizmetlerini yerine getirecekler. Ayr\u0131ca bizim 8 sabit mezbaham\u0131zda da bu kesim i\u015flemleri \u00fccretsiz olarak vatanda\u015flar\u0131m\u0131za sa\u011flanm\u0131\u015f olacak. Tabii ki Zab\u0131ta, \u00c7evre Koruma, \u0130tfaiye Dairemiz, hepsi g\u00f6revinin ba\u015f\u0131nda. Olas\u0131 olu\u015facak olumsuzluklara an\u0131nda m\u00fcdahale etmek i\u00e7in g\u00f6revlerinin ba\u015f\u0131nda\u201d diye konu\u015ftu.<\/p>\n<p>\u201cBir\u00e7ok asri mezarl\u0131kta olmayan bir g\u00f6r\u00fcnt\u00fc vard\u0131r burada\u201d<\/p>\n<p>Mersin\u2019in T\u00fcrkiye\u2019nin bir izd\u00fc\u015f\u00fcm\u00fc oldu\u011funu vurgulayan Ba\u015fkan Se\u00e7er, medeniyetlerin bulu\u015ftu\u011fu ve karde\u015f\u00e7e, huzurla bir arada ya\u015fad\u0131klar\u0131 kentlerden biri oldu\u011funu belirtti. Se\u00e7er, devam\u0131nda \u015fu ifadeleri kulland\u0131:<\/p>\n<p>\u201cBir\u00e7ok asri mezarl\u0131kta olmayan bir g\u00f6r\u00fcnt\u00fc vard\u0131r burada. M\u00fcsl\u00fcman, Musevi, Hristiyan mezarl\u0131klar\u0131 bir arada g\u00f6r\u00fclebilir. Bayram\u0131n birinci g\u00fcn\u00fc; benim de kat\u0131laca\u011f\u0131m; bayram dolay\u0131s\u0131yla yapt\u0131\u011f\u0131m\u0131z Dinlerin Bulu\u015fmas\u0131 etkinli\u011fi d\u00fczenlenecek. Yine orada her semavi dine mensup din g\u00f6revlileri dua okuyacaklar. Bayram\u0131 orada hep beraber idrak etmi\u015f olaca\u011f\u0131z, bayramla\u015faca\u011f\u0131z ve ayr\u0131laca\u011f\u0131z. Umut ediyorum, T\u00fcrkiye\u2019nin her noktas\u0131nda bayram huzurlu ge\u00e7er. \u00d6zellikle trafik canavar\u0131na dikkat etmeleri gerekiyor vatanda\u015flar\u0131m\u0131z\u0131n. Yola \u00e7\u0131kan yurtta\u015flar\u0131m\u0131z\u0131n, kara yoluyla seyahat eden yurtta\u015flar\u0131m\u0131z\u0131n trafik kurallar\u0131na uymalar\u0131, uykusuz ve yorgun yola \u00e7\u0131kmamalar\u0131 gerekiyor. Hem kendi canlar\u0131n\u0131 hem kar\u015f\u0131 ara\u00e7taki insanlar\u0131n, vatanda\u015flar\u0131m\u0131z\u0131n can\u0131n\u0131 tehlikeye atmamak i\u00e7in bu \u00f6zeni g\u00f6stermeleri gerekiyor.\u201d<\/p>\n<p>\u201cN\u00fcfusunuzun b\u00fcy\u00fck bir oran\u0131n\u0131 a\u015f\u0131laman\u0131z gerekiyor\u201d<\/p>\n<p>Pandeminin ba\u015flad\u0131\u011f\u0131 2020 y\u0131l\u0131 Mart ay\u0131ndan bu yana gerekli tedbirleri ald\u0131klar\u0131n\u0131 s\u00f6yleyen Ba\u015fkan Se\u00e7er, yine de \u00e7ok say\u0131da vatanda\u015f\u0131 kaybettiklerini, \u015fu anki durumun ise iyiye do\u011fru seyretti\u011fini kaydetti. Se\u00e7er, salg\u0131n\u0131n Mersin\u2019deki etkisini \u015fu s\u00f6zlerle de\u011ferlendirdi:<\/p>\n<p>\u201cPandemi ile m\u00fccadele 1,5 y\u0131ld\u0131r vatanda\u015flar\u0131m\u0131za hatta d\u00fcnyada insanl\u0131\u011fa baz\u0131 \u015feyleri \u00f6\u011fretti. Maske, mesafe, hijyen. Bunlara azami \u00f6zen g\u00f6sterilmesi gerekiyor. Mutlaka bu uyar\u0131lara devam edece\u011fiz. \u0130nsanlar\u0131n toplu olarak ya\u015fad\u0131klar\u0131 alanlarda, \u00f6zellikle toplu ta\u015f\u0131ma ara\u00e7lar\u0131nda, insanlar\u0131n bir araya geldi\u011fi kapal\u0131 ortamlarda hijyene dikkat edece\u011fiz. Dezenfeksiyon i\u015flemlerine dikkat edece\u011fiz belediye olarak ki bunlar\u0131 zaten harfiyen ger\u00e7ekle\u015ftiriyoruz ama \u015funu da s\u00f6ylemek istiyorum; bunlar mutlaka yap\u0131lmas\u0131 gereken, al\u0131nmas\u0131 gereken tedbirler ama bu da bir t\u0131bbi kabul; sizin vatanda\u015flar\u0131n\u0131za a\u015f\u0131 yapman\u0131z gerekiyor. N\u00fcfusunuzun b\u00fcy\u00fck bir oran\u0131n\u0131 a\u015f\u0131laman\u0131z gerekiyor. Toplumsal ba\u011f\u0131\u015f\u0131kl\u0131\u011f\u0131 sa\u011flaman\u0131z gerekiyor. Bu sadece T\u00fcrkiye i\u00e7in de\u011fil, b\u00fct\u00fcn uluslar i\u00e7in ge\u00e7erli. Bu konuda bakanl\u0131k son haftalarda \u00f6nemli \u00e7al\u0131\u015fmalar yapt\u0131. Umut ediyorum ba\u015far\u0131yla neticelendirirler, toplumun b\u00fcy\u00fck bir kesimini a\u015f\u0131larlar.\u201d<\/p>\n<p>Vatanda\u015flar\u0131n Kurban Bayram\u0131\u2019n\u0131 kutlayan Ba\u015fkan Se\u00e7er son olarak, \u201cT\u00fcm ulusumuzun, vatanda\u015flar\u0131m\u0131z\u0131n, \u0130slam aleminin m\u00fcbarek bayram\u0131n\u0131 kutluyorum. Bu bayram t\u00fcm insanl\u0131\u011fa in\u015fallah ba\u015fta sa\u011fl\u0131kl\u0131 g\u00fcnler getirsin. Pandemiden kurtuldu\u011fumuz, normalle\u015fti\u011fimiz g\u00fcnler getirsin\u201d dedi.<\/p>\n","protected":false},"excerpt":{"rendered":"<p>Mersin B\u00fcy\u00fck\u015fehir Belediye Ba\u015fkan\u0131 Vahap Se\u00e7er, TV 100 kanal\u0131n\u0131n Haber B\u00fclteni\u2019ne Mersin\u2019den yap\u0131lan canl\u0131 yay\u0131nla konuk oldu. Kurban Bayram\u0131 \u00f6ncesi Mersin\u2019de ya\u015fanan yo\u011funlu\u011fu de\u011ferlendiren Ba\u015fkan Se\u00e7er, bayram boyunca sunacaklar\u0131 hizmetler &hellip; <a href=\"https:\/\/akdenizolaygazetesi.com\/?p=13369\" class=\"more-link\">Devam\u0131n\u0131 Oku&#8230;<\/a><\/p>\n","protected":false},"author":2,"featured_media":13370,"comment_status":"open","ping_status":"open","sticky":false,"template":"","format":"standard","meta":[],"categories":[3,5,6],"tags":[],"_links":{"self":[{"href":"https:\/\/akdenizolaygazetesi.com\/index.php?rest_route=\/wp\/v2\/posts\/13369"}],"collection":[{"href":"https:\/\/akdenizolaygazetesi.com\/index.php?rest_route=\/wp\/v2\/posts"}],"about":[{"href":"https:\/\/akdenizolaygazetesi.com\/index.php?rest_route=\/wp\/v2\/types\/post"}],"author":[{"embeddable":true,"href":"https:\/\/akdenizolaygazetesi.com\/index.php?rest_route=\/wp\/v2\/users\/2"}],"replies":[{"embeddable":true,"href":"https:\/\/akdenizolaygazetesi.com\/index.php?rest_route=%2Fwp%2Fv2%2Fcomments&post=13369"}],"version-history":[{"count":1,"href":"https:\/\/akdenizolaygazetesi.com\/index.php?rest_route=\/wp\/v2\/posts\/13369\/revisions"}],"predecessor-version":[{"id":13371,"href":"https:\/\/akdenizolaygazetesi.com\/index.php?rest_route=\/wp\/v2\/posts\/13369\/revisions\/13371"}],"wp:featuredmedia":[{"embeddable":true,"href":"https:\/\/akdenizolaygazetesi.com\/index.php?rest_route=\/wp\/v2\/media\/13370"}],"wp:attachment":[{"href":"https:\/\/akdenizolaygazetesi.com\/index.php?rest_route=%2Fwp%2Fv2%2Fmedia&parent=13369"}],"wp:term":[{"taxonomy":"category","embeddable":true,"href":"https:\/\/akdenizolaygazetesi.com\/index.php?rest_route=%2Fwp%2Fv2%2Fcategories&post=13369"},{"taxonomy":"post_tag","embeddable":true,"href":"https:\/\/akdenizolaygazetesi.com\/index.php?rest_route=%2Fwp%2Fv2%2Ftags&post=13369"}],"curies":[{"name":"wp","href":"https:\/\/api.w.org\/{rel}","templated":true}]}}