{"id":1337,"date":"2020-11-04T18:21:54","date_gmt":"2020-11-04T15:21:54","guid":{"rendered":"http:\/\/mersinekonomipolitikagazetesi.com\/?p=1337"},"modified":"2020-11-04T18:21:54","modified_gmt":"2020-11-04T15:21:54","slug":"tarhan-halkimizdan-aldigimiz-guven-ve-enerjiyle-basariyoruz","status":"publish","type":"post","link":"https:\/\/akdenizolaygazetesi.com\/?p=1337","title":{"rendered":"Tarhan: &#8220;Halk\u0131m\u0131zdan ald\u0131\u011f\u0131m\u0131z g\u00fcven ve enerjiyle ba\u015far\u0131yoruz&#8221;"},"content":{"rendered":"<p>Mersin&#8217;in merkez il\u00e7e Mezitli Belediye Ba\u015fkan\u0131 Ne\u015fet Tarhan, yo\u011fun \u00e7al\u0131\u015fma temposundan arta kalan zaman\u0131n\u0131 vatanda\u015flarla g\u00f6r\u00fc\u015ferek ge\u00e7iriyor.<\/p>\n<p>Periyodik toplant\u0131larda s\u0131k s\u0131k vatanda\u015flarla bir araya gelen Ba\u015fkan Tarhan, \u00e7o\u011fu zaman il\u00e7ede bulunan vatanda\u015flar\u0131n evlerine \u00e7at kap\u0131 ziyaretlerde bulunuyor. Sabah mesai \u00f6ncesi bisikletiyle Soli Pompeiopolis S\u00fctunlu Yolu&#8217;nda spor yapan Tarhan, tesad\u00fcfen kar\u015f\u0131la\u015ft\u0131\u011f\u0131 Zeynep \u00c7eylani ile sohbet etti. Ayn\u0131 b\u00f6lgede oturdu\u011funu dile getiren \u00c7eylani, Ba\u015fkan Tarhan&#8217;\u0131 evinde misafir etti. Tarhan, evde bulunan \u00e7ocuklar\u0131n sevgi g\u00f6sterisiyle kar\u015f\u0131land\u0131. Daha sonra Tarhan evin minik \u00e7ocuklar\u0131 Habil ve Taha ile keyifli bir sohbet ger\u00e7ekle\u015ftirdi, sevimli \u00e7ocuklara kitap hediye etti. \u00d6te yandan Tarhan hen\u00fcz yeni do\u011fmu\u015f olan sevimli ke\u00e7iler boncuk ve kiraz\u0131 sevdi.<br \/>\nMezitli&#8217;nin her zaman b\u00fcy\u00fck bir aile oldu\u011funu dile getiren Tarhan, &#8220;Vatanda\u015flar\u0131m\u0131zla her f\u0131rsatta g\u00f6r\u00fc\u015f\u00fcyor ve de\u011fer veriyoruz. Mezitli her ge\u00e7en g\u00fcn b\u00fcy\u00fcyor, daha huzurlu ve mutlu bir hale geliyor. Bunu halk\u0131m\u0131zdan alm\u0131\u015f oldu\u011fumuz g\u00fcven ve enerjiyle ba\u015far\u0131yoruz. Halk\u0131m\u0131zla kurmu\u015f oldu\u011fumuz birlik ve karde\u015flik duygusunu her ge\u00e7en g\u00fcn daha da art\u0131yoruz. \u0130l\u00e7emizde bulunan herkesle g\u00f6r\u00fc\u015f\u00fcyor, g\u00f6n\u00fclden g\u00f6n\u00fclle ileti\u015fim kuruyoruz. \u0130l\u00e7emizde yapm\u0131\u015f oldu\u011fumuz hizmetlerin geri d\u00f6n\u00fc\u015f\u00fcm\u00fcn\u00fc, halk\u0131m\u0131z\u0131n bizlere g\u00f6stermi\u015f oldu\u011fu g\u00fcler y\u00fcz\u00fc ve samimiyetiyle al\u0131yoruz. T\u0131pk\u0131 Zeynep \u00c7eylani&#8217;nin bizleri evine davet ederek, aile fertleriyle tan\u0131\u015ft\u0131rmas\u0131, kendi elleriyle yapm\u0131\u015f oldu\u011fu so\u011fuk ayran ikram etmesi gibi. Buda bizi gururland\u0131r\u0131yor, g\u00fc\u00e7lendiriyor ve moral veriyor. \u00c7eylani ile tesad\u00fcfen kar\u015f\u0131la\u015ft\u0131m ve b\u00fcy\u00fck bir samimiyetle bizleri evine davet etti. Tabi ki iste\u011fini geri \u00e7evirmedim. \u00c7ocuklar\u0131 Habil ve Taha ile sohbet ettik oyunlar oynad\u0131k. Evlerinin bisiklet yoluna yak\u0131n oldu\u011fundan dolay\u0131 bizlerden bisiklet isteyen \u00c7eylani ailesinin iste\u011fini yerine getirdik. G\u00f6stermi\u015f olduklar\u0131 misafirperverli\u011finden dolay\u0131 \u00e7ok te\u015fekk\u00fcr ediyorum&#8221; dedi.<br \/>\nDaha \u00f6nce kimsenin evini ziyaret etmedi\u011fini ve bundan dolay\u0131 \u00e7ok mutlu oldu\u011funu dile getiren Zeynep \u00c7eylani ise &#8220;Ba\u015fkan\u0131m\u0131zla tesad\u00fcfen yolda kar\u015f\u0131la\u015ft\u0131k. Bisiklet s\u00fcr\u00fcyordu beni g\u00f6r\u00fcnce hemen selam verdi. S\u00fcrekli foto\u011fraflardan g\u00f6r\u00fcyorduk kendisini. \u00c7ok sempatik ve g\u00fcler y\u00fczl\u00fc oldu\u011fu i\u00e7in bende \u00e7ekinmeden evimize ayran i\u00e7meye davet ettim. Sa\u011f olsun oda beni k\u0131rmad\u0131. Daha \u00f6nce evimizi muhtar bile ziyaret etmezken Belediye Ba\u015fkan\u0131m\u0131z ziyaret etti. E\u015fimle tan\u0131\u015ft\u0131 \u00e7ocuklar\u0131mla sohbet etti. \u015eu an \u00e7ok mutluyum. Kendi ellerimle yapt\u0131\u011f\u0131m ayran\u0131 i\u00e7ti. Evimize ne\u015fe katt\u0131. Kendisinden bisiklet istedik. Talebimizi an\u0131nda yerine getirdi. Yapt\u0131\u011f\u0131 \u00e7al\u0131\u015fmalar\u0131 b\u00fcy\u00fck bir be\u011feniyle takip ediyorduk zaten. \u015eimdide do\u011frudan tan\u0131\u015fma f\u0131rsat\u0131m\u0131z oldu. \u00c7ok memnun oldum&#8221; diye konu\u015ftu.<\/p>\n","protected":false},"excerpt":{"rendered":"<p>Mersin&#8217;in merkez il\u00e7e Mezitli Belediye Ba\u015fkan\u0131 Ne\u015fet Tarhan, yo\u011fun \u00e7al\u0131\u015fma temposundan arta kalan zaman\u0131n\u0131 vatanda\u015flarla g\u00f6r\u00fc\u015ferek ge\u00e7iriyor. Periyodik toplant\u0131larda s\u0131k s\u0131k vatanda\u015flarla bir araya gelen Ba\u015fkan Tarhan, \u00e7o\u011fu zaman il\u00e7ede &hellip; <a href=\"https:\/\/akdenizolaygazetesi.com\/?p=1337\" class=\"more-link\">Devam\u0131n\u0131 Oku&#8230;<\/a><\/p>\n","protected":false},"author":1,"featured_media":0,"comment_status":"open","ping_status":"open","sticky":false,"template":"","format":"standard","meta":[],"categories":[],"tags":[],"_links":{"self":[{"href":"https:\/\/akdenizolaygazetesi.com\/index.php?rest_route=\/wp\/v2\/posts\/1337"}],"collection":[{"href":"https:\/\/akdenizolaygazetesi.com\/index.php?rest_route=\/wp\/v2\/posts"}],"about":[{"href":"https:\/\/akdenizolaygazetesi.com\/index.php?rest_route=\/wp\/v2\/types\/post"}],"author":[{"embeddable":true,"href":"https:\/\/akdenizolaygazetesi.com\/index.php?rest_route=\/wp\/v2\/users\/1"}],"replies":[{"embeddable":true,"href":"https:\/\/akdenizolaygazetesi.com\/index.php?rest_route=%2Fwp%2Fv2%2Fcomments&post=1337"}],"version-history":[{"count":0,"href":"https:\/\/akdenizolaygazetesi.com\/index.php?rest_route=\/wp\/v2\/posts\/1337\/revisions"}],"wp:attachment":[{"href":"https:\/\/akdenizolaygazetesi.com\/index.php?rest_route=%2Fwp%2Fv2%2Fmedia&parent=1337"}],"wp:term":[{"taxonomy":"category","embeddable":true,"href":"https:\/\/akdenizolaygazetesi.com\/index.php?rest_route=%2Fwp%2Fv2%2Fcategories&post=1337"},{"taxonomy":"post_tag","embeddable":true,"href":"https:\/\/akdenizolaygazetesi.com\/index.php?rest_route=%2Fwp%2Fv2%2Ftags&post=1337"}],"curies":[{"name":"wp","href":"https:\/\/api.w.org\/{rel}","templated":true}]}}