{"id":13372,"date":"2021-07-18T12:22:58","date_gmt":"2021-07-18T09:22:58","guid":{"rendered":"http:\/\/akdenizolaygazetesi.com\/?p=13372"},"modified":"2021-07-18T12:22:58","modified_gmt":"2021-07-18T09:22:58","slug":"buyuksehirden-vefa-ve-eglence-dolu-bayram-kutlamasi","status":"publish","type":"post","link":"https:\/\/akdenizolaygazetesi.com\/?p=13372","title":{"rendered":"B\u00dcY\u00dcK\u015eEH\u0130R\u2019DEN \u201cVEFA\u201d VE \u201cE\u011eLENCE\u201d DOLU BAYRAM KUTLAMASI"},"content":{"rendered":"<p>Mersin B\u00fcy\u00fck\u015fehir Belediyesi Engelliler ve Sa\u011fl\u0131k Hizmetleri Dairesi\u2019nin Engelsiz Ya\u015fam Park\u0131\u2019nda d\u00fczenledi\u011fi \u201cNesiller Payla\u015ft\u0131k\u00e7a Bayram Olur\u201d etkinli\u011fine \u00f6zel bireyler ve ya\u015f alm\u0131\u015flardan olu\u015fan toplam 50 ki\u015fi kat\u0131ld\u0131. Kurban Bayram\u0131\u2019na \u00f6zel d\u00fczenlenen etkinlikte ku\u015faklar aras\u0131 payla\u015f\u0131m sa\u011fland\u0131.<\/p>\n<p>Evlerinden tek tek al\u0131n\u0131p etkinli\u011fe getirildiler<\/p>\n<p>B\u00fcy\u00fck\u015fehir\u2019in Ya\u015fl\u0131 Destek Birimi\u2019nden hizmet alan ya\u015f alm\u0131\u015f vatanda\u015flar, evlerinden tek tek al\u0131narak Engelsiz Ya\u015fam Park\u0131\u2019na getirildi. Ak\u00fcl\u00fc sandalye kullanan bireylerin ise engelli transfer ara\u00e7lar\u0131yla ula\u015f\u0131mlar\u0131 sa\u011fland\u0131. Engelsiz Ya\u015fam Park\u0131\u2019ndan yararlanan \u00f6zel bireylerin de yer ald\u0131\u011f\u0131 etkinlik a\u00e7\u0131k alanda pandemi tedbirleri g\u00f6zetilerek ger\u00e7ekle\u015fti. \u00d6zel bireylerin \u2018bayram\u2019 temal\u0131 \u015fiirler okumas\u0131yla ba\u015flayan etkinlik, Naciye \u00c7akmak\u2019\u0131n solistli\u011fini yapt\u0131\u011f\u0131 NABA Akustik\u2019in konseriyle s\u00fcrd\u00fc. \u00c7akmak\u2019\u0131n s\u00f6yledi\u011fi \u015fark\u0131lar e\u015fli\u011finde dans eden ya\u015f alm\u0131\u015f ve \u00f6zel bireyler mikrofon alarak \u015fark\u0131lara e\u015flik etti.<\/p>\n<p>Pasta kesilirken Serdar Can\u2019\u0131n ya\u015f g\u00fcn\u00fc de unutulmad\u0131<\/p>\n<p>Eski bayramlar\u0131 hat\u0131rlatan etkinlikte, balonlarla s\u00fcslenen alan, ku\u015faklar\u0131n mutlulu\u011funa ev sahipli\u011fi yapt\u0131. Yiyecek ve i\u00e7ecek ikramlar\u0131yla s\u00fcren etkinlikte pasta da kesildi. Pastan\u0131n \u00fczerindeki mumlar\u0131 s\u00f6nd\u00fcren misafirler, ayn\u0131 g\u00fcn 26 ya\u015f\u0131na giren otizmli Serdar Can\u2019\u0131n da do\u011fum g\u00fcn\u00fcn\u00fc kutlad\u0131. \u201c\u0130yi ki do\u011fdun\u201d s\u00f6zlerini duyan Serdar Can, \u201cHepinizi \u00e7ok seviyorum\u201d derken, annesi H\u00fclya \u00d6nder ise mutluluk g\u00f6zya\u015flar\u0131na hakim olamad\u0131. Serdar Can, yeni ya\u015f g\u00fcn\u00fcndeki hislerini, \u201cDo\u011fum g\u00fcn\u00fcn\u00fc kutlad\u0131k, pasta yedik, kola i\u00e7tik. Mutlu oldum. Amcalar\u0131, teyzeleri seviyorum\u201d c\u00fcmleleriyle dile getirdi.<\/p>\n<p>Pasta kesiminin ard\u0131ndan \u00f6zel bireyler, ya\u015f alm\u0131\u015f vatanda\u015flar\u0131n ellerini \u00f6perek bayramlar\u0131n\u0131 kutlad\u0131. B\u00fcy\u00fck\u015fehir\u2019in d\u00fczenledi\u011fi etkinli\u011fin ard\u0131ndan misafirlere unutamayacaklar\u0131 bir an\u0131 ve o g\u00fcne ait bir foto\u011fraf kald\u0131.<\/p>\n<p>\u201cKu\u015faklararas\u0131 ili\u015fkilerin \u00f6nemini vurgulamak istedik\u201d<\/p>\n<p>B\u00fcy\u00fck\u015fehir Belediyesi Ya\u015fl\u0131 Destek Birimi\u2019nde g\u00f6revli Gerontolog Cihan Tanr\u0131verdi, yapt\u0131klar\u0131 etkinli\u011fin amac\u0131ndan bahsederek, \u015funlar\u0131 s\u00f6yledi:<\/p>\n<p>\u201cKu\u015faklar aras\u0131 ili\u015fkilerin \u00f6nemini vurgulamak istedik. Bug\u00fcn yapt\u0131\u011f\u0131m\u0131z etkinlikte ya\u015f alm\u0131\u015f vatanda\u015flar\u0131m\u0131z ge\u00e7mi\u015flerine bakt\u0131lar. \u00d6zel \u00e7ocuklar\u0131m\u0131z ise geleceklerini g\u00f6rd\u00fcler. Ya\u015fl\u0131lar\u0131m\u0131z, \u00e7ocuklar\u0131m\u0131z \u00e7ok mutlu. Bizler de \u00e7ok mutluyuz.  Ya\u015f alm\u0131\u015f vatanda\u015flarla \u00f6zel \u00e7ocuklar\u0131 bir araya getirdi\u011fimizde kayna\u015fabiliyorlar. Birbirlerine bir\u00e7ok konuda aktar\u0131m yapabiliyorlar.\u201d<\/p>\n<p>\u201cBen bu ya\u015f\u0131ma geldim, g\u00fclmedim\u201d<\/p>\n<p>80 ya\u015f\u0131ndaki Cevat Kapkin, ya\u015f alm\u0131\u015flara sunulan hizmetlerle ilgili, \u201c\u015eimdiye kadar gelmi\u015f ge\u00e7mi\u015f belediyeler b\u00f6yle bir imkan tan\u0131mad\u0131\u201d dedi. Ba\u015fkan Vahap Se\u00e7er\u2019in kendilerine olan ilgisinden ve etkinlikten memnun kald\u0131\u011f\u0131n\u0131 s\u00f6zlerine ekleyen Kapkin, \u201cAllah bu adam\u0131 ba\u015f\u0131m\u0131zdan eksik etmesin. Devaml\u0131 da kals\u0131n. Her \u015fey g\u00fczel. Burada ne e\u011flenceler, ne z\u0131plamalar, ne oynamalar\u2026 Her \u015fey d\u00f6rt d\u00f6rtl\u00fck. Ben bu ya\u015f\u0131ma geldim, g\u00fclmedim. Ben bu belediye geldi\u011finden beri g\u00fcl\u00fcyorum. \u00c7ocuklar c\u0131v\u0131l c\u0131v\u0131l, herkes c\u0131v\u0131l c\u0131v\u0131l. Buraya gelmemizin \u00e7ok g\u00fczel bir anlam\u0131 var. \u015euraya bak, b\u00fct\u00fcn insanlar burada. Bundan iyisi can sa\u011fl\u0131\u011f\u0131\u201d ifadelerine yer verdi.<\/p>\n<p>\u201cBundan daha g\u00fczel bayram olur mu?\u201d<\/p>\n<p>74 ya\u015f\u0131ndaki Latife Seyrek de \u00f6zellikle salg\u0131n s\u00fcrecinde B\u00fcy\u00fck\u015fehir\u2019den b\u00fcy\u00fck destek g\u00f6rd\u00fcklerini vurgulayarak, \u201c\u2018Nesiller Payla\u015ft\u0131k\u00e7a Bayram Olur\u2019 yaz\u0131s\u0131 benim \u00e7ok ho\u015fuma gitti. \u0130\u015fte bug\u00fcn, benim i\u00e7in bayram. Bir hafta sonra, on g\u00fcn sonra bayram olmu\u015f, neyime? \u0130\u015fte bayram budur. \u00c7ok mutlu oldum ve \u00e7ok takdir ettim. Ba\u015fkan\u0131m\u0131za \u00e7ok te\u015fekk\u00fcr ederim. Buradaki \u00e7ocuklar\u0131m\u0131z bu etkinli\u011fe kat\u0131ld\u0131lar ve \u00e7ok mutlular. Bunlar\u0131 mutlu etmek i\u00e7in Ba\u015fkan\u0131m\u0131z u\u011fra\u015fm\u0131\u015f. Allah bin kere raz\u0131 olsun. G\u0131dam\u0131z\u0131 ald\u0131k, ayran\u0131m\u0131z\u0131 i\u00e7tik, b\u00f6re\u011fimizi yedik. M\u00fczik vard\u0131, e\u011flendik. Bundan daha g\u00fczel bayram olur mu?\u201d dedi.<\/p>\n<p>\u201c\u015eiirler okuduk, dans ettik\u201d<\/p>\n<p>\u00d6zel bireylerden 16 ya\u015f\u0131ndaki Velat Kaplan da bir arada olmaktan duydu\u011fu mutlulu\u011fu, \u201c\u015eiirler okuduk, dans ettik. Amcalar\u0131m\u0131z, teyzelerimiz buraya geldi. Sevindik. Onlar da sevindi. M\u00fczik \u00e7al\u0131yor, bayram kutluyoruz\u201d c\u00fcmleleriyle dile getirdi.<\/p>\n","protected":false},"excerpt":{"rendered":"<p>Mersin B\u00fcy\u00fck\u015fehir Belediyesi Engelliler ve Sa\u011fl\u0131k Hizmetleri Dairesi\u2019nin Engelsiz Ya\u015fam Park\u0131\u2019nda d\u00fczenledi\u011fi \u201cNesiller Payla\u015ft\u0131k\u00e7a Bayram Olur\u201d etkinli\u011fine \u00f6zel bireyler ve ya\u015f alm\u0131\u015flardan olu\u015fan toplam 50 ki\u015fi kat\u0131ld\u0131. Kurban Bayram\u0131\u2019na \u00f6zel &hellip; <a href=\"https:\/\/akdenizolaygazetesi.com\/?p=13372\" class=\"more-link\">Devam\u0131n\u0131 Oku&#8230;<\/a><\/p>\n","protected":false},"author":2,"featured_media":13373,"comment_status":"open","ping_status":"open","sticky":false,"template":"","format":"standard","meta":[],"categories":[34,1,3,5],"tags":[],"_links":{"self":[{"href":"https:\/\/akdenizolaygazetesi.com\/index.php?rest_route=\/wp\/v2\/posts\/13372"}],"collection":[{"href":"https:\/\/akdenizolaygazetesi.com\/index.php?rest_route=\/wp\/v2\/posts"}],"about":[{"href":"https:\/\/akdenizolaygazetesi.com\/index.php?rest_route=\/wp\/v2\/types\/post"}],"author":[{"embeddable":true,"href":"https:\/\/akdenizolaygazetesi.com\/index.php?rest_route=\/wp\/v2\/users\/2"}],"replies":[{"embeddable":true,"href":"https:\/\/akdenizolaygazetesi.com\/index.php?rest_route=%2Fwp%2Fv2%2Fcomments&post=13372"}],"version-history":[{"count":1,"href":"https:\/\/akdenizolaygazetesi.com\/index.php?rest_route=\/wp\/v2\/posts\/13372\/revisions"}],"predecessor-version":[{"id":13374,"href":"https:\/\/akdenizolaygazetesi.com\/index.php?rest_route=\/wp\/v2\/posts\/13372\/revisions\/13374"}],"wp:featuredmedia":[{"embeddable":true,"href":"https:\/\/akdenizolaygazetesi.com\/index.php?rest_route=\/wp\/v2\/media\/13373"}],"wp:attachment":[{"href":"https:\/\/akdenizolaygazetesi.com\/index.php?rest_route=%2Fwp%2Fv2%2Fmedia&parent=13372"}],"wp:term":[{"taxonomy":"category","embeddable":true,"href":"https:\/\/akdenizolaygazetesi.com\/index.php?rest_route=%2Fwp%2Fv2%2Fcategories&post=13372"},{"taxonomy":"post_tag","embeddable":true,"href":"https:\/\/akdenizolaygazetesi.com\/index.php?rest_route=%2Fwp%2Fv2%2Ftags&post=13372"}],"curies":[{"name":"wp","href":"https:\/\/api.w.org\/{rel}","templated":true}]}}