{"id":13379,"date":"2021-07-19T16:54:10","date_gmt":"2021-07-19T13:54:10","guid":{"rendered":"http:\/\/akdenizolaygazetesi.com\/?p=13379"},"modified":"2021-07-19T16:54:10","modified_gmt":"2021-07-19T13:54:10","slug":"30-noktada-kesim-3-noktada-satis-yerlerimiz-hazir","status":"publish","type":"post","link":"https:\/\/akdenizolaygazetesi.com\/?p=13379","title":{"rendered":"\u201c30 noktada kesim, 3 noktada sat\u0131\u015f yerlerimiz haz\u0131r\u201d"},"content":{"rendered":"<p>Akdeniz Belediyesi, vatanda\u015flar\u0131n huzur dolu bir bayram ge\u00e7irmeleri dolay\u0131s\u0131yla gereken t\u00fcm tedbirleri ald\u0131. Ba\u015fkan G\u00fcltak, \u201c30 noktada \u00fccretsiz kesim ve 3 noktada sat\u0131\u015f yeri bayram boyunca halk\u0131m\u0131z\u0131n hizmetinde olacak. Salg\u0131n sebebiyle \u00f6nlemlerimizi ald\u0131k. Her \u015fey Akdeniz\u2019in huzur ve mutlulu\u011fu i\u00e7in\u201d dedi.<br \/>\n\u201c30 noktada kesim, 3 noktada sat\u0131\u015f yerlerimiz haz\u0131r\u201d<br \/>\nKurban Bayram\u0131 i\u00e7in gerekli t\u00fcm haz\u0131rl\u0131klar\u0131n yap\u0131ld\u0131\u011f\u0131n\u0131 belirten Akdeniz Belediye Ba\u015fkan\u0131 M. Mustafa G\u00fcltak; \u201cAkdeniz\u2019de \u00fccretsiz kurban kesim ve sat\u0131\u015f yerlerini halk\u0131m\u0131z\u0131n hizmetine a\u00e7\u0131yoruz. Bayram boyunca dini vecibelerini yerine getirmek isteyen vatanda\u015flar\u0131m\u0131z i\u00e7in, sa\u011fl\u0131k ve hijyen ko\u015fullar\u0131na uygun 30 ayr\u0131 noktada kurban kesim yeri ile 3 noktada kurban sat\u0131\u015f alan\u0131 haz\u0131rlad\u0131k. T\u00fcm bu noktalara belediyemizin web sitesinden ve sosyal medya hesaplar\u0131ndan eri\u015febilirsiniz\u201d diye konu\u015ftu.<br \/>\n\u201cBir daha asla ayr\u0131 kalmayaca\u011f\u0131m\u0131z bayramlar ya\u015fayal\u0131m\u201d<br \/>\nBayram namaz\u0131 sonras\u0131 vatanda\u015flara s\u0131cak \u00e7orba ikram edilece\u011fini de s\u00f6zlerine ekleyen Ba\u015fkan G\u00fcltak, \u201cMalumunuz; t\u00fcm d\u00fcnyay\u0131 etkisi alt\u0131na alan Koronavir\u00fcs salg\u0131n\u0131ndan dolay\u0131 sevdiklerimizden ayr\u0131 d\u00fc\u015ft\u00fck. Bu s\u00fcre\u00e7 bizlere birlik ve beraberlik duygusunun ne kadar \u00f6nemli oldu\u011funu bir kez daha hat\u0131rlatt\u0131. Temennimiz bir daha asla ayr\u0131 kalmayaca\u011f\u0131m\u0131z nice bayramlar\u0131m\u0131z\u0131n olmas\u0131d\u0131r. Vatanda\u015flar\u0131m\u0131zdan ricam\u0131z da bu salg\u0131n s\u00fcrecinde tedbiri asla elden b\u0131rakmamalar\u0131d\u0131r\u201d dedi.<br \/>\n\u201cDo\u011faya zarar\u0131 olmayan po\u015fetlerle hizmetimiz s\u00fcrecek\u201d<br \/>\nBa\u015fkan G\u00fcltak; belediye olarak salg\u0131na ili\u015fkin \u00f6nlemleri de ald\u0131klar\u0131n\u0131 vurgu yaparak; \u201cZab\u0131ta M\u00fcd\u00fcrl\u00fc\u011f\u00fcm\u00fcze ba\u011fl\u0131 ekip arkada\u015flar\u0131m\u0131z noktalarda ate\u015f \u00f6l\u00e7er ile kontroll\u00fc \u015fekilde vatanda\u015flar\u0131m\u0131za yard\u0131mc\u0131 olmaya devam edecek. Maske, mesafe, hijyen denetimleri t\u00fcm alanlarda sa\u011flanm\u0131\u015f durumda.<br \/>\n\u00d6te yandan kentimizin s\u0131cak olmas\u0131 sebebiyle vatanda\u015flar\u0131m\u0131z; haz\u0131rlad\u0131\u011f\u0131m\u0131z \u00e7ad\u0131rlar\u0131n alt\u0131nda bekleyebilecek ve 10&#8217;ar ki\u015filik gruplar halinde kesim alanlar\u0131na dahil olabilecekler. Do\u011faya zarar\u0131 olmayan po\u015fetlerle de kurban kesimi sonras\u0131 vatanda\u015f\u0131m\u0131za hizmetimiz s\u00fcrecek\u201d \u015feklinde konu\u015ftu.<br \/>\n\u201cBayramlar, kucakla\u015fmak i\u00e7in \u00f6nemli f\u0131rsatlard\u0131r\u201d<br \/>\nBayramlar\u0131n; darg\u0131nl\u0131k ve k\u0131rg\u0131nl\u0131klar\u0131n unutuldu\u011fu, birlik ve daha s\u0131k\u0131 kucakla\u015fmak i\u00e7in \u00e7ok \u00f6nemli bir f\u0131rsat oldu\u011funa i\u015faret eden Ba\u015fkan G\u00fcltak; s\u00f6zlerini \u015f\u00f6yle tamamlad\u0131; \u201cB\u00f6ylesi \u00f6nemli g\u00fcnlerde bizi biz yapan milli ve manevi de\u011ferlerimiz etraf\u0131nda bir olmal\u0131y\u0131z. Bu duygu ve d\u00fc\u015f\u00fcncelerle; ba\u015fta sayg\u0131de\u011fer \u015eehit Ailelerimiz; Akdeniz ve Mersinli vatanda\u015flar\u0131m\u0131z olmak \u00fczere, t\u00fcm T\u00fcrkiye&#8217;nin ve \u0130slam \u00c2lemi\u2019nin m\u00fcbarek Kurban Bayram\u0131&#8217;n\u0131 en kalbi duygular\u0131mla tebrik eder; bayram\u0131m\u0131z\u0131n; b\u00fct\u00fcn insanl\u0131\u011fa bar\u0131\u015f, huzur, karde\u015flik ve ho\u015fg\u00f6r\u00fc getirmesini temenni ederim.\u201d <\/p>\n","protected":false},"excerpt":{"rendered":"<p>Akdeniz Belediyesi, vatanda\u015flar\u0131n huzur dolu bir bayram ge\u00e7irmeleri dolay\u0131s\u0131yla gereken t\u00fcm tedbirleri ald\u0131. Ba\u015fkan G\u00fcltak, \u201c30 noktada \u00fccretsiz kesim ve 3 noktada sat\u0131\u015f yeri bayram boyunca halk\u0131m\u0131z\u0131n hizmetinde olacak. Salg\u0131n &hellip; <a href=\"https:\/\/akdenizolaygazetesi.com\/?p=13379\" class=\"more-link\">Devam\u0131n\u0131 Oku&#8230;<\/a><\/p>\n","protected":false},"author":2,"featured_media":13380,"comment_status":"open","ping_status":"open","sticky":false,"template":"","format":"standard","meta":[],"categories":[34,1,3,5],"tags":[],"_links":{"self":[{"href":"https:\/\/akdenizolaygazetesi.com\/index.php?rest_route=\/wp\/v2\/posts\/13379"}],"collection":[{"href":"https:\/\/akdenizolaygazetesi.com\/index.php?rest_route=\/wp\/v2\/posts"}],"about":[{"href":"https:\/\/akdenizolaygazetesi.com\/index.php?rest_route=\/wp\/v2\/types\/post"}],"author":[{"embeddable":true,"href":"https:\/\/akdenizolaygazetesi.com\/index.php?rest_route=\/wp\/v2\/users\/2"}],"replies":[{"embeddable":true,"href":"https:\/\/akdenizolaygazetesi.com\/index.php?rest_route=%2Fwp%2Fv2%2Fcomments&post=13379"}],"version-history":[{"count":1,"href":"https:\/\/akdenizolaygazetesi.com\/index.php?rest_route=\/wp\/v2\/posts\/13379\/revisions"}],"predecessor-version":[{"id":13381,"href":"https:\/\/akdenizolaygazetesi.com\/index.php?rest_route=\/wp\/v2\/posts\/13379\/revisions\/13381"}],"wp:featuredmedia":[{"embeddable":true,"href":"https:\/\/akdenizolaygazetesi.com\/index.php?rest_route=\/wp\/v2\/media\/13380"}],"wp:attachment":[{"href":"https:\/\/akdenizolaygazetesi.com\/index.php?rest_route=%2Fwp%2Fv2%2Fmedia&parent=13379"}],"wp:term":[{"taxonomy":"category","embeddable":true,"href":"https:\/\/akdenizolaygazetesi.com\/index.php?rest_route=%2Fwp%2Fv2%2Fcategories&post=13379"},{"taxonomy":"post_tag","embeddable":true,"href":"https:\/\/akdenizolaygazetesi.com\/index.php?rest_route=%2Fwp%2Fv2%2Ftags&post=13379"}],"curies":[{"name":"wp","href":"https:\/\/api.w.org\/{rel}","templated":true}]}}